{"id":11596,"date":"2024-04-23T11:23:19","date_gmt":"2024-04-23T11:23:19","guid":{"rendered":"http:\/\/revistalaneta.com.mx\/?p=11596"},"modified":"2024-04-23T11:23:40","modified_gmt":"2024-04-23T11:23:40","slug":"responden-ciudadanos-a-campana-de-iliana-medina-en-el-distrito-2","status":"publish","type":"post","link":"http:\/\/revistalaneta.com.mx\/?p=11596","title":{"rendered":"Responden ciudadanos a campa\u00f1a de Iliana Medina en el Distrito 2"},"content":{"rendered":"\n<p><\/p>\n\n\n\n<p>Nuevo Laredo, Tamps.- Ante un clima adverso que sorprendi\u00f3 a la gente con fr\u00edo y lluvia, este domingo Iliana Medina Garc\u00eda, candidata a la Diputaci\u00f3n Local por el Distrito 2 de la Coalici\u00f3n &#8220;Fuerza y Coraz\u00f3n por M\u00e9xico, obtuvo una respuesta favorable durante su campa\u00f1a de pega de calcoman\u00edas y microperforados en autom\u00f3viles.<\/p>\n\n\n\n<p>El contingente blanquiazul se instal\u00f3 en el crucero de 15 de Septiembre y Reforma, donde familias que transitaban por el crucero saludaron afectivamente a la candidata del Distrito 2 y escucharon atentos sus propuestas que llevar\u00e1 al Congreso del Estado, de resultar favorecida con el voto de los ciudadanos este 2 de junio.<\/p>\n\n\n\n<p>Iliana Medina les asegur\u00f3 que ser\u00e1 la voz que represente a los diversos sectores de la sociedad ante el Congreso del Estado, adem\u00e1s de ser una aliada para la presidencia municipal, mediante la gesti\u00f3n de recursos estatales para la realizaci\u00f3n de obras en esta frontera.<\/p>\n\n\n\n<p>&#8220;Desde ah\u00ed vamos a impulsar a la presidenta municipal con todas las gestiones que se deben hacer para que Nuevo Laredo tenga ya el transporte p\u00fablico que merece, acorde a la situaci\u00f3n que se vive en la ciudad y tambi\u00e9n en los diferentes programas que est\u00e1 ciudad necesita&#8221;, afirm\u00f3.<\/p>\n","protected":false},"excerpt":{"rendered":"<p>Nuevo Laredo, Tamps.- Ante un clima adverso que sorprendi\u00f3 a la gente con fr\u00edo y lluvia, este domingo Iliana Medina Garc\u00eda, candidata a la Diputaci\u00f3n Local por el Distrito 2 &hellip; <a href=\"http:\/\/revistalaneta.com.mx\/?p=11596\" class=\"more-link\">Leer m\u00e1s<\/a><\/p>\n","protected":false},"author":1,"featured_media":11595,"comment_status":"open","ping_status":"open","sticky":false,"template":"","format":"standard","meta":{"footnotes":""},"categories":[4],"tags":[],"class_list":["post-11596","post","type-post","status-publish","format-standard","has-post-thumbnail","hentry","category-nuevo-laredo","entry"],"_links":{"self":[{"href":"http:\/\/revistalaneta.com.mx\/index.php?rest_route=\/wp\/v2\/posts\/11596","targetHints":{"allow":["GET"]}}],"collection":[{"href":"http:\/\/revistalaneta.com.mx\/index.php?rest_route=\/wp\/v2\/posts"}],"about":[{"href":"http:\/\/revistalaneta.com.mx\/index.php?rest_route=\/wp\/v2\/types\/post"}],"author":[{"embeddable":true,"href":"http:\/\/revistalaneta.com.mx\/index.php?rest_route=\/wp\/v2\/users\/1"}],"replies":[{"embeddable":true,"href":"http:\/\/revistalaneta.com.mx\/index.php?rest_route=%2Fwp%2Fv2%2Fcomments&post=11596"}],"version-history":[{"count":1,"href":"http:\/\/revistalaneta.com.mx\/index.php?rest_route=\/wp\/v2\/posts\/11596\/revisions"}],"predecessor-version":[{"id":11597,"href":"http:\/\/revistalaneta.com.mx\/index.php?rest_route=\/wp\/v2\/posts\/11596\/revisions\/11597"}],"wp:featuredmedia":[{"embeddable":true,"href":"http:\/\/revistalaneta.com.mx\/index.php?rest_route=\/wp\/v2\/media\/11595"}],"wp:attachment":[{"href":"http:\/\/revistalaneta.com.mx\/index.php?rest_route=%2Fwp%2Fv2%2Fmedia&parent=11596"}],"wp:term":[{"taxonomy":"category","embeddable":true,"href":"http:\/\/revistalaneta.com.mx\/index.php?rest_route=%2Fwp%2Fv2%2Fcategories&post=11596"},{"taxonomy":"post_tag","embeddable":true,"href":"http:\/\/revistalaneta.com.mx\/index.php?rest_route=%2Fwp%2Fv2%2Ftags&post=11596"}],"curies":[{"name":"wp","href":"https:\/\/api.w.org\/{rel}","templated":true}]}}