{"id":11605,"date":"2024-04-23T11:27:41","date_gmt":"2024-04-23T11:27:41","guid":{"rendered":"http:\/\/revistalaneta.com.mx\/?p=11605"},"modified":"2024-04-23T11:28:21","modified_gmt":"2024-04-23T11:28:21","slug":"llama-americo-a-los-suyos-a-seguir-trabajando-unidos","status":"publish","type":"post","link":"http:\/\/revistalaneta.com.mx\/?p=11605","title":{"rendered":"LLAMA AM\u00c9RICO A LOS SUYOS, A SEGUIR TRABAJANDO UNIDOS"},"content":{"rendered":"\n<p><br>Seguir trabajando unidos, y responder a la confianza de los tamaulipecos, fue el llamado que hizo el gobernador Am\u00e9rico Villarreal Anaya a los funcionarios de su gobierno, esto durante la ceremonia c\u00edvica de Honores a la Bandera celebrada este lunes en el Centro Estatal de Evaluaci\u00f3n y Control de Confianza. En el evento el mandatario tamaulipeco lament\u00f3 los recientes hechos sucedidos en El Mante, destacando que ninguno de los par\u00e1metros evaluados diariamente en las Mesas de Coordinaci\u00f3n de Paz, mostraban alg\u00fan riesgo en dicha poblaci\u00f3n, en donde durante los \u00faltimos cuatro meses no se hab\u00edan presentado ni homicidios dolosos, feminicidios o secuestros. Asimismo Villarreal Anaya hizo notar que los indicadores de la estrategia de seguridad en Tamaulipas se\u00f1alan que el rumbo que se lleva es correcto, e hizo \u00e9nfasis en que todos dentro de su gobierno se est\u00e1n esforzado por tener una buena administraci\u00f3n y brindarle seguridad a los tamaulipecos.<\/p>\n\n\n\n<p>NO PIDI\u00d3 SEGURIDAD NO\u00c9 RAMOS<br \/>Ni No\u00e9 Ramos Ferretiz, ni el Partido Acci\u00f3n Nacional (PAN), presentaron requerimiento de seguridad ante la autoridad electoral, asegur\u00f3 el presidente del Instituto Electoral de Tamaulipas, Juan Jos\u00e9 Ramos Charre. El encargado del proceso electoral en la entidad hizo tal aclaraci\u00f3n, luego de que en algunos medios de comunicaci\u00f3n nacionales se vertiera informaci\u00f3n de que s\u00ed se hab\u00eda solicitado seguridad en la campa\u00f1a del fallecido candidato a la alcald\u00eda de El Mante, y que se atribuye a dichos de algunos actores pol\u00edticos que lanzan acusaciones a diestra y siniestra, sin fundamento alguno, pero con la firme intenci\u00f3n de lucrar y politizar el artero crimen. Ramos Charre se reuni\u00f3 con representantes de los partidos pol\u00edticos, as\u00ed como con el secretario general de Gobierno, H\u00e9ctor Joel Villegas Gonz\u00e1lez, quien por su parte refrend\u00f3 el compromiso del Gobierno del Estado para garantizar la seguridad de todos los actores pol\u00edticos que participan en el proceso electoral en marcha y coadyuvar de manera coordinada e institucional para lograr unas elecciones en paz y tranquilidad. Asimismo se informa que sigue en aumento la cifra de candidatos que est\u00e1n solicitando seguridad en sus campa\u00f1as pol\u00edticas, pues el \u00faltimo reporte dado a conocer por el propio presidente del IETAM indica que ya suman 21 los abanderados, de los cuales 14 son para alcald\u00edas y siete para diputaciones locales.<\/p>\n\n\n\n<p>ESTE MARTES ESTAR\u00c1 CLAUDIA SHEINBAUM EN TAMAULIPAS<br \/>Este martes 23 de abril, la candidata a la Presidencia de la Rep\u00fablica de la coalici\u00f3n \u201cSigamos Haciendo Historia\u201d, estar\u00e1 de nueva cuenta en Tamaulipas, concretamente al sur del estado. De acuerdo con la agenda de la abanderada de MORENA-PT-PVEM, a las 10 de la ma\u00f1ana estar\u00e1 en Tampico donde tendr\u00e1 un encuentro con medios de comunicaci\u00f3n y posteriormente ir\u00e1 al municipio de Altamira para un evento masivo en la Plaza de la Constituci\u00f3n, a las 12 del mediod\u00eda. De ah\u00ed Claudia Sheinbaum acudir a P\u00e1nuco, Veracruz, donde a las cuatro de la tarde tendr\u00e1 un mitin en la plaza central de dicha poblaci\u00f3n y cerrar\u00e1 sus actividades con un encuentro masivo en Ciudad Valles, San Luis Potos\u00ed, a las siete y media de la tarde.<\/p>\n\n\n\n<p>LAS CAMPA\u00d1AS NLD<br \/>Sigue dando de qu\u00e9 hablar la intensa brigada de impacto que llevaron a cabo los hermanos Carmen Lilia y Carlos Canturosas Villarreal, candidatos de MORENA-PT-PVEM, esto el pasado s\u00e1bado en el crucero de Reforma y Paseo Col\u00f3n, con un gran respaldo de la ciudadan\u00eda\u2026 Makis Gonz\u00e1lez P\u00e9rez, la candidata del MC a la Presidencia de la Rep\u00fablica estuvo el domingo en Matamoros, acompa\u00f1ando en su gira de trabajo al candidato de ese mismo partido a la Presidencia de la Rep\u00fablica, Jorge \u00c1lvarez M\u00e1ynez. Makis sigue sorprendiendo con su buen actuar pol\u00edtico\u2026 Este lunes Yahleel Abdala Carmona, candidata a la Presidencia Municipal por el PAN y el PRI, llev\u00f3 a cabo una brigada con entrega de plantas a la ciudadan\u00eda, esto en el marco del D\u00eda Internacional de la Madre Tierra, a la vez que se comprometi\u00f3 a reforestar Nuevo Laredo.<\/p>\n\n\n\n<p>AVANZA OBRA DE NUEVA CALLE<br \/>Un notable avance lleva la obra de ampliaci\u00f3n del Bulevar Bilbao, entre Escocia y Prolongaci\u00f3n Lago de Chapala, en el fraccionamiento Los Fresnos, y lo cual permitir\u00e1 a los habitantes de la m\u00e1s reciente zona en construcci\u00f3n de dicho sector, tener una nueva salida, justamente hacia la Lago de Chapala, frente a la Preparatoria \u201cJos\u00e9 Vasconcelos\u201d. Se estima que esta importante obra llevada a cabo por el Gobierno Municipal de Nuevo Laredo quede terminada el pr\u00f3ximo mes, e inmediatamente se ponga en funci\u00f3n en beneficio de la comunidad.<\/p>\n\n\n\n<p>REUNI\u00d3N CON LA SECRETARIA DE RELACIONES EXTERIORES<br \/>Autoridades y representantes de la sociedad civil de los Dos Laredos, sostuvieron un encuentro con la secretaria de Relaciones Exteriores del gobierno de M\u00e9xico, Alicia B\u00e1rcena, esto en la vecina ciudad de Laredo, Texas, el pasado fin de semana. A convocatoria del C\u00f3nsul de M\u00e9xico en Laredo, Texas, Juan Carlos Mendoza S\u00e1nchez, estuvieron presente por parte de Nuevo Laredo diversas personalidades, entre ellos el presidente de la Asociaci\u00f3n de Agentes Aduanales de Nuevo Laredo (AAANLD), Jos\u00e9 Ignacio Zaragoza Ambrosi, quien agradeci\u00f3 a la canciller mexicana el apoyo para la expansi\u00f3n del Puente del Comercio Mundial y la construcci\u00f3n de un nuevo cruce ferroviario, a la vez que reiter\u00f3 su petici\u00f3n de apoyo al gobierno federal para el paso de materiales peligrosos por el Puente 3, as\u00ed como la construcci\u00f3n de nuevos cruces internacionales que nos den mayor competitividad. Por su parte la canciller mexicana reafirm\u00f3 su compromiso de apoyar todos los proyectos que requiere Nuevo Laredo y asistir y apoyar a todos los mexicanos que residen en Texas y en todo Estados Unidos.<\/p>\n\n\n\n<p>ALUMNO DE LA UAT VA A TORNEO PANAMERICANO<br \/>Jorge Arturo G\u00f3mez Basilio, alumno de la Facultad de Comercio y Administraci\u00f3n Tampico, de la Universidad Aut\u00f3noma de Tamaulipas (UAT), representar\u00e1 a M\u00e9xico en el Campeonato Panamericano Juvenil de tiro con arco, a celebrarse en San Salvador, del 4 al 13 de mayo. El tamaulipeco obtuvo un lugar en la Secci\u00f3n Nacional de dicho deporte al obtener el segundo lugar en la modalidad de arco compuesto en el torneo nacional juvenil clasificatorio sub-21 celebrado en Tlaxcala. G\u00f3mez Basilio acumul\u00f3 1377 puntos en los cuatro bloques, a una distancia de cincuenta metros, concluyendo s\u00f3lo por debajo del yucateco El\u00edas Reyes, que registr\u00f3 1413 unidades. Buena suerte pues al tamaulipeco en su participaci\u00f3n en el Panamericano.<\/p>\n\n\n\n<p>D\u00cdA MUNDIAL DEL LIBRO<br \/>Este 23 de abril se celebra el D\u00eda Mundial del Libro, cuya fecha naci\u00f3 de la creencia de que en dicho d\u00eda murieron tres de los m\u00e1s grandes escritores de la historia mundial, como lo fueron Miguel de Cervantes Saavedra, William Shakespeare e Inca Garcilaso de la Vega, siendo que solo se tiene el dato real que nom\u00e1s el \u00faltimo muri\u00f3 en esa fecha, pues Cervantes Saavedra muri\u00f3 un 22 de abril de 1616, aunque lo enterraron el 23 de abril, y de Shakespeare nunca se ha podido confirmar que haya muerto dicho d\u00eda, pues aunque unos dicen que s\u00ed, otros dan otra data, pero el caso es que como quiera desde 1995 se conmemora el D\u00eda Mundial del Libro, y por lo tanto es una buena ocasi\u00f3n para fomentar el h\u00e1bito de la lectura, pues quien no lee est\u00e1 condenado a su propia ignorancia.<\/p>\n\n\n\n<p>LO \u00daLTIMO<br \/>Una gran cantidad de juguetes tiene ya la Universidad Aut\u00f3noma de Tamaulipas (UAT) para repartirlos a los chiquitines este pr\u00f3ximo D\u00eda del Ni\u00f1o. La entrega se har\u00e1 en toda la entidad, y correr\u00e1 a cargo de alumnos de los diversos planteles que conforman la m\u00e1xima casa de estudios\u2026 Alumnos de la Universidad Tecnol\u00f3gica de Nuevo Laredo (UTNL) presentaron sus proyectos de fin de cuatrimestre, y la verdad que algunos han resultado muy atractivos, lo cual demuestra que en dicha instituci\u00f3n se imparte una muy buena ense\u00f1anza\u2026 La academia de artes marciales, Dragon Club Fighters represent\u00f3 a Nuevo Laredo en el torneo estatal de Artes Marciales Mixtas, celebrada el pasado domingo en Tampico, logrando traerse 11 medallas de oro, dos de plata y una de bronce, y con ello clasificando al pr\u00f3ximo torneo nacional, donde igualmente se espera que den la sorpresa. \u00a1Enhorabuena!\u2026 Y para finalizar una adivinanza. \u00bfQui\u00e9n es el candidato a regidor de la planilla de MORENA de Nuevo Laredo, que trae molesto al equipo de campa\u00f1a, ya que no est\u00e1 haciendo debidamente la labor de proselitismo en el sector que le ha sido asignado? Nada vale, que el susodicho fue considerado para la reelecci\u00f3n, y ahora sale con que no quiere jalar. Parece que se le olvida que todav\u00eda puede haber cambios en la planilla.<\/p>\n","protected":false},"excerpt":{"rendered":"<p>Seguir trabajando unidos, y responder a la confianza de los tamaulipecos, fue el llamado que hizo el gobernador Am\u00e9rico Villarreal Anaya a los funcionarios de su gobierno, esto durante la &hellip; <a href=\"http:\/\/revistalaneta.com.mx\/?p=11605\" class=\"more-link\">Leer m\u00e1s<\/a><\/p>\n","protected":false},"author":1,"featured_media":11604,"comment_status":"open","ping_status":"open","sticky":false,"template":"","format":"standard","meta":{"footnotes":""},"categories":[2,3],"tags":[],"class_list":["post-11605","post","type-post","status-publish","format-standard","has-post-thumbnail","hentry","category-chismorreo","category-opinion","entry"],"_links":{"self":[{"href":"http:\/\/revistalaneta.com.mx\/index.php?rest_route=\/wp\/v2\/posts\/11605","targetHints":{"allow":["GET"]}}],"collection":[{"href":"http:\/\/revistalaneta.com.mx\/index.php?rest_route=\/wp\/v2\/posts"}],"about":[{"href":"http:\/\/revistalaneta.com.mx\/index.php?rest_route=\/wp\/v2\/types\/post"}],"author":[{"embeddable":true,"href":"http:\/\/revistalaneta.com.mx\/index.php?rest_route=\/wp\/v2\/users\/1"}],"replies":[{"embeddable":true,"href":"http:\/\/revistalaneta.com.mx\/index.php?rest_route=%2Fwp%2Fv2%2Fcomments&post=11605"}],"version-history":[{"count":1,"href":"http:\/\/revistalaneta.com.mx\/index.php?rest_route=\/wp\/v2\/posts\/11605\/revisions"}],"predecessor-version":[{"id":11606,"href":"http:\/\/revistalaneta.com.mx\/index.php?rest_route=\/wp\/v2\/posts\/11605\/revisions\/11606"}],"wp:featuredmedia":[{"embeddable":true,"href":"http:\/\/revistalaneta.com.mx\/index.php?rest_route=\/wp\/v2\/media\/11604"}],"wp:attachment":[{"href":"http:\/\/revistalaneta.com.mx\/index.php?rest_route=%2Fwp%2Fv2%2Fmedia&parent=11605"}],"wp:term":[{"taxonomy":"category","embeddable":true,"href":"http:\/\/revistalaneta.com.mx\/index.php?rest_route=%2Fwp%2Fv2%2Fcategories&post=11605"},{"taxonomy":"post_tag","embeddable":true,"href":"http:\/\/revistalaneta.com.mx\/index.php?rest_route=%2Fwp%2Fv2%2Ftags&post=11605"}],"curies":[{"name":"wp","href":"https:\/\/api.w.org\/{rel}","templated":true}]}}