{"id":11620,"date":"2024-04-24T05:09:26","date_gmt":"2024-04-24T05:09:26","guid":{"rendered":"http:\/\/revistalaneta.com.mx\/?p=11620"},"modified":"2024-04-24T05:09:41","modified_gmt":"2024-04-24T05:09:41","slug":"con-yahleel-regresaran-tiempos-del-empoderamiento-ciudadano","status":"publish","type":"post","link":"http:\/\/revistalaneta.com.mx\/?p=11620","title":{"rendered":"Con Yahleel regresar\u00e1n tiempos del empoderamiento ciudadano"},"content":{"rendered":"\n<p><\/p>\n\n\n\n<p>Nuevo Laredo, Tamps.- El empoderamiento de los ciudadanos ser\u00e1 una tarea que Yahleel Abdala reactivar\u00e1 durante su gobierno, si el voto popular la lleva este 2 de Junio a la Presidencia Municipal, como parte de su pol\u00edtica de puertas abiertas, y en donde las peticiones de la ciudadan\u00eda ser\u00e1n las que fortalezcan su plan de trabajo.<\/p>\n\n\n\n<p>La candidata de la coalici\u00f3n Fuerza y Coraz\u00f3n por Tamaulipas as\u00ed lo dej\u00f3 establecido durante el di\u00e1logo franco y directo que sostuvo con trabajadores de la empresa Seguros GNP, ante quienes expuso en forma detallada el dise\u00f1o de su plataforma de trabajo.<\/p>\n\n\n\n<p>Con el ofrecimiento anterior, Yahleel dej\u00f3 en claro que durante los 3 a\u00f1os que estar\u00e1 como alcaldesa, la ciudadan\u00eda volver\u00e1 a ser escuchada y atendida por su presidenta municipal, y se acabar\u00e1n todos los obst\u00e1culos mon\u00e1rquicos que actualmente sufren los colonos para acceder a los beneficios del gobierno.<\/p>\n\n\n\n<p>\u201cHay que volver a empoderar al ciudadano, yo recuerdo que cuando era ni\u00f1a, si pasaba algo en la colonia, ah\u00ed estaban todos (los ciudadanos) reclam\u00e1ndole al presidente municipal, \u00bfen qu\u00e9 momento cambi\u00f3 esto? A lo mejor porque hab\u00eda presidentes municipales m\u00e1s abiertos, pero tambi\u00e9n como ciudadanos \u00e9ramos m\u00e1s aguerridos\u201d, refiri\u00f3.<\/p>\n\n\n\n<p>Mi mayor compromiso -a\u00f1adi\u00f3 la abandera de la coalici\u00f3n Fuerza y Coraz\u00f3n por Tamaulipas- es poder demostrar que s\u00ed habemos gente buena, gente que queremos a la ciudad, y respetamos la voz de los ciudadanos.<\/p>\n\n\n\n<p>A esta cita, Abdala Carmona acudi\u00f3 acompa\u00f1ada de Imelda San Miguel S\u00e1nchez, candidata a Senadora por Tamaulipas.<\/p>\n","protected":false},"excerpt":{"rendered":"<p>Nuevo Laredo, Tamps.- El empoderamiento de los ciudadanos ser\u00e1 una tarea que Yahleel Abdala reactivar\u00e1 durante su gobierno, si el voto popular la lleva este 2 de Junio a la &hellip; <a href=\"http:\/\/revistalaneta.com.mx\/?p=11620\" class=\"more-link\">Leer m\u00e1s<\/a><\/p>\n","protected":false},"author":1,"featured_media":11619,"comment_status":"open","ping_status":"open","sticky":false,"template":"","format":"standard","meta":{"footnotes":""},"categories":[4],"tags":[],"class_list":["post-11620","post","type-post","status-publish","format-standard","has-post-thumbnail","hentry","category-nuevo-laredo","entry"],"_links":{"self":[{"href":"http:\/\/revistalaneta.com.mx\/index.php?rest_route=\/wp\/v2\/posts\/11620","targetHints":{"allow":["GET"]}}],"collection":[{"href":"http:\/\/revistalaneta.com.mx\/index.php?rest_route=\/wp\/v2\/posts"}],"about":[{"href":"http:\/\/revistalaneta.com.mx\/index.php?rest_route=\/wp\/v2\/types\/post"}],"author":[{"embeddable":true,"href":"http:\/\/revistalaneta.com.mx\/index.php?rest_route=\/wp\/v2\/users\/1"}],"replies":[{"embeddable":true,"href":"http:\/\/revistalaneta.com.mx\/index.php?rest_route=%2Fwp%2Fv2%2Fcomments&post=11620"}],"version-history":[{"count":1,"href":"http:\/\/revistalaneta.com.mx\/index.php?rest_route=\/wp\/v2\/posts\/11620\/revisions"}],"predecessor-version":[{"id":11621,"href":"http:\/\/revistalaneta.com.mx\/index.php?rest_route=\/wp\/v2\/posts\/11620\/revisions\/11621"}],"wp:featuredmedia":[{"embeddable":true,"href":"http:\/\/revistalaneta.com.mx\/index.php?rest_route=\/wp\/v2\/media\/11619"}],"wp:attachment":[{"href":"http:\/\/revistalaneta.com.mx\/index.php?rest_route=%2Fwp%2Fv2%2Fmedia&parent=11620"}],"wp:term":[{"taxonomy":"category","embeddable":true,"href":"http:\/\/revistalaneta.com.mx\/index.php?rest_route=%2Fwp%2Fv2%2Fcategories&post=11620"},{"taxonomy":"post_tag","embeddable":true,"href":"http:\/\/revistalaneta.com.mx\/index.php?rest_route=%2Fwp%2Fv2%2Ftags&post=11620"}],"curies":[{"name":"wp","href":"https:\/\/api.w.org\/{rel}","templated":true}]}}