{"id":1163,"date":"2022-10-07T13:23:05","date_gmt":"2022-10-07T13:23:05","guid":{"rendered":"http:\/\/revistalaneta.com.mx\/?p=1163"},"modified":"2022-10-07T13:23:19","modified_gmt":"2022-10-07T13:23:19","slug":"el-maestro-de-las-persecuciones-se-dice-perseguido","status":"publish","type":"post","link":"http:\/\/revistalaneta.com.mx\/?p=1163","title":{"rendered":"\u00a1EL MAESTRO DE LAS PERSECUCIONES SE DICE PERSEGUIDO!"},"content":{"rendered":"\n<p><\/p>\n\n\n\n<p>Tiempo de opinar<\/p>\n\n\n\n<p>Ra\u00fal Hern\u00e1ndez Moreno<\/p>\n\n\n\n<p>Es incre\u00edble la desverg\u00fcenza de Francisco Garc\u00eda Cabeza de Vaca argumentando que hay una persecuci\u00f3n pol\u00edtica en su contra.<\/p>\n\n\n\n<p>\u00a1El maestro de las persecuciones se dice perseguido!<\/p>\n\n\n\n<p>El que persigui\u00f3 a Carlos Canturosas, Lety Salazar, Maki Ortiz, Eduardo Gattas, Carlos Pe\u00f1a, Carmen Canturosas, Manuel Mu\u00f1oz Cano, Gustavo C\u00e1rdenas y muchos m\u00e1s. Los persigui\u00f3 haciendo uso faccioso de la Fiscal\u00eda General de Tamaulipas, la Fiscal\u00eda Anticorrupci\u00f3n, la Auditor\u00eda Superior del Estado, la Unidad de Inteligencia Financiera, &nbsp;el Supremo Tribunal de Justicia, los Gopes, la prensa cabecista. No tuvo piedad, fue cruel, despiadado, abusivo.<\/p>\n\n\n\n<p>El colmo es que la bancada panista en el senado repite como merolico lo dicho por Cabeza. \u00bfPor qu\u00e9 no dijeron nada ante la persecuci\u00f3n criminal que Cabeza desat\u00f3 en contra de sus opositores? Si la persecuci\u00f3n la hace alguien del PAN \u00e9sta bien: si la realiza otro partido, est\u00e1 mal. Es la doble moral de los panistas.<\/p>\n\n\n\n<p>En su af\u00e1n de encubrirlo lanzan mentiras que nadie les cree, como la de asegurar que la orden de aprehensi\u00f3n se giro porque el &nbsp;senador Ismael Garc\u00eda Cabeza de Vaca voto en contra de la militarizaci\u00f3n.<\/p>\n\n\n\n<p>Ya todos sab\u00edamos que la bancada panista votar\u00eda en contra, que no&nbsp; razonar\u00edan su voto, que se opondr\u00edan por sistema, pero adem\u00e1s el voto de Ismael no era necesario. Para sacar adelante la reforma se necesitaban 86 votos y la cifra lleg\u00f3 a 87.<\/p>\n\n\n\n<p>Si realmente se hubiera dado una negociaci\u00f3n con Ismael este hubiera pedido para su hermanito una embajada, la que&nbsp; fuera.<\/p>\n\n\n\n<p>Si Cabeza es tan echado y valiente como presume, que se presente ante la Fiscal\u00eda. Do\u00f1a Rosario Robles lo hizo, demostr\u00f3 tener los pantalones &nbsp;bien puestos, pero sobre todo, que es ajena a los cargos que se le imputan.<\/p>\n\n\n\n<p>Ahora bien, ser valiente y echado para adelante, cuando se tiene el control de las instituciones de Tamaulipas y se utiliza el erario p\u00fablico como si fuese propio, es f\u00e1cil.<\/p>\n\n\n\n<p>Cabeza de Vaca ya no quiere pagar despachos jur\u00eddicos de 20 millones de pesos, ni puede hacer un&nbsp; recorrido por medios nacionales que la facturen 10 minutos por dos o tres millones de pesos, o contratar columnistas a modo, a cambio de 500 mil d\u00f3lares o m\u00e1s. Si lo hace, tendr\u00e1 que pagar de su bolsillo.<\/p>\n\n\n\n<p>Aqu\u00ed en Tamaulipas, la prensa que todo le festejaba a Cabeza, hoy guarda silencio. No sabemos si act\u00faan as\u00ed porque est\u00e1n conscientes de que no se puede defender lo indefendible o porque ya no hay pago de por medio.<\/p>\n\n\n\n<p>Cabeza ya no tiene fuero que lo ampare, ni tiene un avi\u00f3n para recorrer las carreteras de Tamaulipas y decir que son seguras o hacerlo por tierra, seguido por 10 camionetas y 60 elementos cuid\u00e1ndolo.<\/p>\n\n\n\n<p>Muy certeros resultaron quienes meses atr\u00e1s repet\u00edan que en Tamaulipas se har\u00eda realidad aquello de que los carniceros de hoy ser\u00e1n&nbsp; las vacas del ma\u00f1ana. Hoy esa frase cobra vigencia.<\/p>\n\n\n\n<p>En otro tema, con la salida del tirano, ahora el gobierno &nbsp;de Ciudad Victoria cit\u00f3 a los ex alcaldes Pilar G\u00f3mez y Xicot\u00e9ncatl Gonz\u00e1lez, para que aclaren el destino de 42&nbsp; millones de pesos.<\/p>\n\n\n\n<p>A ambos los protegi\u00f3 el anterior gobernador, con todo y que dejaron la ciudad hecha un desastre, &nbsp;pero ahora es distinto y lo de Victoria se puede replicar en varios municipios de Tamaulipas.<\/p>\n","protected":false},"excerpt":{"rendered":"<p>Tiempo de opinar Ra\u00fal Hern\u00e1ndez Moreno Es incre\u00edble la desverg\u00fcenza de Francisco Garc\u00eda Cabeza de Vaca argumentando que hay una persecuci\u00f3n pol\u00edtica en su contra. \u00a1El maestro de las persecuciones &hellip; <a href=\"http:\/\/revistalaneta.com.mx\/?p=1163\" class=\"more-link\">Leer m\u00e1s<\/a><\/p>\n","protected":false},"author":1,"featured_media":1162,"comment_status":"open","ping_status":"open","sticky":false,"template":"","format":"standard","meta":{"footnotes":""},"categories":[2,3],"tags":[],"class_list":["post-1163","post","type-post","status-publish","format-standard","has-post-thumbnail","hentry","category-chismorreo","category-opinion","entry"],"_links":{"self":[{"href":"http:\/\/revistalaneta.com.mx\/index.php?rest_route=\/wp\/v2\/posts\/1163","targetHints":{"allow":["GET"]}}],"collection":[{"href":"http:\/\/revistalaneta.com.mx\/index.php?rest_route=\/wp\/v2\/posts"}],"about":[{"href":"http:\/\/revistalaneta.com.mx\/index.php?rest_route=\/wp\/v2\/types\/post"}],"author":[{"embeddable":true,"href":"http:\/\/revistalaneta.com.mx\/index.php?rest_route=\/wp\/v2\/users\/1"}],"replies":[{"embeddable":true,"href":"http:\/\/revistalaneta.com.mx\/index.php?rest_route=%2Fwp%2Fv2%2Fcomments&post=1163"}],"version-history":[{"count":1,"href":"http:\/\/revistalaneta.com.mx\/index.php?rest_route=\/wp\/v2\/posts\/1163\/revisions"}],"predecessor-version":[{"id":1164,"href":"http:\/\/revistalaneta.com.mx\/index.php?rest_route=\/wp\/v2\/posts\/1163\/revisions\/1164"}],"wp:featuredmedia":[{"embeddable":true,"href":"http:\/\/revistalaneta.com.mx\/index.php?rest_route=\/wp\/v2\/media\/1162"}],"wp:attachment":[{"href":"http:\/\/revistalaneta.com.mx\/index.php?rest_route=%2Fwp%2Fv2%2Fmedia&parent=1163"}],"wp:term":[{"taxonomy":"category","embeddable":true,"href":"http:\/\/revistalaneta.com.mx\/index.php?rest_route=%2Fwp%2Fv2%2Fcategories&post=1163"},{"taxonomy":"post_tag","embeddable":true,"href":"http:\/\/revistalaneta.com.mx\/index.php?rest_route=%2Fwp%2Fv2%2Ftags&post=1163"}],"curies":[{"name":"wp","href":"https:\/\/api.w.org\/{rel}","templated":true}]}}