{"id":1175,"date":"2022-10-08T02:34:50","date_gmt":"2022-10-08T02:34:50","guid":{"rendered":"http:\/\/revistalaneta.com.mx\/?p=1175"},"modified":"2022-10-08T02:35:17","modified_gmt":"2022-10-08T02:35:17","slug":"cerramos-la-primera-semana-sin-conflictosen-seguridad-destaca-el-gobernador","status":"publish","type":"post","link":"http:\/\/revistalaneta.com.mx\/?p=1175","title":{"rendered":"Cerramos la primera semana sin conflictos<br>en seguridad, destaca el Gobernador"},"content":{"rendered":"\n<p><\/p>\n\n\n\n<p>Ciudad Victoria, Tamps. &#8211; El Gobernador Am\u00e9rico Villarreal Anaya destac\u00f3 que, en la primera semana del nuevo gobierno en Tamaulipas, no se registraron incidentes que perturbaran la vida cotidiana de las y los tamaulipecos.<\/p>\n\n\n\n<p>&#8220;Estamos atentos de los indicadores, no fue una semana conflictiva, se manejaron las situaciones bien; estamos trabajando y esperemos que esto lo podamos reforzar y lo perciba y lo comience a ver la ciudadan\u00eda&#8221; explic\u00f3.<\/p>\n\n\n\n<p>En entrevista con los representantes de los diferentes medios de comunicaci\u00f3n, a su llegada a Palacio de Gobierno, este viernes, Villarreal Anaya reconoci\u00f3 nuevamente el apoyo del Gobierno Federal con el despliegue de 600 elementos de las fuerzas armadas que esta semana llegaron a diferentes municipios del Estado.<\/p>\n\n\n\n<p>\u201cTenemos un gran acompa\u00f1amiento del Gobierno Federal, el Ej\u00e9rcito, la Guardia Nacional, las Zonas Navales, han estado muy atentas y activas, y estamos sumando ahora nosotros con una visi\u00f3n de participaci\u00f3n y sumar a nuestras instituciones para brindar lo que consideramos lo m\u00e1s importante para los tamaulipecos, el tener esa seguridad\u201d, mencion\u00f3<\/p>\n\n\n\n<p>En su primera semana de actividades, el jefe del ejecutivo estatal particip\u00f3 en las reuniones de la Mesa de Coordinaci\u00f3n para la Construcci\u00f3n de la Paz en Tamaulipas, que incluyen los primeros pasos para lo que ser\u00e1 la integraci\u00f3n de la Guardia Estatal.<\/p>\n\n\n\n<p>\u201cEl Jur\u00eddico est\u00e1 trabajando, es una situaci\u00f3n que seg\u00fan me han comentado es del \u00e1mbito jur\u00eddico, sino lo tendr\u00edamos que ver en el Congreso, pero es una facultad del Ejecutivo, el poder establecer fuerzas de seguridad en atenci\u00f3n a brindar esta situaci\u00f3n a los ciudadanos, no quiere decir que descuidemos esa situaci\u00f3n, pero como dec\u00edamos ser\u00edan las mismas instituciones, su gente que est\u00e1n laborando ah\u00ed, pero tendr\u00e1n entonces recursos para capacitaci\u00f3n, innovaci\u00f3n, de derechos humanos que nos permitan tener una polic\u00eda cada vez m\u00e1s atenta de cuidar a nuestra poblaci\u00f3n\u201d, indic\u00f3.<\/p>\n\n\n\n<p>En otro tema, el Gobernador inform\u00f3 que se contin\u00faan analizando perfiles de las mejores mujeres y hombres comprometidos con la transformaci\u00f3n para ocupar las diversas \u00e1reas de la administraci\u00f3n estatal donde a\u00fan faltan de designar los titulares.<\/p>\n","protected":false},"excerpt":{"rendered":"<p>Ciudad Victoria, Tamps. &#8211; El Gobernador Am\u00e9rico Villarreal Anaya destac\u00f3 que, en la primera semana del nuevo gobierno en Tamaulipas, no se registraron incidentes que perturbaran la vida cotidiana de &hellip; <a href=\"http:\/\/revistalaneta.com.mx\/?p=1175\" class=\"more-link\">Leer m\u00e1s<\/a><\/p>\n","protected":false},"author":1,"featured_media":1174,"comment_status":"open","ping_status":"open","sticky":false,"template":"","format":"standard","meta":{"footnotes":""},"categories":[7,8],"tags":[],"class_list":["post-1175","post","type-post","status-publish","format-standard","has-post-thumbnail","hentry","category-ciudad-victoria","category-tamaulipas-sur","entry"],"_links":{"self":[{"href":"http:\/\/revistalaneta.com.mx\/index.php?rest_route=\/wp\/v2\/posts\/1175","targetHints":{"allow":["GET"]}}],"collection":[{"href":"http:\/\/revistalaneta.com.mx\/index.php?rest_route=\/wp\/v2\/posts"}],"about":[{"href":"http:\/\/revistalaneta.com.mx\/index.php?rest_route=\/wp\/v2\/types\/post"}],"author":[{"embeddable":true,"href":"http:\/\/revistalaneta.com.mx\/index.php?rest_route=\/wp\/v2\/users\/1"}],"replies":[{"embeddable":true,"href":"http:\/\/revistalaneta.com.mx\/index.php?rest_route=%2Fwp%2Fv2%2Fcomments&post=1175"}],"version-history":[{"count":1,"href":"http:\/\/revistalaneta.com.mx\/index.php?rest_route=\/wp\/v2\/posts\/1175\/revisions"}],"predecessor-version":[{"id":1176,"href":"http:\/\/revistalaneta.com.mx\/index.php?rest_route=\/wp\/v2\/posts\/1175\/revisions\/1176"}],"wp:featuredmedia":[{"embeddable":true,"href":"http:\/\/revistalaneta.com.mx\/index.php?rest_route=\/wp\/v2\/media\/1174"}],"wp:attachment":[{"href":"http:\/\/revistalaneta.com.mx\/index.php?rest_route=%2Fwp%2Fv2%2Fmedia&parent=1175"}],"wp:term":[{"taxonomy":"category","embeddable":true,"href":"http:\/\/revistalaneta.com.mx\/index.php?rest_route=%2Fwp%2Fv2%2Fcategories&post=1175"},{"taxonomy":"post_tag","embeddable":true,"href":"http:\/\/revistalaneta.com.mx\/index.php?rest_route=%2Fwp%2Fv2%2Ftags&post=1175"}],"curies":[{"name":"wp","href":"https:\/\/api.w.org\/{rel}","templated":true}]}}