{"id":1188,"date":"2022-10-08T02:57:42","date_gmt":"2022-10-08T02:57:42","guid":{"rendered":"http:\/\/revistalaneta.com.mx\/?p=1188"},"modified":"2022-10-08T02:58:05","modified_gmt":"2022-10-08T02:58:05","slug":"integra-sebien-equipo-de-servidorespublicos-comprometidos-con-tamaulipas","status":"publish","type":"post","link":"http:\/\/revistalaneta.com.mx\/?p=1188","title":{"rendered":"Integra SEBIEN equipo de servidores<br>p\u00fablicos comprometidos con Tamaulipas"},"content":{"rendered":"\n<p><\/p>\n\n\n\n<p>Ciudad Victoria, Tamps.- Cumpliendo con la encomienda del Gobernador de Tamaulipas, Am\u00e9rico Villarreal Anaya, de integrar un grupo profesional y servicial de funcionarios p\u00fablicos comprometidos con la transformaci\u00f3n, la secretaria de Bienestar Social, Ver\u00f3nica Aguirre de los Santos, llev\u00f3 a cabo la entrega de nombramientos en esta dependencia estatal.<\/p>\n\n\n\n<p>Las designaciones tienen la firme convicci\u00f3n, de estrechar lazos s\u00f3lidos para combatir la marginaci\u00f3n y la pobreza con acciones basadas en el humanismo privilegiando siempre a los m\u00e1s vulnerables por el bien de las y los tamaulipecos.<\/p>\n\n\n\n<p>La entrega de nombramientos se llev\u00f3 a cabo en la sala de juntas de la SEBIEN: Esteban Etienne Ru\u00edz fue nombrado subsecretario de Derechos Humanos y Articulaci\u00f3n Social; Dania Itzel Rodr\u00edguez Zamarr\u00f3n, subsecretaria de Bienestar Social y Norma Paola Mata Esparza, al frente de la Secretar\u00eda T\u00e9cnica.<\/p>\n\n\n\n<p>Tambi\u00e9n se nombr\u00f3 a Judith Katalyna M\u00e9ndez Cepeda como Directora General del Instituto Tamaulipeco de la Juventud; Diana Luz Guti\u00e9rrez Gonz\u00e1lez, Directora General del Instituto de las Mujeres y a Manuel Raga Navarro, Director General del Instituto del Deporte.<\/p>\n\n\n\n<p>De igual manera se entregaron los siguientes nombramientos: Gilberto Guti\u00e9rrez S\u00e1nchez, Coordinaci\u00f3n de Pol\u00edticas de Bienestar; Jos\u00e9 Alejandro Ibarra G\u00f3mez, Coordinaci\u00f3n de Vinculaci\u00f3n y Articulaci\u00f3n Ciudadana; Mario Alonso Torres Arratia, Coordinaci\u00f3n de Programas Federales y Arnoldo Sald\u00edvar Villanueva, en la Coordinaci\u00f3n de Programas Estatales.<\/p>\n\n\n\n<p>Samuel David Badillo Amador, Coordinaci\u00f3n General de Delegaciones; Jos\u00e9 Torres Alexanderson, Coordinaci\u00f3n de An\u00e1lisis e Investigaci\u00f3n; Karla Valeria Flores Castro, Coordinaci\u00f3n T\u00e9cnica y de Planeaci\u00f3n de Programas; Ada Mayth\u00e9 G\u00f3mez M\u00e9ndez, Coordinaci\u00f3n General Jur\u00eddica; Martha Elaine Picazo Wong, Direcci\u00f3n de Planeaci\u00f3n, Seguimiento y Evaluaci\u00f3n; H\u00e9ctor C\u00e1rdenas Longoria, Direcci\u00f3n de Padr\u00f3n \u00danico de Titulares de Derecho; Dora Alicia Ru\u00edz Reyes, Direcci\u00f3n de Legalidad y Transparencia; \u00d3scar Guzm\u00e1n Hern\u00e1ndez, Direcci\u00f3n Administrativa y Rolando Cavazos de la Portilla, en la Secretar\u00eda Particular.<\/p>\n\n\n\n<p>Los nuevos funcionarios p\u00fablicos en Bienestar Social, tienen la encomienda de coordinar esfuerzos en favor de las y los tamaulipecos.<\/p>\n","protected":false},"excerpt":{"rendered":"<p>Ciudad Victoria, Tamps.- Cumpliendo con la encomienda del Gobernador de Tamaulipas, Am\u00e9rico Villarreal Anaya, de integrar un grupo profesional y servicial de funcionarios p\u00fablicos comprometidos con la transformaci\u00f3n, la secretaria &hellip; <a href=\"http:\/\/revistalaneta.com.mx\/?p=1188\" class=\"more-link\">Leer m\u00e1s<\/a><\/p>\n","protected":false},"author":1,"featured_media":1187,"comment_status":"open","ping_status":"open","sticky":false,"template":"","format":"standard","meta":{"footnotes":""},"categories":[7,8],"tags":[],"class_list":["post-1188","post","type-post","status-publish","format-standard","has-post-thumbnail","hentry","category-ciudad-victoria","category-tamaulipas-sur","entry"],"_links":{"self":[{"href":"http:\/\/revistalaneta.com.mx\/index.php?rest_route=\/wp\/v2\/posts\/1188","targetHints":{"allow":["GET"]}}],"collection":[{"href":"http:\/\/revistalaneta.com.mx\/index.php?rest_route=\/wp\/v2\/posts"}],"about":[{"href":"http:\/\/revistalaneta.com.mx\/index.php?rest_route=\/wp\/v2\/types\/post"}],"author":[{"embeddable":true,"href":"http:\/\/revistalaneta.com.mx\/index.php?rest_route=\/wp\/v2\/users\/1"}],"replies":[{"embeddable":true,"href":"http:\/\/revistalaneta.com.mx\/index.php?rest_route=%2Fwp%2Fv2%2Fcomments&post=1188"}],"version-history":[{"count":1,"href":"http:\/\/revistalaneta.com.mx\/index.php?rest_route=\/wp\/v2\/posts\/1188\/revisions"}],"predecessor-version":[{"id":1189,"href":"http:\/\/revistalaneta.com.mx\/index.php?rest_route=\/wp\/v2\/posts\/1188\/revisions\/1189"}],"wp:featuredmedia":[{"embeddable":true,"href":"http:\/\/revistalaneta.com.mx\/index.php?rest_route=\/wp\/v2\/media\/1187"}],"wp:attachment":[{"href":"http:\/\/revistalaneta.com.mx\/index.php?rest_route=%2Fwp%2Fv2%2Fmedia&parent=1188"}],"wp:term":[{"taxonomy":"category","embeddable":true,"href":"http:\/\/revistalaneta.com.mx\/index.php?rest_route=%2Fwp%2Fv2%2Fcategories&post=1188"},{"taxonomy":"post_tag","embeddable":true,"href":"http:\/\/revistalaneta.com.mx\/index.php?rest_route=%2Fwp%2Fv2%2Ftags&post=1188"}],"curies":[{"name":"wp","href":"https:\/\/api.w.org\/{rel}","templated":true}]}}