{"id":11980,"date":"2024-05-08T11:43:42","date_gmt":"2024-05-08T11:43:42","guid":{"rendered":"http:\/\/revistalaneta.com.mx\/?p=11980"},"modified":"2024-05-08T11:44:06","modified_gmt":"2024-05-08T11:44:06","slug":"reconoce-presidente-del-ine-preocupacion-por-tema-de-seguridad","status":"publish","type":"post","link":"http:\/\/revistalaneta.com.mx\/?p=11980","title":{"rendered":"RECONOCE PRESIDENTE DEL INE PREOCUPACI\u00d3N POR TEMA DE SEGURIDAD"},"content":{"rendered":"\n<p><br>El presidente del INE en Tamaulipas, Sergio Ruiz Castellot, ha reconocido que hay preocupaci\u00f3n por el tema de la seguridad en el marco de las presentes campa\u00f1as electorales, esto luego de que el ambiente quedara \u201cenrarecido\u201d, tras el crimen del candidato de El Mante, No\u00e9 Ramos Ferretiz. El encargado del proceso federal en la entidad dijo que muy independiente de que los motivos de dicho asesinato hayan sido pol\u00edticos o no, el proceso electoral debe realizarse en un estado de seguridad, y en este sentido los lamentables hechos vinieron a enrarecer el clima electoral en todo el estado, situaci\u00f3n que le preocupa como autoridad electoral. Abund\u00f3 que ante la sensaci\u00f3n de inseguridad que prevalece se coordinan esfuerzos con las diferentes autoridades de los distintos niveles a fin de poder generar las mejores condiciones de confianza, tanto para los candidatos, como igualmente para la ciudadan\u00eda y que as\u00ed salgan a ejercer su voto de manera libre y directa el pr\u00f3ximo 2 de junio.<\/p>\n\n\n\n<p>REALIZAN \u201cMARCHA PAC\u00cdFICA POR LA DEMOCRACIA\u201d<br \/>Cientos de ciudadanos tomaron parte en la \u201cMarcha Pac\u00edfica por la Democracia\u201d convocada por la candidata a la alcald\u00eda de Nuevo Laredo por la coalici\u00f3n \u201cSeguiremos Haciendo Historia\u201d, Carmen Lilia Canturosas Villarreal, y que se llev\u00f3 a cabo este martes a las seis de la tarde, partiendo de la plaza Hidalgo, y marchando los participantes por la avenida Guerrero hasta llegar al monumento a Los Fundadores, donde se dio un mensaje mencion\u00e1ndose que no se quiere una democracia con miedo, a la vez que tambi\u00e9n se hizo una oraci\u00f3n por la paz y tranquilidad en la ciudad. El acto fue encabezado por la propia Carmen Lilia, as\u00ed como su hermano Carlos Canturosas Villarreal, candidato a la diputaci\u00f3n federal por la misma coalici\u00f3n integrada por MORENA, PT y PVEM, y tambi\u00e9n estuvieron los miembros de la planilla. Durante el recorrido los asistentes, quienes iban vestidos de blanco, entonaron el himno \u201cEl pueblo unido, jam\u00e1s ser\u00e1 vencido\u201d. No se reportaron incidentes en el evento.<\/p>\n\n\n\n<p>OFRECE CANDIDATA DEL PAN-PRI CONFERENCIA DE PRENSA<br \/>Previo a la referida marcha Yahleel Abdala Carmona, candidata de la alianza PAN-PRI por la Presidencia Municipal de Nuevo Laredo, ofreci\u00f3 una conferencia de prensa en la sede local del tricolor, donde acus\u00f3 a Carmen Lilia Canturosas Villarreal de lanzar una campa\u00f1a de enga\u00f1os e intrigas, y le exigi\u00f3 demostrar las acusaciones que le ha hecho en sentido de ser la responsable de distribuir propaganda en su contra, y de quitar de la v\u00eda p\u00fablica publicidad de su campa\u00f1a. \u201cYo aqu\u00ed le lanzo el reto a Carmen Lilia, que si ella me comprueba de que soy la responsable de esos volantes y de quitar propagada, como me acusa, renuncio a la candidatura, pero si no lo hace, que deje ya en paz a Nuevo Laredo con sus intrigas, que deje de utilizar a los ciudadanos para sus ambiciones personales\u201d, fue lo que dijo Yahleel durante la conferencia, donde estuvo acompa\u00f1ada de todos los integrantes de su equipo de campa\u00f1a.<\/p>\n\n\n\n<p>CONSIGUEN TRABAJO 584 EN ABRIL POR FERIAS DEL EMPLEO<br \/>Un total de 584 ciudadanos fueron vinculados a empleos formales durante el mes de abril, esto a trav\u00e9s de las Ferias del Empleo que se llevaron a cabo el mes anterior por parte del Gobierno Municipal de Nuevo Laredo, a trav\u00e9s de la Secretar\u00eda de Desarrollo Econ\u00f3mico. Fueron cuatro los eventos celebrados en abril en este sentido, que se suman a los 17 que ya van en lo que va del presente a\u00f1o, y donde se han podido vincular a la fecha 3 mil 802 ciudadanos. En este tenor las empresas de servicios son donde m\u00e1s se han ocupado vacantes, con el 42 por ciento, seguido de las maquiladoras, con el 26 por ciento; los comercios con el 24 por ciento y las empresas transportistas con el 8 por ciento.<\/p>\n\n\n\n<p>AVANZA OBRA DE INFOTECA<br \/>Un notable avance presenta la obra de la Infoteca Municipal \u201cLa Fe\u201d, que se construye al poniente de la ciudad, y el cual se espera sea sitio de consulta alterna para la comunidad en general, pero especialmente para estudiantes. La obra lleva un avance de m\u00e1s del 50 por ciento y se erige en Eva Samano y Villagr\u00e1n, en el fraccionamiento La Fe, y de momento se colocan las vigas para la losa, as\u00ed como las columnas del segundo nivel. En esta obra el Gobierno Municipal de Nuevo Laredo invierte 52 millones de pesos, y forma parte de las acciones en apoyo a la educaci\u00f3n.<\/p>\n\n\n\n<p>ESTE MES QUEDA EL NUEVO PUENTE VEHICULAR<br \/>Y la obra que tambi\u00e9n presenta un gran avance es el puente vehicular de la Calzada de Los H\u00e9roes a la altura de la avenida Eva Samano, y el cual se espera sea inaugurado antes de que concluya el presente mes. Dicho proyecto presenta un avance del 93 por ciento, y es cuesti\u00f3n de d\u00edas para que se concluyan los trabajos, que son pr\u00e1cticamente detalles, para que sea puesto en marcha en beneficio de la sociedad neolaredense, y con ello se terminen los problemas viales que se han estado registrado en dicha, precisamente por la obra realizada, y que sin duda ser\u00e1 cumbre dentro de la actual administraci\u00f3n municipal.<\/p>\n\n\n\n<p>ACERCAN SERVICIOS M\u00c9DICOS A LA UTNL<br \/>Personal de la Unidad de Medicina Familiar N\u00famero 78 del Instituto Mexicano del Seguro Social (IMSS) inici\u00f3 este martes una campa\u00f1a de vacunaci\u00f3n al interior de la Universidad Tecnol\u00f3gica de Nuevo Laredo, a fin de que los estudiantes de dicho plantel tengan su esquema completo de vacunaci\u00f3n. Entre las vacunas aplicadas est\u00e1n las de sarampi\u00f3n, rubeola y t\u00e9tanos, as\u00ed como tambi\u00e9n del Virus del Papiloma Humano (VPH) en alumnas de hasta 19 a\u00f1os, as\u00ed como a la vez a estudiantes de la comunidad LGTB, en ese mismo rango de edad. Esta campa\u00f1a se realiza en coordinaci\u00f3n entre el IMSS y la UTNL, esta \u00faltima a cargo del rector Jos\u00e9 Antonio Tovar Lara, y se mantendr\u00e1 hasta este mi\u00e9rcoles 8 de mayo.<\/p>\n\n\n\n<p>ABRE LA UAT CONVOCATORIA PARA OLIMPIADAS DE MATEM\u00c1TICAS<br \/>La Universidad Aut\u00f3noma de Tamaulipas (UAT) abri\u00f3 la convocatoria para la XXIV Olimpiada Nacional de Matem\u00e1ticas para Alumnos de Primaria y Secundaria, as\u00ed como la segunda edici\u00f3n de la Olimpiada Nacional de Matem\u00e1ticas para Alumnos de Preparatoria. En coordinaci\u00f3n con la Asociaci\u00f3n Nacional de Profesores de Matem\u00e1ticas y la delegaci\u00f3n estatal de la Olimpiada, este evento busca promover el estudio de las matem\u00e1ticas entre los estudiantes, desde primaria hasta preparatoria, cultivando un pensamiento cr\u00edtico y propositivo, proporcionando condiciones \u00f3ptimas para desarrollar sus propias competencias, capacidades y habilidades, estimulando as\u00ed la creatividad y el talento matem\u00e1tico. Cabe apuntar que se puede enviar un correo electr\u00f3nico a<br \/>onmapstamaulipas@gmail.com para solicitar m\u00e1s informaci\u00f3n al respecto.<\/p>\n\n\n\n<p>LO \u00daLTIMO<br \/>Muchas felicidades a la compa\u00f1era periodista Nora Zapata Urbina, quien este mi\u00e9rcoles est\u00e1 de manteles largos. Igualmente cumplen a\u00f1os el profesor Maurilio V\u00e1zquez Portillo, Gerardo Ram\u00f3n Serna Aguilar, Fernando Hern\u00e1ndez Laurel y Roxana Cant\u00fa. A todos ellos, \u00a1muchos m\u00e1s d\u00edas de estos!\u2026 Mientras que por un lado Yahleel Abdala Carmona est\u00e1 invitando para este mi\u00e9rcoles a todas las madrecitas al concierto que brindar\u00e1 Paquita La del Barrio, esto en los terrenos de Expomex a partir de las siete y media de la tarde, por otro lado Carmen Lilia Canturosas Villarreal, hace lo propio al lanzar una invitaci\u00f3n similar, pero para presenciar el concierto del grupo Liberaci\u00f3n, esto para el jueves a partir de las seis de la tarde a un costado de Soriana La Fe. As\u00ed que las mam\u00e1s neolaredenses van a estar muy consentidas con tremendos bailongos que se han preparado en su honor por parte de las candidatas a la alcald\u00eda de Nuevo Laredo\u2026 El Congreso del Estado de Tamaulipas anunci\u00f3 una ampliaci\u00f3n por 15 d\u00edas de la convocatoria para participar en el proceso de designaci\u00f3n o reelecci\u00f3n de los integrantes propietarios y suplentes del Consejo Consultivo de la Comisi\u00f3n de Derechos Humanos del Estado de Tamaulipas, (CODHET). La convocatoria establec\u00eda como plazo del mi\u00e9rcoles 17 de abril al martes 7 de mayo del a\u00f1o actual, para entregar la documentaci\u00f3n correspondiente, sin embargo, se determin\u00f3 ampliar el t\u00e9rmino de la vigencia esperando una mayor participaci\u00f3n.<\/p>\n","protected":false},"excerpt":{"rendered":"<p>El presidente del INE en Tamaulipas, Sergio Ruiz Castellot, ha reconocido que hay preocupaci\u00f3n por el tema de la seguridad en el marco de las presentes campa\u00f1as electorales, esto luego &hellip; <a href=\"http:\/\/revistalaneta.com.mx\/?p=11980\" class=\"more-link\">Leer m\u00e1s<\/a><\/p>\n","protected":false},"author":1,"featured_media":11979,"comment_status":"open","ping_status":"open","sticky":false,"template":"","format":"standard","meta":{"footnotes":""},"categories":[2],"tags":[],"class_list":["post-11980","post","type-post","status-publish","format-standard","has-post-thumbnail","hentry","category-chismorreo","entry"],"_links":{"self":[{"href":"http:\/\/revistalaneta.com.mx\/index.php?rest_route=\/wp\/v2\/posts\/11980","targetHints":{"allow":["GET"]}}],"collection":[{"href":"http:\/\/revistalaneta.com.mx\/index.php?rest_route=\/wp\/v2\/posts"}],"about":[{"href":"http:\/\/revistalaneta.com.mx\/index.php?rest_route=\/wp\/v2\/types\/post"}],"author":[{"embeddable":true,"href":"http:\/\/revistalaneta.com.mx\/index.php?rest_route=\/wp\/v2\/users\/1"}],"replies":[{"embeddable":true,"href":"http:\/\/revistalaneta.com.mx\/index.php?rest_route=%2Fwp%2Fv2%2Fcomments&post=11980"}],"version-history":[{"count":1,"href":"http:\/\/revistalaneta.com.mx\/index.php?rest_route=\/wp\/v2\/posts\/11980\/revisions"}],"predecessor-version":[{"id":11981,"href":"http:\/\/revistalaneta.com.mx\/index.php?rest_route=\/wp\/v2\/posts\/11980\/revisions\/11981"}],"wp:featuredmedia":[{"embeddable":true,"href":"http:\/\/revistalaneta.com.mx\/index.php?rest_route=\/wp\/v2\/media\/11979"}],"wp:attachment":[{"href":"http:\/\/revistalaneta.com.mx\/index.php?rest_route=%2Fwp%2Fv2%2Fmedia&parent=11980"}],"wp:term":[{"taxonomy":"category","embeddable":true,"href":"http:\/\/revistalaneta.com.mx\/index.php?rest_route=%2Fwp%2Fv2%2Fcategories&post=11980"},{"taxonomy":"post_tag","embeddable":true,"href":"http:\/\/revistalaneta.com.mx\/index.php?rest_route=%2Fwp%2Fv2%2Ftags&post=11980"}],"curies":[{"name":"wp","href":"https:\/\/api.w.org\/{rel}","templated":true}]}}