{"id":11983,"date":"2024-05-09T11:37:11","date_gmt":"2024-05-09T11:37:11","guid":{"rendered":"http:\/\/revistalaneta.com.mx\/?p=11983"},"modified":"2024-05-09T11:38:00","modified_gmt":"2024-05-09T11:38:00","slug":"historico-se-unen-mas-de-15-mil-ciudadanos-a-marcha-pacifica-por-la-democracia-en-nuevo-laredo","status":"publish","type":"post","link":"http:\/\/revistalaneta.com.mx\/?p=11983","title":{"rendered":"Hist\u00f3rico: Se unen m\u00e1s de 15 mil ciudadanos a marcha pac\u00edfica por la democracia en Nuevo Laredo"},"content":{"rendered":"\n<p><\/p>\n\n\n\n<p>Nuevo Laredo, Tamps.- M\u00e1s de 15 mil personas se unieron a la marcha pac\u00edfica por la democracia convocada por Carmen Lilia Canturosas Villarreal, candidata a presidenta municipal de la coalici\u00f3n Morena, Verde Ecologista y PT para que se lleve a cabo una proceso electoral de altura sin guerra sucia y que se respete la decisi\u00f3n de los ciudadanos.<br \/>Desde la plaza Miguel Hidalgo con vestimenta en color blanco miles de ciudadanos, entre l\u00edderes empresariales, religiosos, integrantes de asociaciones civiles, maestros, j\u00f3venes, amas de casa, trabajadores entre otros se dirigieron al monumento a Los Fundadores junto a la candidata Carmen Lilia quien exhort\u00f3 a la poblaci\u00f3n a ser libres de participar democr\u00e1ticamente este 2 de junio.<br \/>\u201cMe da mucho gusto ver a tantos neolaredenses reunidos, lo que queremos es que Nuevo Laredo sea una ciudad con m\u00e1s democracia, en el que la ciudadan\u00eda pueda sentirse libre de participar y elegir a los gobernantes de su elecci\u00f3n, estamos muy agradecidos con todos los ciudadanos que nada los detuvo, aqu\u00ed estamos con mucha esperanza y con mucho amor por Nuevo Laredo\u201d, se\u00f1al\u00f3 Canturosas Villarreal, candidata de la coalici\u00f3n \u201cSigamos Haciendo Historia\u201d.<br \/>Fueron seis cuadras que abarc\u00f3 el contingente sobre la avenida Guerrero en el que a una sola voz resonaba fuerte y claro \u201cEl pueblo unido jam\u00e1s ser\u00e1 vencido\u201d como una muestra de uni\u00f3n y fuerza.<br \/>\u201cEsto es lo que buscamos como sociedad la participaci\u00f3n de todos, ustedes ha visto mi trabajo en el servicio p\u00fablico y que he sido una mujer honesta, de causas y cercana a la gente, siempre trato de dar lo mejor de m\u00ed y ser siempre una mujer emp\u00e1tica con las necesidades de los dem\u00e1s, esta vez no ser\u00e1 la excepci\u00f3n\u201d, se\u00f1al\u00f3.<br \/>Por su parte la joven Cynthia Arriaga, ley\u00f3 un mensaje en el que mencion\u00f3 que la reuni\u00f3n fue convocaba con un fin en com\u00fan, con un objetivo, con sue\u00f1os, pero sobre todo con el deseo de una ciudad libre, pac\u00edfica y mejor para todos.<br \/>\u201cAl saber de esta marcha de paz y por la democracia, convocada por Carmen Lilia Canturosas, no dude ni un segundo en formar parte de ella, soy una ciudadana inquieta y transformadora como lo s\u00e9 que son todas y todos ustedes, pertenezco a una generaci\u00f3n que no se piensa quedar con los brazos cruzados que a trav\u00e9s de la libertad de expresi\u00f3n, busca defender a esta bella ciudad que nos vio nacer, somos frontera, somos historia, pero tambi\u00e9n somos presente, somos una realidad\u201d, sostuvo.<br \/>Canturosas Villarreal, quien estuvo acompa\u00f1ada de su esposo, Oscar Mario Hinojosa, su madre Claudette Villarreal de Canturosas, su hermano el candidato a diputado federal por la coalici\u00f3n Morena, Verde y PT Carlos Canturosas y compa\u00f1eros de planilla. Adem\u00e1s de los candidatos a diputados locales por el distrito 1,2 y 3 de Nuevo Laredo Gabriela Regalado, Ana Laura Huerta y Sergio Ojeda respectivamente.<br \/>Por \u00faltimo la candidata a la presidencia municipal hizo un llamado a que durante las semanas que restan de esta campa\u00f1a, se detengan los actos de vandalismo en contra de su campa\u00f1a y de la ciudadan\u00eda en general para no enrarecer m\u00e1s el proceso electoral.<br \/>Al finalizar en un emotivo acto la candidata a la alcald\u00eda de Nuevo Laredo, Carmen Lilia Canturosas Villarreal acompa\u00f1ada de los ciudadanos solt\u00f3 unas palomas de color blanco como acto de unidad.<\/p>\n","protected":false},"excerpt":{"rendered":"<p>Nuevo Laredo, Tamps.- M\u00e1s de 15 mil personas se unieron a la marcha pac\u00edfica por la democracia convocada por Carmen Lilia Canturosas Villarreal, candidata a presidenta municipal de la coalici\u00f3n &hellip; <a href=\"http:\/\/revistalaneta.com.mx\/?p=11983\" class=\"more-link\">Leer m\u00e1s<\/a><\/p>\n","protected":false},"author":1,"featured_media":11982,"comment_status":"open","ping_status":"open","sticky":false,"template":"","format":"standard","meta":{"footnotes":""},"categories":[4],"tags":[],"class_list":["post-11983","post","type-post","status-publish","format-standard","has-post-thumbnail","hentry","category-nuevo-laredo","entry"],"_links":{"self":[{"href":"http:\/\/revistalaneta.com.mx\/index.php?rest_route=\/wp\/v2\/posts\/11983","targetHints":{"allow":["GET"]}}],"collection":[{"href":"http:\/\/revistalaneta.com.mx\/index.php?rest_route=\/wp\/v2\/posts"}],"about":[{"href":"http:\/\/revistalaneta.com.mx\/index.php?rest_route=\/wp\/v2\/types\/post"}],"author":[{"embeddable":true,"href":"http:\/\/revistalaneta.com.mx\/index.php?rest_route=\/wp\/v2\/users\/1"}],"replies":[{"embeddable":true,"href":"http:\/\/revistalaneta.com.mx\/index.php?rest_route=%2Fwp%2Fv2%2Fcomments&post=11983"}],"version-history":[{"count":1,"href":"http:\/\/revistalaneta.com.mx\/index.php?rest_route=\/wp\/v2\/posts\/11983\/revisions"}],"predecessor-version":[{"id":11984,"href":"http:\/\/revistalaneta.com.mx\/index.php?rest_route=\/wp\/v2\/posts\/11983\/revisions\/11984"}],"wp:featuredmedia":[{"embeddable":true,"href":"http:\/\/revistalaneta.com.mx\/index.php?rest_route=\/wp\/v2\/media\/11982"}],"wp:attachment":[{"href":"http:\/\/revistalaneta.com.mx\/index.php?rest_route=%2Fwp%2Fv2%2Fmedia&parent=11983"}],"wp:term":[{"taxonomy":"category","embeddable":true,"href":"http:\/\/revistalaneta.com.mx\/index.php?rest_route=%2Fwp%2Fv2%2Fcategories&post=11983"},{"taxonomy":"post_tag","embeddable":true,"href":"http:\/\/revistalaneta.com.mx\/index.php?rest_route=%2Fwp%2Fv2%2Ftags&post=11983"}],"curies":[{"name":"wp","href":"https:\/\/api.w.org\/{rel}","templated":true}]}}