{"id":11995,"date":"2024-05-09T11:43:06","date_gmt":"2024-05-09T11:43:06","guid":{"rendered":"http:\/\/revistalaneta.com.mx\/?p=11995"},"modified":"2024-05-09T11:43:59","modified_gmt":"2024-05-09T11:43:59","slug":"refuerzan-medidas-para-prevenir-incendios-forestales-en-tamaulipas","status":"publish","type":"post","link":"http:\/\/revistalaneta.com.mx\/?p=11995","title":{"rendered":"Refuerzan medidas para prevenir incendios forestales en Tamaulipas"},"content":{"rendered":"\n<p><\/p>\n\n\n\n<p>Ciudad Victoria, Tamps.- Para prevenir m\u00e1s incendios forestales en Tamaulipas, autoridades estatales y federales acordaron reforzar las campa\u00f1as de prevenci\u00f3n y mantener una capacitaci\u00f3n permanente de las brigadas de combate.<\/p>\n\n\n\n<p>Durante la Mesa de Coordinaci\u00f3n para la Construcci\u00f3n de la Paz, efectuada este mi\u00e9rcoles y presidida por el gobernador Am\u00e9rico Villarreal Anaya, el secretario de Desarrollo Rural, Pesca y Acuacultura, Antonio Varela Flores present\u00f3 un reporte de la situaci\u00f3n actual de los incendios forestales que se han presentado este a\u00f1o.<\/p>\n\n\n\n<p>El funcionario expuso que se han registrado 18 incendios, afectando una superficie de 1,242.5 hect\u00e1reas en los municipios de Bustamante, G\u00fc\u00e9mez, Hidalgo, Jaumave, Mainero, El Mante, Miquihuana, Ocampo, Tula y Victoria.<\/p>\n\n\n\n<p>Agreg\u00f3 que los siniestros han afectado 41 hect\u00e1reas de arbolado adulto, 87 hect\u00e1reas de renuevo, 453.5 hect\u00e1reas de arbustivo, 51 hect\u00e1reas de herb\u00e1ceo y 610 hect\u00e1reas de hojarasca.<\/p>\n\n\n\n<p>Varela Flores se\u00f1al\u00f3 que actualmente en los ejidos de \u00c1vila y Urbina, as\u00ed como La Chona, del municipio de Jaumave, se registra un incendio forestal afectando una superficie de 160 hect\u00e1reas y en el cual se cuenta con 160 combatientes, logrando tener un 30 por ciento de control del evento.<\/p>\n\n\n\n<p>El otro incendio activo se registra en La Escondida, comunidad del municipio de Ocampo, el cual presenta un 98 por ciento de control, habiendo afectado 140 hect\u00e1reas.<\/p>\n\n\n\n<p>En la reuni\u00f3n de este d\u00eda se acord\u00f3 trabajar de manera interinstitucional para reforzar las campa\u00f1as de prevenci\u00f3n, adoptando las acciones que contribuyan a evitar la propagaci\u00f3n de nuevos incendios forestales, regular en la medida de lo posible la quema de terrenos con fines de desmonte o preparaci\u00f3n de la tierra para la siembra y mantener una capacitaci\u00f3n permanente a los integrantes de las diversas brigadas de combate a los incendios.<\/p>\n\n\n\n<p>En la reuni\u00f3n tambi\u00e9n participaron, la secretaria de Desarrollo Urbano y Medio Ambiente, Karina Sald\u00edvar Lartigue y autoridades federales.<\/p>\n","protected":false},"excerpt":{"rendered":"<p>Ciudad Victoria, Tamps.- Para prevenir m\u00e1s incendios forestales en Tamaulipas, autoridades estatales y federales acordaron reforzar las campa\u00f1as de prevenci\u00f3n y mantener una capacitaci\u00f3n permanente de las brigadas de combate. &hellip; <a href=\"http:\/\/revistalaneta.com.mx\/?p=11995\" class=\"more-link\">Leer m\u00e1s<\/a><\/p>\n","protected":false},"author":1,"featured_media":11994,"comment_status":"open","ping_status":"open","sticky":false,"template":"","format":"standard","meta":{"footnotes":""},"categories":[7],"tags":[],"class_list":["post-11995","post","type-post","status-publish","format-standard","has-post-thumbnail","hentry","category-ciudad-victoria","entry"],"_links":{"self":[{"href":"http:\/\/revistalaneta.com.mx\/index.php?rest_route=\/wp\/v2\/posts\/11995","targetHints":{"allow":["GET"]}}],"collection":[{"href":"http:\/\/revistalaneta.com.mx\/index.php?rest_route=\/wp\/v2\/posts"}],"about":[{"href":"http:\/\/revistalaneta.com.mx\/index.php?rest_route=\/wp\/v2\/types\/post"}],"author":[{"embeddable":true,"href":"http:\/\/revistalaneta.com.mx\/index.php?rest_route=\/wp\/v2\/users\/1"}],"replies":[{"embeddable":true,"href":"http:\/\/revistalaneta.com.mx\/index.php?rest_route=%2Fwp%2Fv2%2Fcomments&post=11995"}],"version-history":[{"count":1,"href":"http:\/\/revistalaneta.com.mx\/index.php?rest_route=\/wp\/v2\/posts\/11995\/revisions"}],"predecessor-version":[{"id":11996,"href":"http:\/\/revistalaneta.com.mx\/index.php?rest_route=\/wp\/v2\/posts\/11995\/revisions\/11996"}],"wp:featuredmedia":[{"embeddable":true,"href":"http:\/\/revistalaneta.com.mx\/index.php?rest_route=\/wp\/v2\/media\/11994"}],"wp:attachment":[{"href":"http:\/\/revistalaneta.com.mx\/index.php?rest_route=%2Fwp%2Fv2%2Fmedia&parent=11995"}],"wp:term":[{"taxonomy":"category","embeddable":true,"href":"http:\/\/revistalaneta.com.mx\/index.php?rest_route=%2Fwp%2Fv2%2Fcategories&post=11995"},{"taxonomy":"post_tag","embeddable":true,"href":"http:\/\/revistalaneta.com.mx\/index.php?rest_route=%2Fwp%2Fv2%2Ftags&post=11995"}],"curies":[{"name":"wp","href":"https:\/\/api.w.org\/{rel}","templated":true}]}}