{"id":12001,"date":"2024-05-09T11:46:12","date_gmt":"2024-05-09T11:46:12","guid":{"rendered":"http:\/\/revistalaneta.com.mx\/?p=12001"},"modified":"2024-05-09T11:46:34","modified_gmt":"2024-05-09T11:46:34","slug":"abordan-en-la-uat-actualidades-de-la-comunicacion-en-la-era-digital","status":"publish","type":"post","link":"http:\/\/revistalaneta.com.mx\/?p=12001","title":{"rendered":"Abordan en la UAT actualidades de la comunicaci\u00f3n en la era digital"},"content":{"rendered":"\n<p><\/p>\n\n\n\n<p>Ciudad Victoria, Tamps..- La Universidad Aut\u00f3noma de Tamaulipas (UAT) inici\u00f3 este 8 de mayo el programa de actividades acad\u00e9micas Yo Comunico Digital 8.0, una iniciativa que re\u00fane a estudiantes y profesionales de la comunicaci\u00f3n en un espacio de aprendizaje e intercambio de experiencias.<br>El evento integra una variedad de actividades dise\u00f1adas para enriquecer la formaci\u00f3n de quienes ejercer\u00e1n profesionalmente la comunicaci\u00f3n y a la vez fortalecer su vinculaci\u00f3n con destacadas personalidades del medio.<br>Entre las actividades programadas se encuentran conferencias magistrales, mesas de di\u00e1logo, talleres y la presentaci\u00f3n de trabajos como cortometrajes y videos realizados por estudiantes de la Licenciatura en Ciencias de la Comunicaci\u00f3n de la Facultad de Derecho y Ciencias Sociales Victoria (FDCSV).<br>Luego del protocolo inaugural, se imparti\u00f3 la conferencia magistral \u201cToma acci\u00f3n, no inspiraci\u00f3n&#8221;, a cargo de la comunic\u00f3loga Angie Salazar, reconocida por su destacada trayectoria en voz comercial, radio y locuci\u00f3n, quien comparti\u00f3 su experiencia personal y profesional, motivando a la juventud universitaria a perseguir sus metas y explorar diversas \u00e1reas dentro del campo de la comunicaci\u00f3n.<br>Durante su intervenci\u00f3n, present\u00f3 en un emotivo video la participaci\u00f3n de reconocidos locutores y actores de doblaje, como Mario Filio y Lili Barba, concluyendo con un espacio para interactuar con la comunidad estudiantil reunida en el Laboratorio de Televisi\u00f3n del plantel universitario.<br>La programaci\u00f3n de actividades contempl\u00f3 el desarrollo de talleres simult\u00e1neos en temas como habilidades socioemocionales, fotograf\u00eda, comunicaci\u00f3n pol\u00edtica, y estrategias para superar obst\u00e1culos y alcanzar el \u00e9xito en el \u00e1mbito de la comunicaci\u00f3n.<br>De igual manera, se program\u00f3 un festival cultural y art\u00edstico por parte de la comunidad estudiantil, adem\u00e1s de la proyecci\u00f3n de cortometrajes centrados en temas ambientales y la exhibici\u00f3n de videos producidos por el alumnado; y para culminar, la mesa de di\u00e1logo &#8220;Inteligencia artificial: la posibilidad de renovar la comunicolog\u00eda&#8221;.<br>Yo Comunico Digital 8.0 es organizado por la Facultad de Derecho y Ciencias Sociales Victoria de la UAT, en el marco del festejo anticipado por el pr\u00f3ximo D\u00eda del Comunic\u00f3logo, que se celebra el 12 de mayo.<\/p>\n","protected":false},"excerpt":{"rendered":"<p>Ciudad Victoria, Tamps..- La Universidad Aut\u00f3noma de Tamaulipas (UAT) inici\u00f3 este 8 de mayo el programa de actividades acad\u00e9micas Yo Comunico Digital 8.0, una iniciativa que re\u00fane a estudiantes y &hellip; <a href=\"http:\/\/revistalaneta.com.mx\/?p=12001\" class=\"more-link\">Leer m\u00e1s<\/a><\/p>\n","protected":false},"author":1,"featured_media":12000,"comment_status":"open","ping_status":"open","sticky":false,"template":"","format":"standard","meta":{"footnotes":""},"categories":[7],"tags":[],"class_list":["post-12001","post","type-post","status-publish","format-standard","has-post-thumbnail","hentry","category-ciudad-victoria","entry"],"_links":{"self":[{"href":"http:\/\/revistalaneta.com.mx\/index.php?rest_route=\/wp\/v2\/posts\/12001","targetHints":{"allow":["GET"]}}],"collection":[{"href":"http:\/\/revistalaneta.com.mx\/index.php?rest_route=\/wp\/v2\/posts"}],"about":[{"href":"http:\/\/revistalaneta.com.mx\/index.php?rest_route=\/wp\/v2\/types\/post"}],"author":[{"embeddable":true,"href":"http:\/\/revistalaneta.com.mx\/index.php?rest_route=\/wp\/v2\/users\/1"}],"replies":[{"embeddable":true,"href":"http:\/\/revistalaneta.com.mx\/index.php?rest_route=%2Fwp%2Fv2%2Fcomments&post=12001"}],"version-history":[{"count":1,"href":"http:\/\/revistalaneta.com.mx\/index.php?rest_route=\/wp\/v2\/posts\/12001\/revisions"}],"predecessor-version":[{"id":12002,"href":"http:\/\/revistalaneta.com.mx\/index.php?rest_route=\/wp\/v2\/posts\/12001\/revisions\/12002"}],"wp:featuredmedia":[{"embeddable":true,"href":"http:\/\/revistalaneta.com.mx\/index.php?rest_route=\/wp\/v2\/media\/12000"}],"wp:attachment":[{"href":"http:\/\/revistalaneta.com.mx\/index.php?rest_route=%2Fwp%2Fv2%2Fmedia&parent=12001"}],"wp:term":[{"taxonomy":"category","embeddable":true,"href":"http:\/\/revistalaneta.com.mx\/index.php?rest_route=%2Fwp%2Fv2%2Fcategories&post=12001"},{"taxonomy":"post_tag","embeddable":true,"href":"http:\/\/revistalaneta.com.mx\/index.php?rest_route=%2Fwp%2Fv2%2Ftags&post=12001"}],"curies":[{"name":"wp","href":"https:\/\/api.w.org\/{rel}","templated":true}]}}