{"id":12154,"date":"2024-05-16T22:53:07","date_gmt":"2024-05-16T22:53:07","guid":{"rendered":"http:\/\/revistalaneta.com.mx\/?p=12154"},"modified":"2024-05-16T22:53:50","modified_gmt":"2024-05-16T22:53:50","slug":"olga-sosa-recibe-respaldo-de-la-central-campesina-cardenista-y-de-lideres-campesinos-de-10-municipios","status":"publish","type":"post","link":"http:\/\/revistalaneta.com.mx\/?p=12154","title":{"rendered":"Olga Sosa recibe respaldo de la Central Campesina Cardenista y de l\u00edderes campesinos de 10 municipios"},"content":{"rendered":"\n<p><\/p>\n\n\n\n<ul class=\"wp-block-list\">\n<li>Olga Sosa ser\u00e1 nuestra Senadora y voz en el Senado, se\u00f1ala Mario Reyes Cant\u00fa, dirigente nacional de la Central Campesina Cardenista<\/li>\n<\/ul>\n\n\n\n<p>Cd Victoria, Tamps.- Seguros de que Morena es la mejor opci\u00f3n para transformar las condiciones del campo en Tamaulipas, l\u00edderes e integrantes de la Central Campesina Cardenista de los Municipios de Victoria, Aldama, Altamira, San Fernando, R\u00edo Bravo, Matamoros y Soto la Marina entre otros, se reunieron este lunes con la aspirante a la m\u00e1xima tribuna por Morena Olga Patricia Sosa Ru\u00edz, con el prop\u00f3sito de conocer sus propuestas y principalmente, el panorama que se percibe para el sector campesino, con la construcci\u00f3n del segundo piso de la transformaci\u00f3n, que encabeza la Dra Claudia Sheinbaum.<\/p>\n\n\n\n<p>En este encuentro Olga Sosa, agradeci\u00f3 la presencia del Coordinador Nacional de la CCC Mario Reyes Cant\u00fa y de los dirigentes agrarios municipales; dijo que con este respaldo, se fortalece su proyecto y la motiva para seguir trabajando con honestidad, pasi\u00f3n y humanismo, pero sobre todo, impulsando los derechos del sector campesino.<\/p>\n\n\n\n<p>Se\u00f1al\u00f3 que durante a\u00f1os ha sido una aliada de las organizaciones Campesinas y hoy con JR desde el Senado de la Rep\u00fablica, trabajar\u00e1n incondicionalmente para fortalecer la coordinaci\u00f3n entre el gobierno que encabeza el Doctor Am\u00e9rico Villarreal y la federaci\u00f3n; resalt\u00f3 que actualmente se cuenta con la pol\u00edtica social m\u00e1s grande de la historia, con programas sociales que hoy son derechos universales y con una pol\u00edtica de apoyar de manera directa a las personas, que ha contribuido en la reducci\u00f3n de la pobreza, la desigualdad y la miseria.<\/p>\n\n\n\n<p>&#8220;En el segundo piso y los cien compromisos de la Dra. Claudia, se dar\u00e1n cr\u00e9ditos para los peque\u00f1os y medianos productores, se fortalecer\u00e1 la tecnificaci\u00f3n del riego; impulsaremos el derecho a la tierra para mujeres trabajadoras del campo y vamos a legislar para garantizar el acceso a la seguridad social, que promueva igualdad de oportunidades, esto en un acto de justicia social y de bienestar; eso es humanismo, es la transformaci\u00f3n y con todo ello, queremos fortalecer la alianza con ustedes para dignificar el trabajo, impulsar la productividad y lograr que todo Tamaulipas avance&#8221;.<\/p>\n\n\n\n<p>Finalmente se comprometi\u00f3 a servir con honestidad y con eficiencia, con un di\u00e1logo permanente que permite avanzar juntos; solicit\u00f3 que este pr\u00f3ximo 2 de junio, contribuyan con sus liderazgos, a respaldar el proyecto de Morena con 5 de 5 boletas.<\/p>\n","protected":false},"excerpt":{"rendered":"<p>Cd Victoria, Tamps.- Seguros de que Morena es la mejor opci\u00f3n para transformar las condiciones del campo en Tamaulipas, l\u00edderes e integrantes de la Central Campesina Cardenista de los Municipios &hellip; <a href=\"http:\/\/revistalaneta.com.mx\/?p=12154\" class=\"more-link\">Leer m\u00e1s<\/a><\/p>\n","protected":false},"author":1,"featured_media":12153,"comment_status":"open","ping_status":"open","sticky":false,"template":"","format":"standard","meta":{"footnotes":""},"categories":[7],"tags":[],"class_list":["post-12154","post","type-post","status-publish","format-standard","has-post-thumbnail","hentry","category-ciudad-victoria","entry"],"_links":{"self":[{"href":"http:\/\/revistalaneta.com.mx\/index.php?rest_route=\/wp\/v2\/posts\/12154","targetHints":{"allow":["GET"]}}],"collection":[{"href":"http:\/\/revistalaneta.com.mx\/index.php?rest_route=\/wp\/v2\/posts"}],"about":[{"href":"http:\/\/revistalaneta.com.mx\/index.php?rest_route=\/wp\/v2\/types\/post"}],"author":[{"embeddable":true,"href":"http:\/\/revistalaneta.com.mx\/index.php?rest_route=\/wp\/v2\/users\/1"}],"replies":[{"embeddable":true,"href":"http:\/\/revistalaneta.com.mx\/index.php?rest_route=%2Fwp%2Fv2%2Fcomments&post=12154"}],"version-history":[{"count":1,"href":"http:\/\/revistalaneta.com.mx\/index.php?rest_route=\/wp\/v2\/posts\/12154\/revisions"}],"predecessor-version":[{"id":12155,"href":"http:\/\/revistalaneta.com.mx\/index.php?rest_route=\/wp\/v2\/posts\/12154\/revisions\/12155"}],"wp:featuredmedia":[{"embeddable":true,"href":"http:\/\/revistalaneta.com.mx\/index.php?rest_route=\/wp\/v2\/media\/12153"}],"wp:attachment":[{"href":"http:\/\/revistalaneta.com.mx\/index.php?rest_route=%2Fwp%2Fv2%2Fmedia&parent=12154"}],"wp:term":[{"taxonomy":"category","embeddable":true,"href":"http:\/\/revistalaneta.com.mx\/index.php?rest_route=%2Fwp%2Fv2%2Fcategories&post=12154"},{"taxonomy":"post_tag","embeddable":true,"href":"http:\/\/revistalaneta.com.mx\/index.php?rest_route=%2Fwp%2Fv2%2Ftags&post=12154"}],"curies":[{"name":"wp","href":"https:\/\/api.w.org\/{rel}","templated":true}]}}