{"id":12166,"date":"2024-05-17T00:15:58","date_gmt":"2024-05-17T00:15:58","guid":{"rendered":"http:\/\/revistalaneta.com.mx\/?p=12166"},"modified":"2024-05-17T00:16:15","modified_gmt":"2024-05-17T00:16:15","slug":"sostiene-reunion-jorge-perez-santos-con-vecinos-de-la-naciones-unidas","status":"publish","type":"post","link":"http:\/\/revistalaneta.com.mx\/?p=12166","title":{"rendered":"Sostiene reuni\u00f3n Jorge P\u00e9rez Santos con vecinos de la Naciones Unidas"},"content":{"rendered":"\n<p><\/p>\n\n\n\n<ul class=\"wp-block-list\">\n<li>Posteriormente El Doc.,tambi\u00e9n recorri\u00f3 las calles de la colonia Voluntad y Trabjo 2<br>Nuevo Laredo<\/li>\n<\/ul>\n\n\n\n<p>Nuevo Laredo, Tamps.- El candidato a la Diputaci\u00f3n local por el D1, el Dr. Jorge P\u00e9rez Santos, se mostr\u00f3 muy contento por el c\u00e1lido recibimiento que le brindaron vecinos de la colonia Naciones Unidas, dej\u00f3 claro que, en contraste de otras campa\u00f1as, esta es diferente. \u201cVengo a escuchar sus necesidades, demandas e inquietudes y de esta manera acordar que acciones se deben ejecutar, pero con base a lo que ustedes necesitan\u201d, expres\u00f3 el Doc.<br>El abanderado del PAN-PRI, estuvo acompa\u00f1ado por su suplente, Alan Benito Solis., quien invit\u00f3 a los colonos a salir a votar el pr\u00f3ximo 2 de junio por todos los candidatos de la Coalici\u00f3n Fuerza y Coraz\u00f3n por Tamaulipas.<br>M\u00e1s tarde, P\u00e9rez Santos recorri\u00f3 las calles de la colonia Voluntad y Trabaj\u00f3 2 donde recalc\u00f3 los compromisos de arreglar las principales problem\u00e1ticas del D1, con un discurso en el que afirm\u00f3 que la gente quiere un cambio en la ciudad al notarse la falta de sensibilidad y preocupaci\u00f3n por parte de la administraci\u00f3n actual.<br>\u201cLa propuesta es muy clara: vamos en contra de la desigualdad que hay en la ciudad; queremos que haya bienestar para todas y todos los neolaredenses, queremos que haya desarrollo, que haya crecimiento, pero no para unos cuantos, queremos una prosperidad compartida propiciando bienestar para todas y todos&#8221;, dijo Jorge P\u00e9rez Santos, candidato a diputado local.<\/p>\n","protected":false},"excerpt":{"rendered":"<p>Nuevo Laredo, Tamps.- El candidato a la Diputaci\u00f3n local por el D1, el Dr. Jorge P\u00e9rez Santos, se mostr\u00f3 muy contento por el c\u00e1lido recibimiento que le brindaron vecinos de &hellip; <a href=\"http:\/\/revistalaneta.com.mx\/?p=12166\" class=\"more-link\">Leer m\u00e1s<\/a><\/p>\n","protected":false},"author":1,"featured_media":12165,"comment_status":"open","ping_status":"open","sticky":false,"template":"","format":"standard","meta":{"footnotes":""},"categories":[4],"tags":[],"class_list":["post-12166","post","type-post","status-publish","format-standard","has-post-thumbnail","hentry","category-nuevo-laredo","entry"],"_links":{"self":[{"href":"http:\/\/revistalaneta.com.mx\/index.php?rest_route=\/wp\/v2\/posts\/12166","targetHints":{"allow":["GET"]}}],"collection":[{"href":"http:\/\/revistalaneta.com.mx\/index.php?rest_route=\/wp\/v2\/posts"}],"about":[{"href":"http:\/\/revistalaneta.com.mx\/index.php?rest_route=\/wp\/v2\/types\/post"}],"author":[{"embeddable":true,"href":"http:\/\/revistalaneta.com.mx\/index.php?rest_route=\/wp\/v2\/users\/1"}],"replies":[{"embeddable":true,"href":"http:\/\/revistalaneta.com.mx\/index.php?rest_route=%2Fwp%2Fv2%2Fcomments&post=12166"}],"version-history":[{"count":1,"href":"http:\/\/revistalaneta.com.mx\/index.php?rest_route=\/wp\/v2\/posts\/12166\/revisions"}],"predecessor-version":[{"id":12167,"href":"http:\/\/revistalaneta.com.mx\/index.php?rest_route=\/wp\/v2\/posts\/12166\/revisions\/12167"}],"wp:featuredmedia":[{"embeddable":true,"href":"http:\/\/revistalaneta.com.mx\/index.php?rest_route=\/wp\/v2\/media\/12165"}],"wp:attachment":[{"href":"http:\/\/revistalaneta.com.mx\/index.php?rest_route=%2Fwp%2Fv2%2Fmedia&parent=12166"}],"wp:term":[{"taxonomy":"category","embeddable":true,"href":"http:\/\/revistalaneta.com.mx\/index.php?rest_route=%2Fwp%2Fv2%2Fcategories&post=12166"},{"taxonomy":"post_tag","embeddable":true,"href":"http:\/\/revistalaneta.com.mx\/index.php?rest_route=%2Fwp%2Fv2%2Ftags&post=12166"}],"curies":[{"name":"wp","href":"https:\/\/api.w.org\/{rel}","templated":true}]}}