{"id":12208,"date":"2024-05-17T11:59:27","date_gmt":"2024-05-17T11:59:27","guid":{"rendered":"http:\/\/revistalaneta.com.mx\/?p=12208"},"modified":"2024-05-17T11:59:45","modified_gmt":"2024-05-17T11:59:45","slug":"reconoce-gobernador-labor-del-magisterio-tamaulipeco","status":"publish","type":"post","link":"http:\/\/revistalaneta.com.mx\/?p=12208","title":{"rendered":"Reconoce gobernador labor del magisterio tamaulipeco"},"content":{"rendered":"\n<p><\/p>\n\n\n\n<ul class=\"wp-block-list\">\n<li>En esta administraci\u00f3n estatal se recuperaron sueldos ca\u00eddos desde 2019, destaca secretario general de la Secci\u00f3n 30 del SNTE<\/li>\n<\/ul>\n\n\n\n<p>Ciudad Victoria, Tamps.- En el marco de la celebraci\u00f3n del D\u00eda del Maestro, el gobernador de Tamaulipas Am\u00e9rico Villarreal Anaya, agradeci\u00f3 a las y los profesores por su labor y vocaci\u00f3n de servicio, con formaci\u00f3n humanista, destacando la importancia de la educaci\u00f3n como pilar fundamental en la formaci\u00f3n de las personas y el desarrollo de la sociedad.<\/p>\n\n\n\n<p>&#8220;Somos (\u2026) de las vocaciones profesionales que ven por la persona, que ven por el humanismo&#8221;, afirm\u00f3.<\/p>\n\n\n\n<p>En este sentido, el mandatario destac\u00f3 la relevancia de la educaci\u00f3n en la transformaci\u00f3n de la sociedad y subray\u00f3 la importancia de una educaci\u00f3n colaborativa y solidaria.<\/p>\n\n\n\n<p>&#8220;Una educaci\u00f3n en la que todos veamos como le puede ir a tu pr\u00f3jimo, porque estoy muy seguro de que si te va bien a ti, es muy seguro que a m\u00ed tambi\u00e9n me pueda ir bien&#8221;, expres\u00f3.<\/p>\n\n\n\n<p>Durante el evento realizado en el Polyforum Victoria, el gobernador entreg\u00f3 reconocimientos y est\u00edmulos, as\u00ed como la medalla &#8220;Ignacio Manuel Altamirano&#8221;, por 40 a\u00f1os de servicio y la medalla &#8220;Rafael Ram\u00edrez&#8221;, por 30 a\u00f1os de servicio al m\u00e9rito educativo a destacados docentes de la entidad.<\/p>\n\n\n\n<p>AGRADECE GOBERNADOR A QUIENES HAN COLABORADO EN COMBATE A INCENDIO EN LA SIERRA MADRE<br \/>Adem\u00e1s, Villarreal Anaya aprovech\u00f3 la ocasi\u00f3n para reconocer y agradecer a quienes han colaborado en el combate al incendio en el Ca\u00f1\u00f3n del Novillo, resaltando el esp\u00edritu de solidaridad y colaboraci\u00f3n de la sociedad tamaulipeca.<\/p>\n\n\n\n<p>&#8220;Un agradecimiento y felicitaci\u00f3n a muchos ciudadanos que se aplicaron para ir contener el incendio del Ca\u00f1\u00f3n del Novillo y resarcir nuestras riquezas naturales, un aplauso para ellos, un reconocimiento&#8221;.<\/p>\n\n\n\n<p>Por su parte, la secretaria de Educaci\u00f3n, Luc\u00eda Aim\u00e9 Castillo Pastor, hizo un llamado a trabajar de manera conjunta sindicato, sociedad y gobierno para sanear las irregularidades heredadas y construir un mejor futuro para la educaci\u00f3n en el estado.<\/p>\n\n\n\n<p>EN ESTA ADMINISTRACI\u00d3N ESTATAL SE RECUPERARON SUELDOS CA\u00cdDOS DESDE 2019<br \/>Mientras que el secretario general de la Secci\u00f3n 30 del SNTE, Arnulfo Rodr\u00edguez Trevi\u00f1o destac\u00f3 que, en Tamaulipas, se logr\u00f3 en esta administraci\u00f3n estatal recuperar sueldos ca\u00eddos desde 2019.<\/p>\n\n\n\n<p>&#8220;Se pagaron 2019, 2020,2021, 2022 y 2023 ya est\u00e1 pagado. Luego pedimos algo que todo tamaulipeco y mexicano ten\u00edamos, los lentes, las becas y est\u00e1n por pagarse\u201d, se\u00f1al\u00f3, al tiempo que reiter\u00f3 su confianza en las instituciones y en el gobernador Am\u00e9rico Villarreal Anaya.<\/p>\n\n\n\n<p>Estuvieron presentes en el evento Juan Antonio Rodr\u00edguez Gonz\u00e1lez, representante del CEN del SNTE en Tamaulipas; Nora Hilda de los Reyes V\u00e1zquez, titular de la Oficina de Enlace Educativo de la SEP en Tamaulipas; el diputado Juan Vital Rom\u00e1n Mart\u00ednez, presidente de la Comisi\u00f3n de Educaci\u00f3n del Congreso y Hugo Alberto Galv\u00e1n Ibarra, regidor en funciones de alcalde de Ciudad Victoria.<\/p>\n","protected":false},"excerpt":{"rendered":"<p>Ciudad Victoria, Tamps.- En el marco de la celebraci\u00f3n del D\u00eda del Maestro, el gobernador de Tamaulipas Am\u00e9rico Villarreal Anaya, agradeci\u00f3 a las y los profesores por su labor y &hellip; <a href=\"http:\/\/revistalaneta.com.mx\/?p=12208\" class=\"more-link\">Leer m\u00e1s<\/a><\/p>\n","protected":false},"author":1,"featured_media":12207,"comment_status":"open","ping_status":"open","sticky":false,"template":"","format":"standard","meta":{"footnotes":""},"categories":[7],"tags":[],"class_list":["post-12208","post","type-post","status-publish","format-standard","has-post-thumbnail","hentry","category-ciudad-victoria","entry"],"_links":{"self":[{"href":"http:\/\/revistalaneta.com.mx\/index.php?rest_route=\/wp\/v2\/posts\/12208","targetHints":{"allow":["GET"]}}],"collection":[{"href":"http:\/\/revistalaneta.com.mx\/index.php?rest_route=\/wp\/v2\/posts"}],"about":[{"href":"http:\/\/revistalaneta.com.mx\/index.php?rest_route=\/wp\/v2\/types\/post"}],"author":[{"embeddable":true,"href":"http:\/\/revistalaneta.com.mx\/index.php?rest_route=\/wp\/v2\/users\/1"}],"replies":[{"embeddable":true,"href":"http:\/\/revistalaneta.com.mx\/index.php?rest_route=%2Fwp%2Fv2%2Fcomments&post=12208"}],"version-history":[{"count":1,"href":"http:\/\/revistalaneta.com.mx\/index.php?rest_route=\/wp\/v2\/posts\/12208\/revisions"}],"predecessor-version":[{"id":12209,"href":"http:\/\/revistalaneta.com.mx\/index.php?rest_route=\/wp\/v2\/posts\/12208\/revisions\/12209"}],"wp:featuredmedia":[{"embeddable":true,"href":"http:\/\/revistalaneta.com.mx\/index.php?rest_route=\/wp\/v2\/media\/12207"}],"wp:attachment":[{"href":"http:\/\/revistalaneta.com.mx\/index.php?rest_route=%2Fwp%2Fv2%2Fmedia&parent=12208"}],"wp:term":[{"taxonomy":"category","embeddable":true,"href":"http:\/\/revistalaneta.com.mx\/index.php?rest_route=%2Fwp%2Fv2%2Fcategories&post=12208"},{"taxonomy":"post_tag","embeddable":true,"href":"http:\/\/revistalaneta.com.mx\/index.php?rest_route=%2Fwp%2Fv2%2Ftags&post=12208"}],"curies":[{"name":"wp","href":"https:\/\/api.w.org\/{rel}","templated":true}]}}