{"id":1224,"date":"2022-10-10T14:38:28","date_gmt":"2022-10-10T14:38:28","guid":{"rendered":"http:\/\/revistalaneta.com.mx\/?p=1224"},"modified":"2022-10-10T14:38:52","modified_gmt":"2022-10-10T14:38:52","slug":"la-ful-uat-2022-sera-un-espacio-intercultural-y-educativo","status":"publish","type":"post","link":"http:\/\/revistalaneta.com.mx\/?p=1224","title":{"rendered":"La FUL UAT 2022 ser\u00e1 un espacio intercultural y educativo"},"content":{"rendered":"\n<p><br>La Feria Universitaria del Libro, a celebrarse en Tampico del 24 al 30 de octubre, contar\u00e1 con las editoriales m\u00e1s importantes del pa\u00eds y ofrecer\u00e1 una diversidad de eventos literarios, educativos, art\u00edsticos y culturales para todos los p\u00fablicos y edades.<\/p>\n\n\n\n<p>Ciudad Victoria, Tamps.- La Universidad Aut\u00f3noma de Tamaulipas (UAT) organiza la Feria Universitaria del Libro FUL UAT 2022, un espacio en el que participar\u00e1n las editoriales m\u00e1s importantes del pa\u00eds y que incluir\u00e1 actividades l\u00fadicas para ni\u00f1os.<br>A este respecto, el secretario de Vinculaci\u00f3n de la UAT, Mtro. Mauricio Pimentel Torres, destac\u00f3 que, como ha se\u00f1alado el rector Guillermo Mendoza Cavazos, se busca que la FUL UAT sea un evento de gran magnitud para difundir la lectura y ofrecer a la sociedad un encuentro intercultural y educativo de primer nivel en el sur del estado.<br>Ser\u00e1 un espacio abierto para que la comunidad universitaria y la sociedad disfruten de los eventos dedicados a la lectura, la cultura e incluso la gastronom\u00eda de la Huasteca, coment\u00f3, luego de mencionar que el acceso a todos los eventos ser\u00e1 gratuito.<br>La Feria Universitaria del Libro se desarrollar\u00e1 del 24 al 30 de octubre en el Gimnasio Ol\u00edmpico del Centro Universitario Sur (Campus Tampico), con escenarios que ser\u00e1n instalados dentro y fuera de este espacio, donde se contemplan alrededor de treinta m\u00f3dulos con las m\u00e1s importantes editoriales del pa\u00eds y de la propia UAT.<br>Se contar\u00e1 con la participaci\u00f3n de los historiadores Paco Ignacio Taibo II y Fritz Glockner, adem\u00e1s de autores de diversos g\u00e9neros de la literatura y tem\u00e1ticas para todos los p\u00fablicos.<br>Pimentel Torres refiri\u00f3 que se presentar\u00e1n novelistas, historiadores, comunicadores; se contempla la participaci\u00f3n de universidades p\u00fablicas y privadas, as\u00ed como organismos del sector empresarial e institucional.<br>Inform\u00f3 que en la semana previa al evento se ha programado un recorrido del Librob\u00fas por la zona conurbada, y que en las actividades programadas de la FUL se dedicar\u00e1n espacios a los ni\u00f1os, quienes podr\u00e1n participar en talleres, presentaciones de cuentacuentos e interactuar con ilustradores nacionales y actores de doblaje.<br>El secretario de Vinculaci\u00f3n destac\u00f3 tambi\u00e9n que habr\u00e1 presentaciones de libros, conferencias, funciones de teatro, conciertos y ponencias.<br>Tendremos un \u00e1rea de emprendedores locales que est\u00e1n desarrollando marcas tamaulipecas, pero tambi\u00e9n de emprendedores universitarios para que puedan presentar sus productos, asent\u00f3.<br>El maestro Mauricio Pimentel se\u00f1al\u00f3 que se contar\u00e1 con la participaci\u00f3n de diferentes municipios de la Huasteca, debido a que la UAT atiende a muchos estudiantes provenientes de Veracruz, de San Luis Potos\u00ed y del estado de Hidalgo.<br>Se convierte en una feria intercultural regional en el tema econ\u00f3mico, art\u00edstico y educativo; por eso es una feria del libro distinta a las que existen en el pa\u00eds, porque van a converger municipios de diferentes estados con exposiciones gastron\u00f3micas y artesanales de la regi\u00f3n la Huasteca, lo que hace al evento ya de car\u00e1cter nacional, agreg\u00f3.<br>Por \u00faltimo, el funcionario universitario invit\u00f3 a consultar la p\u00e1gina oficial del evento en el sitio https:\/\/www.uat.edu.mx\/ful-2022 y en las redes sociales de la UAT, para conocer todos los detalles del programa, personajes que participan, cartelera de eventos y actividades, horarios y disponibilidad de espacios.<\/p>\n","protected":false},"excerpt":{"rendered":"<p>La Feria Universitaria del Libro, a celebrarse en Tampico del 24 al 30 de octubre, contar\u00e1 con las editoriales m\u00e1s importantes del pa\u00eds y ofrecer\u00e1 una diversidad de eventos literarios, &hellip; <a href=\"http:\/\/revistalaneta.com.mx\/?p=1224\" class=\"more-link\">Leer m\u00e1s<\/a><\/p>\n","protected":false},"author":1,"featured_media":1223,"comment_status":"open","ping_status":"open","sticky":false,"template":"","format":"standard","meta":{"footnotes":""},"categories":[7,8],"tags":[],"class_list":["post-1224","post","type-post","status-publish","format-standard","has-post-thumbnail","hentry","category-ciudad-victoria","category-tamaulipas-sur","entry"],"_links":{"self":[{"href":"http:\/\/revistalaneta.com.mx\/index.php?rest_route=\/wp\/v2\/posts\/1224","targetHints":{"allow":["GET"]}}],"collection":[{"href":"http:\/\/revistalaneta.com.mx\/index.php?rest_route=\/wp\/v2\/posts"}],"about":[{"href":"http:\/\/revistalaneta.com.mx\/index.php?rest_route=\/wp\/v2\/types\/post"}],"author":[{"embeddable":true,"href":"http:\/\/revistalaneta.com.mx\/index.php?rest_route=\/wp\/v2\/users\/1"}],"replies":[{"embeddable":true,"href":"http:\/\/revistalaneta.com.mx\/index.php?rest_route=%2Fwp%2Fv2%2Fcomments&post=1224"}],"version-history":[{"count":1,"href":"http:\/\/revistalaneta.com.mx\/index.php?rest_route=\/wp\/v2\/posts\/1224\/revisions"}],"predecessor-version":[{"id":1225,"href":"http:\/\/revistalaneta.com.mx\/index.php?rest_route=\/wp\/v2\/posts\/1224\/revisions\/1225"}],"wp:featuredmedia":[{"embeddable":true,"href":"http:\/\/revistalaneta.com.mx\/index.php?rest_route=\/wp\/v2\/media\/1223"}],"wp:attachment":[{"href":"http:\/\/revistalaneta.com.mx\/index.php?rest_route=%2Fwp%2Fv2%2Fmedia&parent=1224"}],"wp:term":[{"taxonomy":"category","embeddable":true,"href":"http:\/\/revistalaneta.com.mx\/index.php?rest_route=%2Fwp%2Fv2%2Fcategories&post=1224"},{"taxonomy":"post_tag","embeddable":true,"href":"http:\/\/revistalaneta.com.mx\/index.php?rest_route=%2Fwp%2Fv2%2Ftags&post=1224"}],"curies":[{"name":"wp","href":"https:\/\/api.w.org\/{rel}","templated":true}]}}