{"id":12265,"date":"2024-05-18T12:32:48","date_gmt":"2024-05-18T12:32:48","guid":{"rendered":"http:\/\/revistalaneta.com.mx\/?p=12265"},"modified":"2024-05-18T12:33:14","modified_gmt":"2024-05-18T12:33:14","slug":"tendra-la-uat-nueva-carrera","status":"publish","type":"post","link":"http:\/\/revistalaneta.com.mx\/?p=12265","title":{"rendered":"TENDR\u00c1 LA UAT NUEVA CARRERA"},"content":{"rendered":"\n<p><br>A partir del pr\u00f3ximo ciclo escolar 2024-3 (per\u00edodo de oto\u00f1o), la Universidad Aut\u00f3noma de Tamaulipas (UAT), ofrecer\u00e1 una nueva carrera, siendo esta la de Licenciatura en Producci\u00f3n Agropecuaria Sustentable, que impartir\u00e1 la Facultad de Medicina Veterinaria y Zootecnia \u201cDr. Norberto Trevi\u00f1o Zapata\u201d (FMVZ UAT). Esta carrera forma parte de los nuevos programas educativos que han sido aprobados por la gesti\u00f3n del rector de la UAT, D\u00e1maso Leonardo Anaya Alvarado, y el proceso de admisi\u00f3n ya est\u00e1 abierto, y tiene como fecha l\u00edmite para la recepci\u00f3n de solicitudes de aspirantes el 7 junio de 2024. Quienes deseen ingresar pueden iniciar su registro en l\u00ednea en la p\u00e1gina: https:\/\/registroaspirantes.uat.edu.mx\/, con acceso a trav\u00e9s del portal oficial de la UAT, donde est\u00e1 disponible una gu\u00eda de registro para hacer m\u00e1s f\u00e1cil su proceso. La aplicaci\u00f3n del examen psicom\u00e9trico ser\u00e1 del 1 al 3 de julio de 2024, y el curso proped\u00e9utico se realizar\u00e1 del 4 al 15 de julio y el examen CENEVAL (EXANI II) se aplicar\u00e1 el 16 de julio a partir de las 08:30 horas.<\/p>\n\n\n\n<p>INGRESA MAESTRA A GALER\u00cdA DE HONOR DEL MAGISTERIO<br \/>Como parte de las celebraciones por el D\u00eda del Maestro, se llev\u00f3 a cabo la entronizaci\u00f3n de la maestra Graciela Mendiola Rodr\u00edguez, como nueva integrante de la Galer\u00eda de Honor del Magisterio Tamaulipeco, adem\u00e1s de que tambi\u00e9n recibi\u00f3 la Medalla al M\u00e9rito \u201cLauro Aguirre\u201d. Fue la maestra Luc\u00eda Aim\u00e9 Castillo Pastor, Secretaria de Educaci\u00f3n de Tamaulipas (SET), quien en representaci\u00f3n del gobernador Am\u00e9rico Villarreal Anaya, presidi\u00f3 el evento en el cual se reconoci\u00f3 la trayectoria educativa de docentes tamaulipecos, realizado en Ciudad Victoria, y donde resalt\u00f3 la labor de la profesora homenajeada, quien ha dedicado su vida a educar, lo cual ha hecho en el nivel preescolar y aparte ha destacado en otras actividades magisteriales, incluyendo el haber sido coordinadora del Programa para el Desarrollo Profesional Docente, el cual desempe\u00f1\u00f3 de 2017 a 2023. En el evento tambi\u00e9n estuvo presente el secretario general del SNTE de Tamaulipas, Arnulfo Rodr\u00edguez Trevi\u00f1o, adem\u00e1s de otras personalidades.<\/p>\n\n\n\n<p>CELEBRA SST REUNI\u00d3N DE COMIT\u00c9 EPIDEMIOL\u00d3GICO<br \/>Luego del fallecimiento de cuatro personas que aparentemente murieron a consecuencia de la intensa ola de calor que registr\u00f3 el estado en d\u00edas pasados, el Grupo T\u00e9cnico Interinstitucional del Comit\u00e9 Estatal de Vigilancia Epidemiol\u00f3gica sostuvo una reuni\u00f3n en la que se buscar\u00e1 determinar justamente las causas que originaron dichas muertes, y descartar cualquier otro riesgo sanitario. En la misma reuni\u00f3n tambi\u00e9n se analiz\u00f3 el tema del dengue, toda vez que representa cierto riesgo al estar circulando en la entidad los cuatro serotipos de dicho mal, lo que puede generar un aumento en los casos del mismo. A la vez se habl\u00f3 sobre la gripe aviar, que aunque en el estado no se han dado casos, hay temor por la presencia que se ha presentado del mal en Estados Unidos. La reuni\u00f3n fue encabezada por autoridades de la Secretar\u00eda de Salud de Tamaulipas, pero tambi\u00e9n tomaron parte representantes del IMSS Bienestar, de la COEPRIS, as\u00ed como de unidades hospitalarias, jurisdicciones sanitarias, entre otros.<\/p>\n\n\n\n<p>FESTEJA ALCALDESA A PERSONAL DE ENFERMER\u00cdA<br \/>En el marco del D\u00eda Internacional de la Enfermer\u00eda, el Gobierno Municipal de Nuevo Laredo, llev\u00f3 a cabo un festejo a enfermeras y enfermeros de la localidad, en un evento celebrado en el Centro Cultural de Nuevo Laredo, y donde se ofreci\u00f3 un convivio a los asistentes, as\u00ed como se entregaron reconocimientos por trayectoria en el ramo de la enfermer\u00eda. Tomaron parte en el acto personal de hospitales p\u00fablicos como el IMSS, ISSSTE, Hospital General, Hospital Civil y la Jurisdicci\u00f3n Sanitaria 5, as\u00ed como privados, tales como el Hospital San Gerardo, Hospital San Jos\u00e9, Hospital M\u00e9xico-Americano, Cl\u00ednica de Especialidades entre otros. Se acord\u00f3 conmemorar anualmente este festejo, por lo que de antemano se conform\u00f3 un comit\u00e9 organizador del pr\u00f3ximo evento, a cargo de Juan Carlos Maldonado Pineda, representante del Hospital San Gerardo.<\/p>\n\n\n\n<p>GENERA RUIDO ACCI\u00d3N DE GREMIO SINDICAL<br \/>Vaya que ha impactado en el \u00e1mbito pol\u00edtico neolaredense el hecho de que los integrantes del Sindicato de Trabajadores de la COMAPA, le hayan abierto las puertas a Yahleel Abdala Carmona, candidata del PAN y el PRI a la Presidencia Municipal de Nuevo Laredo, para que les expusiera su plataforma de trabajo. Y es que exist\u00eda la percepci\u00f3n de que dicho gremio sindical estaba con MORENA, al ser administrada la COMAPA por el gobierno morenista, pero por lo visto no es as\u00ed, y hay cierta inconformidad entre los trabajadores por el hecho de que los directivos de la COMAPA no les han atendido en varias de sus peticiones, de ah\u00ed que se hayan revelado, y le hayan dado entrada a su gremio a Yahleel.<\/p>\n\n\n\n<p>LA CANDIDATA LASTRE<br \/>Quien sigue dando m\u00e1s problemas que ayuda, es la candidata a diputada local por el Distrito 2 de Nuevo Laredo, Ana Laura Huerta Valdovinos. Y es que aparte de no hacer campa\u00f1a por su propia cuenta, se sigue colgando de los eventos que realizan los hermanos Canturosas, lo que les representa a estos una carga muy pesada, ya que la se\u00f1ora la verdad no tiene carisma, no tiene imagen y ni siquiera tiene algo que resaltar de su funci\u00f3n como diputada federal, pues no hizo nada. Es simple y sencillamente un capricho de los l\u00edderes nacionales del Partido Verde, y un lastre para MORENA. Con decirle que no sabe ni escoger su equipo de trabajo, pues dos de sus colaboradoras se agarraron a golpes el martes por la tarde en un evento proselitista en la plaza situada frente a la UAT. As\u00ed de mal andan las cosas con la chilanga de Ana Laura, quien por cierto presume que ella no le debe nada a nadie de Nuevo Laredo, pues la pusieron directamente de la CDMX. Y s\u00ed lo dice, no es invento m\u00edo.<\/p>\n\n\n\n<p>VIENE TEMPUS<br \/>La agrupaci\u00f3n musical Tempus estar\u00e1 este s\u00e1bado 18 de mayo en Nuevo Laredo, ofreciendo un gran concierto. Este grupo, integrado por j\u00f3venes tamaulipecos, est\u00e1 llamando mucho la atenci\u00f3n a nivel nacional con su concierto de cuerdas con un estilo modernizado de m\u00fasica cl\u00e1sica, pop y mexicana, que est\u00e1 gustando mucho. El grupo est\u00e1 integrado Jess Baus, en el viol\u00edn, Tabata Scarlett, en el violoncello; Edgar Contreras, con la guitarra el\u00e9ctrica, Jes\u00fas Barrag\u00e1n, en la bater\u00eda, Isabella Govea, soprano, y J\u00fapiter Bautista, como director, pero tambi\u00e9n tocan do el violoncello y director. La verdad, vale la pena ir a verlos.<\/p>\n\n\n\n<p>LO \u00daLTIMO<br \/>Carmen Lilia y Carlos Canturosas Villarreal, candidatos a la alcald\u00eda y la diputaci\u00f3n federal de Nuevo Laredo, por los partidos MORENA, PT y PVEM, se reunieron con j\u00f3venes, ante quienes refrendaron el compromiso de impulsar al sector juvenil y combatir las deficiencias por las que atraviesa durante su desarrollo personal y profesional. Los hermanos Canturosas siguen teniendo encuentros con diversos grupos de la sociedad civil, con un gran respaldo de estos\u2026 Un encuentro con directivos del Sindicato Local de Trabajadores de la Industria Maquiladora de Nuevo Laredo, sostuvieron los candidatos del PAN y el PRI a los diversos puestos de elecci\u00f3n popular por esta ciudad fronteriza. Luis Eduardo Mart\u00ednez L\u00f3pez, dirigente de dicho gremio, dio la bienvenida a Yahleel Abdala Carmona, candidata a la alcald\u00eda; Manuel Canales Bermea, aspirante a la diputaci\u00f3n federal, as\u00ed como a Jorge P\u00e9rez Santos, Iliana Medina Garc\u00eda y H\u00e9ctor Canales Gonz\u00e1lez, los abanderados a las tres diputaciones locales, y se comprometi\u00f3 a respaldarlos en sus aspiraciones\u2026 Finalmente el Partido Acci\u00f3n Nacional (PAN) logr\u00f3 que le avalaran en definitiva su lista de candidatos a diputados locales plurinominales, y donde los primeros seis inscritos en la misma son cabecistas. Bueno, b\u00e1sicamente esto es un premio de consolaci\u00f3n para el ex mandatario estatal, despu\u00e9s de que lo \u201ctumbaron\u201d de la lista como diputado federal plurinominal\u2026 Que las Farmacias del Ahorro que se han instalado masivamente en Nuevo Laredo no solo est\u00e1n d\u00e1ndole competencia a las dem\u00e1s farmacias instaladas en la ciudad, sino tambi\u00e9n a los consultorios m\u00e9dicos, pues tambi\u00e9n est\u00e1n ofreciendo ese servicio, y con tarifas muy econ\u00f3micos. No pos s\u00ed.<\/p>\n\n\n\n<p>.<\/p>\n","protected":false},"excerpt":{"rendered":"<p>A partir del pr\u00f3ximo ciclo escolar 2024-3 (per\u00edodo de oto\u00f1o), la Universidad Aut\u00f3noma de Tamaulipas (UAT), ofrecer\u00e1 una nueva carrera, siendo esta la de Licenciatura en Producci\u00f3n Agropecuaria Sustentable, que &hellip; <a href=\"http:\/\/revistalaneta.com.mx\/?p=12265\" class=\"more-link\">Leer m\u00e1s<\/a><\/p>\n","protected":false},"author":1,"featured_media":12264,"comment_status":"open","ping_status":"open","sticky":false,"template":"","format":"standard","meta":{"footnotes":""},"categories":[2,3],"tags":[],"class_list":["post-12265","post","type-post","status-publish","format-standard","has-post-thumbnail","hentry","category-chismorreo","category-opinion","entry"],"_links":{"self":[{"href":"http:\/\/revistalaneta.com.mx\/index.php?rest_route=\/wp\/v2\/posts\/12265","targetHints":{"allow":["GET"]}}],"collection":[{"href":"http:\/\/revistalaneta.com.mx\/index.php?rest_route=\/wp\/v2\/posts"}],"about":[{"href":"http:\/\/revistalaneta.com.mx\/index.php?rest_route=\/wp\/v2\/types\/post"}],"author":[{"embeddable":true,"href":"http:\/\/revistalaneta.com.mx\/index.php?rest_route=\/wp\/v2\/users\/1"}],"replies":[{"embeddable":true,"href":"http:\/\/revistalaneta.com.mx\/index.php?rest_route=%2Fwp%2Fv2%2Fcomments&post=12265"}],"version-history":[{"count":1,"href":"http:\/\/revistalaneta.com.mx\/index.php?rest_route=\/wp\/v2\/posts\/12265\/revisions"}],"predecessor-version":[{"id":12266,"href":"http:\/\/revistalaneta.com.mx\/index.php?rest_route=\/wp\/v2\/posts\/12265\/revisions\/12266"}],"wp:featuredmedia":[{"embeddable":true,"href":"http:\/\/revistalaneta.com.mx\/index.php?rest_route=\/wp\/v2\/media\/12264"}],"wp:attachment":[{"href":"http:\/\/revistalaneta.com.mx\/index.php?rest_route=%2Fwp%2Fv2%2Fmedia&parent=12265"}],"wp:term":[{"taxonomy":"category","embeddable":true,"href":"http:\/\/revistalaneta.com.mx\/index.php?rest_route=%2Fwp%2Fv2%2Fcategories&post=12265"},{"taxonomy":"post_tag","embeddable":true,"href":"http:\/\/revistalaneta.com.mx\/index.php?rest_route=%2Fwp%2Fv2%2Ftags&post=12265"}],"curies":[{"name":"wp","href":"https:\/\/api.w.org\/{rel}","templated":true}]}}