{"id":12268,"date":"2024-05-18T12:34:16","date_gmt":"2024-05-18T12:34:16","guid":{"rendered":"http:\/\/revistalaneta.com.mx\/?p=12268"},"modified":"2024-05-18T12:34:42","modified_gmt":"2024-05-18T12:34:42","slug":"la-marea-rosa-estara-en-100-ciudades","status":"publish","type":"post","link":"http:\/\/revistalaneta.com.mx\/?p=12268","title":{"rendered":"LA MAREA ROSA ESTAR\u00c1 EN 100 CIUDADES"},"content":{"rendered":"\n<p><\/p>\n\n\n\n<p>-Es en defensa de la rep\u00fablica<\/p>\n\n\n\n<p>-M\u00e1s desarrollo ofrece Carmen a inmobiliarios<\/p>\n\n\n\n<p>-Una nueva Casa para el Adulto Mayor, propone Yahleel<\/p>\n\n\n\n<p>Tiempo&nbsp; de opinar<\/p>\n\n\n\n<p>Ra\u00fal&nbsp; Hern\u00e1ndez&nbsp; Moreno<\/p>\n\n\n\n<p>El domingo 19, el movimiento nacional \u201cMarea Rosa\u201d&nbsp; saldr\u00e1 a las calles de por lo menos 97&nbsp; ciudades, en \u201cdefensa de la rep\u00fablica\u201d.<\/p>\n\n\n\n<p>Es la cuarta marcha&nbsp; que organiza este movimiento, en el que se incluy\u00f3 una por la defensa del INE.<\/p>\n\n\n\n<p>Al gobierno federal no le gustan las acciones&nbsp; de esta agrupaci\u00f3n y el Presidente Andr\u00e9s L\u00f3pez Obrador se queja de que en realidad es un movimiento disfrazado tras el cual est\u00e1 la derecha. Tiene raz\u00f3n, como tambi\u00e9n tienen raz\u00f3n los opositores al denunciar que los Servidores de la Naci\u00f3n est\u00e1n al servicio de Morena y lo que es peor, se les paga un salario. Es &nbsp;la doble moral del que quiz\u00e1 sea el peor presidente en los 203 a\u00f1os del M\u00e9xico independiente y al que la&nbsp; historia lo juzgar\u00e1 con gran severidad, al grado de que muchos de los que hoy lo alaban, despu\u00e9s lo van a denostar. As\u00ed le paso a Mussolini, a Franco, a Somoza, a Papa Doc, a D\u00edaz, a Hitler, a Stalin, a Idi Amin, a Castro: mientras estuvieron en el poder muchos los alabaron y cuando cayeron, junto con ellos cayeron las estatuas que les dedicaron para&nbsp; honrarlos.<\/p>\n\n\n\n<p>El plant\u00f3n de la Marea Rosa no va a modificar las tendencias electorales, pero ser\u00e1 una advertencia a Claudia Sheinbaum de que hay una sociedad organizada&nbsp; dispuesta a&nbsp; parar la destrucci\u00f3n de las instituciones&nbsp; y del pa\u00eds. Esta resistencia ha sido permanente durante el sexenio de caricatura del obradorismo y&nbsp; va a continuar y es posible que haya necesidad de radicalizarse.<\/p>\n\n\n\n<p>A la oposici\u00f3n le urge un &nbsp;gran l\u00edder que los dirija con \u00e9xito. Los pillos de Alito, Marko y Zambrano, deben ser neutralizados y aislados, para&nbsp; que dejen de hacer da\u00f1o al pa\u00eds, pero en especial a la oposici\u00f3n.<\/p>\n\n\n\n<p>Por otra parte, Carmen Lilia Canturosas se reuni\u00f3 con socios de la Asociaci\u00f3n Mexicana de Profesionales Inmobiliarios, ante quienes explic\u00f3 lo que se hizo en los \u00faltimos dos a\u00f1os y medio para mejorar el desarrollo, entre lo que se incluye la pavimentaci\u00f3n de dos mil calles.<\/p>\n\n\n\n<p>Para los pr\u00f3ximos tres a\u00f1os se planean 750 obras.<\/p>\n\n\n\n<p>En otro tema, la&nbsp; candidata de la alianza PAN-PRI la presidencia municipal &nbsp;Yahleel Abdala propone abrir una Casa del Adulto Mayor en el poniente de la ciudad, para que&nbsp; abuelas y abuelas est\u00e9n m\u00e1s cerca&nbsp; y no haya necesidad de trasladarse a la sede actual, ubicada a un lado de la tienda Walmart.<\/p>\n\n\n\n<p>Es una&nbsp; buena propuesta&nbsp; porque abuelos&nbsp; hay por&nbsp; todos los&nbsp; rumbos de la ciudad&nbsp; y hay muchos de ellos que necesitan distraerse.<\/p>\n\n\n\n<p>Por otra parte, muchos de los afiliados a las agrupaciones de la CNOP&nbsp; est\u00e1n desorientados pues sus l\u00edderes no les han dicho si van a votar por la alianza PAN-PRI.<\/p>\n\n\n\n<p>Para colmo, algunas agrupaciones&nbsp; han&nbsp; recibido a&nbsp; Eugenio Hern\u00e1ndez, candidato a senador por el Verde y eso se presta a m\u00e1s confusi\u00f3n.<\/p>\n\n\n\n<p>La CNOP pertenece al PRI, el PRI est\u00e1 con Yahleel Abdala y por ah\u00ed&nbsp; debe darse la definici\u00f3n del sector y seguramente en los&nbsp; siguientes d\u00edas se les bajar\u00e1 la instrucci\u00f3n de que los cenopistas&nbsp; voten por&nbsp; ella.<\/p>\n","protected":false},"excerpt":{"rendered":"<p>-Es en defensa de la rep\u00fablica -M\u00e1s desarrollo ofrece Carmen a inmobiliarios -Una nueva Casa para el Adulto Mayor, propone Yahleel Tiempo&nbsp; de opinar Ra\u00fal&nbsp; Hern\u00e1ndez&nbsp; Moreno El domingo 19, &hellip; <a href=\"http:\/\/revistalaneta.com.mx\/?p=12268\" class=\"more-link\">Leer m\u00e1s<\/a><\/p>\n","protected":false},"author":1,"featured_media":12267,"comment_status":"open","ping_status":"open","sticky":false,"template":"","format":"standard","meta":{"footnotes":""},"categories":[2],"tags":[],"class_list":["post-12268","post","type-post","status-publish","format-standard","has-post-thumbnail","hentry","category-chismorreo","entry"],"_links":{"self":[{"href":"http:\/\/revistalaneta.com.mx\/index.php?rest_route=\/wp\/v2\/posts\/12268","targetHints":{"allow":["GET"]}}],"collection":[{"href":"http:\/\/revistalaneta.com.mx\/index.php?rest_route=\/wp\/v2\/posts"}],"about":[{"href":"http:\/\/revistalaneta.com.mx\/index.php?rest_route=\/wp\/v2\/types\/post"}],"author":[{"embeddable":true,"href":"http:\/\/revistalaneta.com.mx\/index.php?rest_route=\/wp\/v2\/users\/1"}],"replies":[{"embeddable":true,"href":"http:\/\/revistalaneta.com.mx\/index.php?rest_route=%2Fwp%2Fv2%2Fcomments&post=12268"}],"version-history":[{"count":1,"href":"http:\/\/revistalaneta.com.mx\/index.php?rest_route=\/wp\/v2\/posts\/12268\/revisions"}],"predecessor-version":[{"id":12269,"href":"http:\/\/revistalaneta.com.mx\/index.php?rest_route=\/wp\/v2\/posts\/12268\/revisions\/12269"}],"wp:featuredmedia":[{"embeddable":true,"href":"http:\/\/revistalaneta.com.mx\/index.php?rest_route=\/wp\/v2\/media\/12267"}],"wp:attachment":[{"href":"http:\/\/revistalaneta.com.mx\/index.php?rest_route=%2Fwp%2Fv2%2Fmedia&parent=12268"}],"wp:term":[{"taxonomy":"category","embeddable":true,"href":"http:\/\/revistalaneta.com.mx\/index.php?rest_route=%2Fwp%2Fv2%2Fcategories&post=12268"},{"taxonomy":"post_tag","embeddable":true,"href":"http:\/\/revistalaneta.com.mx\/index.php?rest_route=%2Fwp%2Fv2%2Ftags&post=12268"}],"curies":[{"name":"wp","href":"https:\/\/api.w.org\/{rel}","templated":true}]}}