{"id":1230,"date":"2022-10-10T14:41:38","date_gmt":"2022-10-10T14:41:38","guid":{"rendered":"http:\/\/revistalaneta.com.mx\/?p=1230"},"modified":"2022-10-10T14:42:02","modified_gmt":"2022-10-10T14:42:02","slug":"americo-tiene-todo-el-respaldo-regresare-con-todo-el-gabinete-para-apoyarlo-amlo","status":"publish","type":"post","link":"http:\/\/revistalaneta.com.mx\/?p=1230","title":{"rendered":"Am\u00e9rico tiene todo el respaldo; \u201cregresar\u00e9 con todo el gabinete para apoyarlo\u201d: AMLO"},"content":{"rendered":"\n<p><\/p>\n\n\n\n<p>Cd. Madero, Tamps.- El presidente Andr\u00e9s Manuel L\u00f3pez Obrador asegur\u00f3 que el pueblo de Tamaulipas es un ejemplo &#8220;porque ustedes hicieron valer la democracia&#8221; y anunci\u00f3 que regresar\u00e1 con todo el gabinete para apoyar a\u00fan m\u00e1s al gobernador Am\u00e9rico Villarreal.<\/p>\n\n\n\n<p>&#8220;Una bendici\u00f3n que ganara Am\u00e9rico Villarreal\u2026tienen un buen gobernador&#8221;, expres\u00f3 el presidente, mientras saludaba a los ciudadanos que entusiastamente se acercaron a su veh\u00edculo, para estrechar su mano y expresarle muestras de afecto.<\/p>\n\n\n\n<p>&#8220;Es un honor estar con Obrador&#8221;, corearon algunos de los presentes, mientras otros le gritaban &#8220;eres un freg\u00f3n&#8221;.<\/p>\n\n\n\n<p>A su salida de la refiner\u00eda, &#8216;Francisco I. Madero&#8217;, en donde encabez\u00f3 una reuni\u00f3n de supervisi\u00f3n a los trabajos de rehabilitaci\u00f3n en el complejo de Petr\u00f3leos Mexicanos, la tarde de este domingo, el presidente reiter\u00f3 que el gobernador Am\u00e9rico Villarreal tiene todo el respaldo del Gobierno Federal.<\/p>\n\n\n\n<p>Sobre los trabajos en la refiner\u00eda Madero, L\u00f3pez Obrador indic\u00f3 que &#8220;va avanzando y vamos a invertir m\u00e1s&#8221;, dijo.<\/p>\n\n\n\n<p>&#8220;La refiner\u00eda Madero que estaba parada cuando llegamos al gobierno, ahora despu\u00e9s de invertirle 8 mil millones de pesos est\u00e1 procesando 105 mil barriles diarios de petr\u00f3leo&#8221;, escribi\u00f3 el presidente en sus redes sociales, luego de la reuni\u00f3n de trabajo.<\/p>\n\n\n\n<p>&#8220;Me acompa\u00f1\u00f3 el gobernador Am\u00e9rico Villarreal y me compromet\u00ed a regresar con todo el gabinete para apoyar a\u00fan m\u00e1s al pueblo de Tamaulipas&#8221;, agreg\u00f3 en su publicaci\u00f3n.<\/p>\n\n\n\n<p>En la reuni\u00f3n de trabajo en la refiner\u00eda Madero tambi\u00e9n estuvieron presentes la Secretaria de Energ\u00eda, Roc\u00edo Nahle y el Director General de Pemex Octavio Romero Oropeza.<\/p>\n\n\n\n<p>Por su parte, el gobernador Am\u00e9rico Villarreal Anaya se dirigi\u00f3 al presidente de M\u00e9xico y asegur\u00f3 que Tamaulipas se sumar\u00e1 con voluntad y trabajo para contribuir a lograr la paz con justicia y un desarrollo equitativo en beneficio de los m\u00e1s pobres.<\/p>\n\n\n\n<p>Tras agradecer las repetidas expresiones de respaldo y afecto recibidas de parte del presidente de M\u00e9xico, el gobernador Am\u00e9rico Villarreal dese\u00f3 que esta sea la primera de muchas visitas de L\u00f3pez Obrador a tierras tamaulipecas.<\/p>\n\n\n\n<p>&#8220;En esta nueva etapa de colaboraci\u00f3n respetuosa y positiva, le reitero nuestra coincidencia con los principios de la Cuarta Transformaci\u00f3n, as\u00ed como mi compromiso firme de gobernar con honestidad, de hablar invariablemente con la verdad y ser siempre leal a nuestro pueblo&#8221;, expres\u00f3 el gobernador.<\/p>\n\n\n\n<p>El Jefe del Ejecutivo Estatal reiter\u00f3 el compromiso de su gobierno para trabajar en beneficio de los m\u00e1s pobres y para que M\u00e9xico pueda seguir construyendo por la v\u00eda pac\u00edfica, las bases de una naci\u00f3n m\u00e1s democr\u00e1tica, m\u00e1s justa socialmente y con un futuro mejor y promisorio para todas y todos.<\/p>\n","protected":false},"excerpt":{"rendered":"<p>Cd. Madero, Tamps.- El presidente Andr\u00e9s Manuel L\u00f3pez Obrador asegur\u00f3 que el pueblo de Tamaulipas es un ejemplo &#8220;porque ustedes hicieron valer la democracia&#8221; y anunci\u00f3 que regresar\u00e1 con todo &hellip; <a href=\"http:\/\/revistalaneta.com.mx\/?p=1230\" class=\"more-link\">Leer m\u00e1s<\/a><\/p>\n","protected":false},"author":1,"featured_media":1229,"comment_status":"open","ping_status":"open","sticky":false,"template":"","format":"standard","meta":{"footnotes":""},"categories":[6,8],"tags":[],"class_list":["post-1230","post","type-post","status-publish","format-standard","has-post-thumbnail","hentry","category-destacado","category-tamaulipas-sur","entry"],"_links":{"self":[{"href":"http:\/\/revistalaneta.com.mx\/index.php?rest_route=\/wp\/v2\/posts\/1230","targetHints":{"allow":["GET"]}}],"collection":[{"href":"http:\/\/revistalaneta.com.mx\/index.php?rest_route=\/wp\/v2\/posts"}],"about":[{"href":"http:\/\/revistalaneta.com.mx\/index.php?rest_route=\/wp\/v2\/types\/post"}],"author":[{"embeddable":true,"href":"http:\/\/revistalaneta.com.mx\/index.php?rest_route=\/wp\/v2\/users\/1"}],"replies":[{"embeddable":true,"href":"http:\/\/revistalaneta.com.mx\/index.php?rest_route=%2Fwp%2Fv2%2Fcomments&post=1230"}],"version-history":[{"count":1,"href":"http:\/\/revistalaneta.com.mx\/index.php?rest_route=\/wp\/v2\/posts\/1230\/revisions"}],"predecessor-version":[{"id":1231,"href":"http:\/\/revistalaneta.com.mx\/index.php?rest_route=\/wp\/v2\/posts\/1230\/revisions\/1231"}],"wp:featuredmedia":[{"embeddable":true,"href":"http:\/\/revistalaneta.com.mx\/index.php?rest_route=\/wp\/v2\/media\/1229"}],"wp:attachment":[{"href":"http:\/\/revistalaneta.com.mx\/index.php?rest_route=%2Fwp%2Fv2%2Fmedia&parent=1230"}],"wp:term":[{"taxonomy":"category","embeddable":true,"href":"http:\/\/revistalaneta.com.mx\/index.php?rest_route=%2Fwp%2Fv2%2Fcategories&post=1230"},{"taxonomy":"post_tag","embeddable":true,"href":"http:\/\/revistalaneta.com.mx\/index.php?rest_route=%2Fwp%2Fv2%2Ftags&post=1230"}],"curies":[{"name":"wp","href":"https:\/\/api.w.org\/{rel}","templated":true}]}}