{"id":12331,"date":"2024-05-22T19:22:11","date_gmt":"2024-05-22T19:22:11","guid":{"rendered":"http:\/\/revistalaneta.com.mx\/?p=12331"},"modified":"2024-05-22T19:22:32","modified_gmt":"2024-05-22T19:22:32","slug":"yahleel-abdala-firma-convenio-de-compromiso-con-asociacion-civil-armando-un-camino-de-vida-que-apoya-a-personas-con-discapacidad","status":"publish","type":"post","link":"http:\/\/revistalaneta.com.mx\/?p=12331","title":{"rendered":"Yahleel Abdala firma convenio de compromiso con Asociaci\u00f3n Civil \u201cArmando un Camino de Vida\u201d que apoya a personas con discapacidad"},"content":{"rendered":"\n<p><\/p>\n\n\n\n<ul class=\"wp-block-list\">\n<li>En este evento, la candidata del PRI-PAN anuncia la creaci\u00f3n de becas econ\u00f3micas para mam\u00e1s que cuiden a hijos con alguna discapacidad<\/li>\n<\/ul>\n\n\n\n<p>Nuevo Laredo, Tamps.- Al reunirse con integrantes de la asociaci\u00f3n civil Armando un Camino de Vida, para signar un convenio de colaboraci\u00f3n de siete puntos primordiales que vendr\u00e1n a fortalecer significativamente su plataforma de gobierno, Yahleel Abdala Carmona anunci\u00f3 la creaci\u00f3n por primera vez de las becas econ\u00f3micas para madres que cuidan a personas con alguna discapacidad.<\/p>\n\n\n\n<p>La candidata de la coalici\u00f3n \u201cFuerza y Coraz\u00f3n por Tamaulipas\u201d, fue recibida por la dirigente de dicho organismo, Claudia Salazar Aguilera, quien destac\u00f3 la voluntad pol\u00edtica de Yahleel Abdala de favorecer a este importante n\u00facleo de la poblaci\u00f3n, incluso, siendo la primera candidata que le hab\u00eda ofrecido tomarla en cuenta en su planilla.<\/p>\n\n\n\n<p>\u201c\u00bfD\u00edganme si hay alg\u00fan candidato con discapacidad en alguna planilla? No lo hay. Yo, por esperar a que me tomaran en cuenta en otro cargo, me abstuve de aceptar la invitaci\u00f3n de Yahleel Abdala, (ella) ten\u00eda el deseo de incluir a un regidor con discapacidad en su planilla y eso muestra que es mucha mujer y mucha pol\u00edtica para hablar con las personas con alguna discapacidad.<\/p>\n\n\n\n<p>\u201cPor eso me atrevo a decir que s\u00ed tenemos una candidata que s\u00ed est\u00e1 con las personas con discapacidad, que trae un proyecto de inclusi\u00f3n real para que las personas con capacidad y sus familias sean integradas y beneficiadas\u201d, dijo.<\/p>\n\n\n\n<p>El documento contempla tambi\u00e9n crear en el Cabildo una comisi\u00f3n, y una direcci\u00f3n en el organigrama, que atienda a esta poblaci\u00f3n, becas econ\u00f3micas para estudio, capacitaci\u00f3n o trabajo, as\u00ed como abrir en nivel secundaria y preparatoria la carrera t\u00e9cnica de Interpretaci\u00f3n de Se\u00f1as.<\/p>\n\n\n\n<p>Gran parte del pliego petitorio coincidentemente ya lo ten\u00eda previsto la candidata en su plataforma de trabajo, tales como la adecuaci\u00f3n de las viviendas de esta comunidad en lo que es el ba\u00f1o y la rec\u00e1mara que ocupen, edificaci\u00f3n de una casa de cuidado diario, una f\u00e1brica especial para ellos y ellas, entre otras.<\/p>\n\n\n\n<p>\u201cPero ahorita vengo a comprometerme con Claudia y con toda la asociaci\u00f3n, y yo quisiera que Claudia le diera lectura a cada una de las propuestas que tiene y podamos firmar el compromiso.<\/p>\n\n\n\n<p>Hay muchas cosas que hacer en beneficio de los ciudadanos, pero todo lo haremos con base en el censo que vamos a levantar en cuanto empiece a gobernar Nuevo Laredo con el voto de todos ustedes\u201d, se\u00f1al\u00f3.<\/p>\n","protected":false},"excerpt":{"rendered":"<p>Nuevo Laredo, Tamps.- Al reunirse con integrantes de la asociaci\u00f3n civil Armando un Camino de Vida, para signar un convenio de colaboraci\u00f3n de siete puntos primordiales que vendr\u00e1n a fortalecer &hellip; <a href=\"http:\/\/revistalaneta.com.mx\/?p=12331\" class=\"more-link\">Leer m\u00e1s<\/a><\/p>\n","protected":false},"author":1,"featured_media":12330,"comment_status":"open","ping_status":"open","sticky":false,"template":"","format":"standard","meta":{"footnotes":""},"categories":[4],"tags":[],"class_list":["post-12331","post","type-post","status-publish","format-standard","has-post-thumbnail","hentry","category-nuevo-laredo","entry"],"_links":{"self":[{"href":"http:\/\/revistalaneta.com.mx\/index.php?rest_route=\/wp\/v2\/posts\/12331","targetHints":{"allow":["GET"]}}],"collection":[{"href":"http:\/\/revistalaneta.com.mx\/index.php?rest_route=\/wp\/v2\/posts"}],"about":[{"href":"http:\/\/revistalaneta.com.mx\/index.php?rest_route=\/wp\/v2\/types\/post"}],"author":[{"embeddable":true,"href":"http:\/\/revistalaneta.com.mx\/index.php?rest_route=\/wp\/v2\/users\/1"}],"replies":[{"embeddable":true,"href":"http:\/\/revistalaneta.com.mx\/index.php?rest_route=%2Fwp%2Fv2%2Fcomments&post=12331"}],"version-history":[{"count":1,"href":"http:\/\/revistalaneta.com.mx\/index.php?rest_route=\/wp\/v2\/posts\/12331\/revisions"}],"predecessor-version":[{"id":12332,"href":"http:\/\/revistalaneta.com.mx\/index.php?rest_route=\/wp\/v2\/posts\/12331\/revisions\/12332"}],"wp:featuredmedia":[{"embeddable":true,"href":"http:\/\/revistalaneta.com.mx\/index.php?rest_route=\/wp\/v2\/media\/12330"}],"wp:attachment":[{"href":"http:\/\/revistalaneta.com.mx\/index.php?rest_route=%2Fwp%2Fv2%2Fmedia&parent=12331"}],"wp:term":[{"taxonomy":"category","embeddable":true,"href":"http:\/\/revistalaneta.com.mx\/index.php?rest_route=%2Fwp%2Fv2%2Fcategories&post=12331"},{"taxonomy":"post_tag","embeddable":true,"href":"http:\/\/revistalaneta.com.mx\/index.php?rest_route=%2Fwp%2Fv2%2Ftags&post=12331"}],"curies":[{"name":"wp","href":"https:\/\/api.w.org\/{rel}","templated":true}]}}