{"id":12346,"date":"2024-05-22T22:12:24","date_gmt":"2024-05-22T22:12:24","guid":{"rendered":"http:\/\/revistalaneta.com.mx\/?p=12346"},"modified":"2024-05-22T22:13:18","modified_gmt":"2024-05-22T22:13:18","slug":"en-el-debate-xochitl-galvez-ya-gano-afirma-yahleel-abdala","status":"publish","type":"post","link":"http:\/\/revistalaneta.com.mx\/?p=12346","title":{"rendered":"En el debate, X\u00f3chitl G\u00e1lvez ya gan\u00f3, afirma Yahleel Abdala"},"content":{"rendered":"\n<p><\/p>\n\n\n\n<p>Nuevo Laredo, Tamps.- El tercer y \u00faltimo debate presidencial, que se realiz\u00f3 este domingo, confirm\u00f3 que X\u00f3chitl G\u00e1lvez, candidata de la alianza Fuerza y Coraz\u00f3n por M\u00e9xico, es la mejor preparada para ser la pr\u00f3xima Presidenta de M\u00e9xico, afirm\u00f3 Yahleel Abdala Carmona, candidata a la Presidencia Municipal de Nuevo Laredo.<br>La abanderada de la alianza PAN-PRI \u201cFuerza y Coraz\u00f3n por Tamaulipas\u201d, se reuni\u00f3 con militantes en la sede local del Partido Acci\u00f3n Nacional para ver el encuentro entre los candidatos a la Presidencia de la Rep\u00fablica.<br>\u201cReafirmamos que X\u00f3chitl G\u00e1lvez ser\u00e1 la pr\u00f3xima presidenta de M\u00e9xico, una mujer preparada, comprometida, pero, sobre todo, con grandes propuestas y proyectos en beneficio de todos los mexicanos\u201d, expres\u00f3 Abdala Carmona al t\u00e9rmino del ejercicio democr\u00e1tico.<br>Sin duda, es la ganadora del debate, dijo, como lo fue en los dos anteriores porque present\u00f3 mejores propuestas y los ciudadanos pudieron constatarlo.<br>Por ello es necesario que en Nuevo Laredo tambi\u00e9n se realice esta actividad, previo a las votaciones del dos de junio.<br>\u201cSeguimos recalcando, ojal\u00e1 se lleve a cabo el debate aqu\u00ed en Nuevo Laredo, que es muy necesario, pero el dos de junio, la gente ya decidi\u00f3. A ganar todos los candidatos del PAN y del PRI, X\u00f3chitl presidenta.<br>\u201cPresent\u00f3 las mejores propuestas, el mayor conocimiento, la experiencia, pero, sobre todo, la \u00fanica que present\u00f3 soluciones fue X\u00f3chitl G\u00e1lvez. Definitivamente, la ganadora del debate y la ganadora el pr\u00f3ximo dos de junio, X\u00f3chitl G\u00e1lvez y Yahleel Abdala\u201d, mencion\u00f3.<\/p>\n","protected":false},"excerpt":{"rendered":"<p>Nuevo Laredo, Tamps.- El tercer y \u00faltimo debate presidencial, que se realiz\u00f3 este domingo, confirm\u00f3 que X\u00f3chitl G\u00e1lvez, candidata de la alianza Fuerza y Coraz\u00f3n por M\u00e9xico, es la mejor &hellip; <a href=\"http:\/\/revistalaneta.com.mx\/?p=12346\" class=\"more-link\">Leer m\u00e1s<\/a><\/p>\n","protected":false},"author":1,"featured_media":12345,"comment_status":"open","ping_status":"open","sticky":false,"template":"","format":"standard","meta":{"footnotes":""},"categories":[4],"tags":[],"class_list":["post-12346","post","type-post","status-publish","format-standard","has-post-thumbnail","hentry","category-nuevo-laredo","entry"],"_links":{"self":[{"href":"http:\/\/revistalaneta.com.mx\/index.php?rest_route=\/wp\/v2\/posts\/12346","targetHints":{"allow":["GET"]}}],"collection":[{"href":"http:\/\/revistalaneta.com.mx\/index.php?rest_route=\/wp\/v2\/posts"}],"about":[{"href":"http:\/\/revistalaneta.com.mx\/index.php?rest_route=\/wp\/v2\/types\/post"}],"author":[{"embeddable":true,"href":"http:\/\/revistalaneta.com.mx\/index.php?rest_route=\/wp\/v2\/users\/1"}],"replies":[{"embeddable":true,"href":"http:\/\/revistalaneta.com.mx\/index.php?rest_route=%2Fwp%2Fv2%2Fcomments&post=12346"}],"version-history":[{"count":1,"href":"http:\/\/revistalaneta.com.mx\/index.php?rest_route=\/wp\/v2\/posts\/12346\/revisions"}],"predecessor-version":[{"id":12347,"href":"http:\/\/revistalaneta.com.mx\/index.php?rest_route=\/wp\/v2\/posts\/12346\/revisions\/12347"}],"wp:featuredmedia":[{"embeddable":true,"href":"http:\/\/revistalaneta.com.mx\/index.php?rest_route=\/wp\/v2\/media\/12345"}],"wp:attachment":[{"href":"http:\/\/revistalaneta.com.mx\/index.php?rest_route=%2Fwp%2Fv2%2Fmedia&parent=12346"}],"wp:term":[{"taxonomy":"category","embeddable":true,"href":"http:\/\/revistalaneta.com.mx\/index.php?rest_route=%2Fwp%2Fv2%2Fcategories&post=12346"},{"taxonomy":"post_tag","embeddable":true,"href":"http:\/\/revistalaneta.com.mx\/index.php?rest_route=%2Fwp%2Fv2%2Ftags&post=12346"}],"curies":[{"name":"wp","href":"https:\/\/api.w.org\/{rel}","templated":true}]}}