{"id":12352,"date":"2024-05-23T06:27:29","date_gmt":"2024-05-23T06:27:29","guid":{"rendered":"http:\/\/revistalaneta.com.mx\/?p=12352"},"modified":"2024-05-23T06:27:44","modified_gmt":"2024-05-23T06:27:44","slug":"impulsara-yahleel-el-sector-transportista-con-importantes-obras-de-cabecera-que-vendran-a-facilitar-el-intercambio-comercial","status":"publish","type":"post","link":"http:\/\/revistalaneta.com.mx\/?p=12352","title":{"rendered":"Impulsar\u00e1 Yahleel el sector transportista con importantes obras de cabecera que vendr\u00e1n a facilitar el intercambio comercial"},"content":{"rendered":"\n<p><\/p>\n\n\n\n<p>Nuevo Laredo, Tamps.- En un encuentro pr\u00e1ctico y nutritivo, la candidata por la alianza \u201cFuerza y Coraz\u00f3n por Tamaulipas\u201d, Yahleel Abdala Carmona, particip\u00f3 en los Di\u00e1logos por la Democracia, organizada por la Asociaci\u00f3n de Transportistas de Carga.<br>Una de las actividades econ\u00f3micas principales de esta frontera es el transporte de mercanc\u00eda y en general, por lo que la aspirante a la Presidencia Municipal por la coalici\u00f3n PAN-PRI present\u00f3 sus propuestas para mejorar y facilitar esta funci\u00f3n.<br>Lo principal fue la retroalimentaci\u00f3n en este encuentro para fortalecer la plataforma de trabajo<br>Abdala Carmona dijo que dentro de su administraci\u00f3n municipal, despu\u00e9s de ser elegida por el electorado el pr\u00f3ximo 2 de junio, ser\u00e1 terminar la Radial 3, un importante acceso al puente del Comercio Mundial, hacer el paradero de tr\u00e1ileres a la salida de la ciudad y mejorar las vialidades que faciliten la circulaci\u00f3n vehicular del poniente a oriente de la ciudad.<br>La candidata a la presidencia Municipal fue acompa\u00f1ada por la f\u00f3rmula PAN-PRI, quienes participaron en este ejercicio, Imelda Sanmiguel S\u00e1nchez, candidata al Senado; Manuel Canales Bermea, candidato a diputado federal, as\u00ed como los candidatos a diputados locales, Iliana Medina Garc\u00eda, H\u00e9ctor Canales Gonz\u00e1lez y el doctor Jorge P\u00e9rez Santos.<br>APOYAR\u00c1 YAHLEEL A LOS BOLICHISTAS LOCALES<br>En otro evento, Yahleel Abdala atendi\u00f3 la invitaci\u00f3n para inaugurar el torneo de boliche \u201cYA Mereces M\u00e1s\u201d, en donde manifest\u00f3 que su gobierno dar\u00e1 todo el apoyo a los bolichistas locales para que puedan representar a la ciudad en torneos nacionales e internacionales, y asumi\u00f3 el compromiso de crear una Escuela de Boliche para detectar y proyectar talentos.<br>El evento sirvi\u00f3 de marco para que la candidata a\u00f1orara gratos recuerdos de su padre Jos\u00e9 Manuel Abdala de la Fuente, que perteneci\u00f3 y se destac\u00f3 en la familia bolichista.<br>\u201cEsta ma\u00f1ana tiene nostalgia porque tengo gratos recuerdos de poder compartir dentro del boliche con las familias, la convivencia, con mi padre que en paz descanse y el pap\u00e1 de Wicho, toda su familia muy bolichista, y ahorita que saludaba al se\u00f1or Pedro Pablo Mu\u00f1oz, pues \u00e9l recuerda que desde ni\u00f1os pap\u00e1 nos llevaba al boliche, muy peque\u00f1itos, era la parte en la que se disfrutaba bastante el poder compartir, el poder convivir. Este tipo de encuentros familiares son los que tenemos que empezar a promover\u201d, dijo.<br>Se\u00f1al\u00f3 que Nuevo Laredo ya ha demostrado a lo largo de la historia que es cuna de bolichistas.<br>Ah\u00ed fue cuando se comprometi\u00f3 a apoyar fuertemente a quienes practican este deporte.<br>\u201cQuiero que los bolichistas est\u00e9n concentrados en su formaci\u00f3n y pr\u00e1cticas, y no estar viendo c\u00f3mo le hacen para estar yendo a los torneos\u201d, concluy\u00f3 la abanderada del PAN-PRI, quien estuvo acompa\u00f1ada de su hijo Luis Orlando Castillo Abdala.<br>El torneo amistoso se llev\u00f3 a cabo en un escenario abarrotado de familias y participantes, y estuvo organizado por Alberto Gonz\u00e1lez y Edgar Ch\u00e1vez, quienes decidieron hacerlo en la modalidad No Tab y la primera bola fue lanzada por la candidata a regidora del sector, y quien tambi\u00e9n se destac\u00f3 en este deporte, Leticia Barrera Pe\u00f1a.<\/p>\n","protected":false},"excerpt":{"rendered":"<p>Nuevo Laredo, Tamps.- En un encuentro pr\u00e1ctico y nutritivo, la candidata por la alianza \u201cFuerza y Coraz\u00f3n por Tamaulipas\u201d, Yahleel Abdala Carmona, particip\u00f3 en los Di\u00e1logos por la Democracia, organizada &hellip; <a href=\"http:\/\/revistalaneta.com.mx\/?p=12352\" class=\"more-link\">Leer m\u00e1s<\/a><\/p>\n","protected":false},"author":1,"featured_media":12351,"comment_status":"open","ping_status":"open","sticky":false,"template":"","format":"standard","meta":{"footnotes":""},"categories":[4],"tags":[],"class_list":["post-12352","post","type-post","status-publish","format-standard","has-post-thumbnail","hentry","category-nuevo-laredo","entry"],"_links":{"self":[{"href":"http:\/\/revistalaneta.com.mx\/index.php?rest_route=\/wp\/v2\/posts\/12352","targetHints":{"allow":["GET"]}}],"collection":[{"href":"http:\/\/revistalaneta.com.mx\/index.php?rest_route=\/wp\/v2\/posts"}],"about":[{"href":"http:\/\/revistalaneta.com.mx\/index.php?rest_route=\/wp\/v2\/types\/post"}],"author":[{"embeddable":true,"href":"http:\/\/revistalaneta.com.mx\/index.php?rest_route=\/wp\/v2\/users\/1"}],"replies":[{"embeddable":true,"href":"http:\/\/revistalaneta.com.mx\/index.php?rest_route=%2Fwp%2Fv2%2Fcomments&post=12352"}],"version-history":[{"count":1,"href":"http:\/\/revistalaneta.com.mx\/index.php?rest_route=\/wp\/v2\/posts\/12352\/revisions"}],"predecessor-version":[{"id":12353,"href":"http:\/\/revistalaneta.com.mx\/index.php?rest_route=\/wp\/v2\/posts\/12352\/revisions\/12353"}],"wp:featuredmedia":[{"embeddable":true,"href":"http:\/\/revistalaneta.com.mx\/index.php?rest_route=\/wp\/v2\/media\/12351"}],"wp:attachment":[{"href":"http:\/\/revistalaneta.com.mx\/index.php?rest_route=%2Fwp%2Fv2%2Fmedia&parent=12352"}],"wp:term":[{"taxonomy":"category","embeddable":true,"href":"http:\/\/revistalaneta.com.mx\/index.php?rest_route=%2Fwp%2Fv2%2Fcategories&post=12352"},{"taxonomy":"post_tag","embeddable":true,"href":"http:\/\/revistalaneta.com.mx\/index.php?rest_route=%2Fwp%2Fv2%2Ftags&post=12352"}],"curies":[{"name":"wp","href":"https:\/\/api.w.org\/{rel}","templated":true}]}}