{"id":12403,"date":"2024-05-23T15:15:25","date_gmt":"2024-05-23T15:15:25","guid":{"rendered":"http:\/\/revistalaneta.com.mx\/?p=12403"},"modified":"2024-05-23T15:15:58","modified_gmt":"2024-05-23T15:15:58","slug":"anuncia-amlo-nueva-gira-por-tamaulipas","status":"publish","type":"post","link":"http:\/\/revistalaneta.com.mx\/?p=12403","title":{"rendered":"ANUNCIA AMLO NUEVA GIRA POR TAMAULIPAS"},"content":{"rendered":"\n<p><br>Una nueva gira a Tamaulipas anunci\u00f3 el presidente Andr\u00e9s Manuel L\u00f3pez Obrador para el 27 de mayo, en que vendr\u00e1 a supervisar los avances para la puesta en marcha del sistema de salud que debe entrar en servicio a partir del mes de septiembre de este a\u00f1o, en todo el pa\u00eds. Y a fin de garantizar que se est\u00e9 trabajando como es debido en este proyecto, es que el mandatario nacional realizar\u00e1 una gira de supervisi\u00f3n que de hecho inici\u00f3 este mi\u00e9rcoles en los estados de Colima y Michoac\u00e1n, y que se extender\u00e1 el jueves 24 de mayo en Zacatecas y San Luis Potos\u00ed, mientras que el s\u00e1bado 25, en Baja California y Sonora; el domingo 26 en Sinaloa y Nayarit, a la vez que el lunes 27 de mayo, visitar\u00e1 Tamaulipas, y el martes 28 concluir\u00e1 en los estados de Quintana Roo y Campeche. L\u00f3gicamente corresponder\u00e1 al gobernador Am\u00e9rico Villarreal Anaya darle la bienvenida en su visita a Tamaulipas.<\/p>\n\n\n\n<p>OFICINAS ESTATALES, REFUGIO ANTE INTENSAS TEMPERATURAS<br \/>Por instrucciones del Gobernador del Estado de Tamaulipas, tanto el Polyforum Victoria, como todas las oficinas p\u00fablicas del Gobierno del Estado situadas en el Parque Bicentenario, de la capital tamaulipeca, han sido puestas a disposici\u00f3n de la ciudadan\u00eda en general para que la gente que lo necesite, se resguarde del intenso calor que est\u00e1 azotando a la entidad, con temperaturas por encima de los 40 grados cent\u00edgrados. El propio mandatario estatal ha dado indicaciones al personal de Protecci\u00f3n Civil de Tamaulipas, a cargo de Luis Gerardo Gonz\u00e1lez de la Fuente, para que se asista a la poblaci\u00f3n ante las altas temperaturas y sobre todo se les recomiende no estar expuestos a los rayos del sol. Se espera que estas acciones humanistas se repliquen en los municipios, tanto en las oficinas estatales, como tambi\u00e9n en las municipales, digo, para que no le hagan al Mandrake.<\/p>\n\n\n\n<p>VA AGENTE ADUANAL DE NUEVO LAREDO POR CARGO EN CAAAREM<br \/>En el pr\u00f3ximo Congreso de la Confederaci\u00f3n de Asociaciones de Agentes Aduanales de la Rep\u00fablica Mexicana (CAAAREM), a celebrarse el pr\u00f3ximo 12 de julio, se llevar\u00e1n a cabo elecciones para renovar la Comisi\u00f3n de Honor y Justicia, por lo cual la Asociaci\u00f3n de Agentes Aduanales de Nuevo Laredo (AAANLD), que preside Jos\u00e9 Ignacio Zaragoza Ambrosi, ha avalado la candidatura al cargo de presidente de dicha comisi\u00f3n del agente aduanal neolaredense, Luis Fernando Vi\u00f1als Ortiz de la Pe\u00f1a, ex presidente de la propia AAANLD y agente aduanal con m\u00e1s de 30 a\u00f1os de servicio, y con un gran prestigio en la comunidad neolaredense. \u00a1Por el triunfo!<\/p>\n\n\n\n<p>EVALUA PROGRAMAS LA UAT<br \/>Tras presidir una reuni\u00f3n virtual en la cual se pusieron en marcha los trabajos para la evaluaci\u00f3n de programas acad\u00e9micos con fines de acreditaci\u00f3n por parte de organismos externos, el MVZ D\u00e1maso Anaya Alvarado, rector de la Universidad Aut\u00f3noma de Tamaulipas, hizo notar que dicho ejercicio es fundamental para la mejora continua de la oferta educativa con pertinencia y calidad que ofrece la m\u00e1xima casa de estudios, en beneficio de sus m\u00e1s de 40 mil estudiantes en la entidad. En este sentido el rector Anaya Alvarado dijo que en la UAT se avanza con paso firme hacia la calidad acad\u00e9mica mediante la reacreditaci\u00f3n externa de los programas acad\u00e9micos que atienden al alumnado, a la vez que destac\u00f3 que actualmente la universidad tiene alrededor del 90 por ciento de sus programas acad\u00e9micos acreditados, por lo que estos esfuerzos est\u00e1n encaminados a mejorar todos los procesos y servicios para consolidar la calidad de la oferta educativa.<\/p>\n\n\n\n<p>GRAN MITIN POL\u00cdTICO DE X\u00d3CHITL G\u00c1LVEZ<br \/>Cientos de neolaredenses acudieron este mi\u00e9rcoles al mitin pol\u00edtico de los candidatos de la alianza \u201cFuerza y Coraz\u00f3n por M\u00e9xico\u201d, celebrada en los terrenos situados a la entrada del Edificio de Seguridad P\u00fablica, y el cual fue encabezado nada m\u00e1s y nada menos que por X\u00f3chitl G\u00e1lvez Ruiz, la abanderada a la Presidencia de la Rep\u00fablica, y donde adem\u00e1s estuvieron los candidatos a las senadur\u00edas, Imelda Sanmiguel S\u00e1nchez y Arturo N\u00fa\u00f1ez Ruiz, adem\u00e1s de la candidata a la alcald\u00eda de Nuevo Laredo, Yahleel Abdala Carmona; el candidato a la diputaci\u00f3n federal de Nuevo Laredo, Manuel Canales Bermea, y los aspirantes a las diputaciones locales por los distritos 1, 2 y 3, Jorge P\u00e9rez Santos, Iliana Medina Garc\u00eda y H\u00e9ctor Canales Gonz\u00e1lez, adem\u00e1s del dirigente nacional del PAN, Marko Cort\u00e9s Mendoza, y otros invitados.<\/p>\n\n\n\n<p>ATENDER\u00c1 EL TEMA DE LA INSEGURIDAD<br \/>En dicho acto X\u00f3chitl G\u00e1lvez Ruiz empez\u00f3 su discurso lamentando la muerte de un ni\u00f1o de 11 a\u00f1os de edad, ocurrida en el estado de Tabasco, y el cual fue asesinado por defender a su madre, en un hecho que ha causado mucha indignaci\u00f3n en todo el pa\u00eds. En este sentido X\u00f3chitl dijo que cada d\u00eda mueren siete menores de 18 a\u00f1os y 10 mujeres, por lo que la inseguridad sigue siendo el flagelo de los mexicanos, y asegur\u00f3 que se dedicar\u00e1 a reducir los \u00edndices de criminalidad, a la vez que se comprometi\u00f3 a generar mejores condiciones de vida, construir un nuevo hospital y respaldar al gobierno de Nuevo Laredo, en todos los sentidos. Y aunque su mensaje fue breve, pues dur\u00f3 cerca de 15 minutos, fue muy aplaudido por los asistentes, a quienes dicho sea de paso hay que reconocerles su asistencia, pues el calor estuvo muy intenso, pero pudo m\u00e1s el ir a ver a su candidata.<\/p>\n\n\n\n<p>INICIAN LOS CIERRES DE CAMPA\u00d1A<br \/>Justamente este jueves inician los cierres de campa\u00f1a, y los arranca la coalici\u00f3n \u201cSeguiremos Haciendo Historia\u201d, con el cierre en el Distrito 1, a celebrarse en el Parque Lineal de la colonia Voluntad y Trabajo 3, con la presentaci\u00f3n de la Sonora Dinamita. Y el viernes 24 de mayo ser\u00e1 el cierre en el Distrito 2, en el parque Polvo Enamorado, con la presentaci\u00f3n de Los Reyes Locos, en tanto que el s\u00e1bado 25 de mayo ser\u00e1 el del Distrito 3 en el Tamul de la colonia Francisco Villa con la actuaci\u00f3n del grupo Pega-Pega de Emilio Reyna. Y para el martes 28 de mayo ser\u00e1 el gran cierre con la presentaci\u00f3n de Edwin Luna y La Leyenda, en la explanada Independencia del Palacio Federal. As\u00ed que Carmen Lilia Canturosas Villarreal, candidata a la alcald\u00eda; Carlos Canturosas Villarreal, candidato a la diputaci\u00f3n federal, y Gabriela Regalado Fuente, Ana Laura Huerta Valdovinos y Sergio Ojeda Castillo, abanderados a las diputaciones locales de los distritos 1, 2 y 3, invitan a los eventos, que iniciar\u00e1n todos a partir de las siete de la tarde de los d\u00edas mencionados.<\/p>\n\n\n\n<p>LO \u00daLTIMO<br \/>Habr\u00e1 que ver que grupos van a traer los de la alianza \u201cFuerza y Coraz\u00f3n por M\u00e9xico\u201d para sus cierres de campa\u00f1a. Se espera que los anuncien en estos d\u00edas, y a la vez se espera que no se queden atr\u00e1s, con relaci\u00f3n a sus oponentes\u2026 Los hermanos Carmen Lilia y Carlos Canturosas Villarreal siguen intensificando sus actividades proselitistas en pos de la alcald\u00eda y la diputaci\u00f3n federal por Nuevo Laredo, por la coalici\u00f3n MORENA-PT-PVEM. Ahora s\u00ed que como se dice com\u00fanmente, est\u00e1n echando toda la carne al asador, ya a menos de una semana de que concluyan las campa\u00f1as\u2026 Lamentable sin duda la muerte de cuatro personas tras la ca\u00edda de un templete en un acto pol\u00edtico del Movimiento Ciudadano (MC) en San Pedro Garza Garc\u00eda, Nuevo Le\u00f3n, tras una fuerte tormenta, y donde estaba el candidato a la Presidencia de la Rep\u00fablica, Jorge \u00c1lvarez M\u00e1ynez, quien por cierto se vio mal al aventar a una mujer para ponerse a salvo, y ya despu\u00e9s dijo que estaba bien, tras ser atendido en un hospital, al aparentemente ser parte de los cerca de 80 lesionados\u2026 Intenso estuvo el calor este mi\u00e9rcoles, en que llegamos a una sensaci\u00f3n t\u00e9rmica de 47 grados. Pero eso no es nada, se espera que el fin de semana alcancemos los 50 grados. Nos estamos cociendo, y todo esto porque no se previno en tiempo y forma el sembrar \u00e1rboles. Ahora andan con eso, pero tal vez ya sea demasiado tarde.<\/p>\n","protected":false},"excerpt":{"rendered":"<p>Una nueva gira a Tamaulipas anunci\u00f3 el presidente Andr\u00e9s Manuel L\u00f3pez Obrador para el 27 de mayo, en que vendr\u00e1 a supervisar los avances para la puesta en marcha del &hellip; <a href=\"http:\/\/revistalaneta.com.mx\/?p=12403\" class=\"more-link\">Leer m\u00e1s<\/a><\/p>\n","protected":false},"author":1,"featured_media":12402,"comment_status":"open","ping_status":"open","sticky":false,"template":"","format":"standard","meta":{"footnotes":""},"categories":[2,3],"tags":[],"class_list":["post-12403","post","type-post","status-publish","format-standard","has-post-thumbnail","hentry","category-chismorreo","category-opinion","entry"],"_links":{"self":[{"href":"http:\/\/revistalaneta.com.mx\/index.php?rest_route=\/wp\/v2\/posts\/12403","targetHints":{"allow":["GET"]}}],"collection":[{"href":"http:\/\/revistalaneta.com.mx\/index.php?rest_route=\/wp\/v2\/posts"}],"about":[{"href":"http:\/\/revistalaneta.com.mx\/index.php?rest_route=\/wp\/v2\/types\/post"}],"author":[{"embeddable":true,"href":"http:\/\/revistalaneta.com.mx\/index.php?rest_route=\/wp\/v2\/users\/1"}],"replies":[{"embeddable":true,"href":"http:\/\/revistalaneta.com.mx\/index.php?rest_route=%2Fwp%2Fv2%2Fcomments&post=12403"}],"version-history":[{"count":1,"href":"http:\/\/revistalaneta.com.mx\/index.php?rest_route=\/wp\/v2\/posts\/12403\/revisions"}],"predecessor-version":[{"id":12404,"href":"http:\/\/revistalaneta.com.mx\/index.php?rest_route=\/wp\/v2\/posts\/12403\/revisions\/12404"}],"wp:featuredmedia":[{"embeddable":true,"href":"http:\/\/revistalaneta.com.mx\/index.php?rest_route=\/wp\/v2\/media\/12402"}],"wp:attachment":[{"href":"http:\/\/revistalaneta.com.mx\/index.php?rest_route=%2Fwp%2Fv2%2Fmedia&parent=12403"}],"wp:term":[{"taxonomy":"category","embeddable":true,"href":"http:\/\/revistalaneta.com.mx\/index.php?rest_route=%2Fwp%2Fv2%2Fcategories&post=12403"},{"taxonomy":"post_tag","embeddable":true,"href":"http:\/\/revistalaneta.com.mx\/index.php?rest_route=%2Fwp%2Fv2%2Ftags&post=12403"}],"curies":[{"name":"wp","href":"https:\/\/api.w.org\/{rel}","templated":true}]}}