{"id":12466,"date":"2024-05-27T19:34:04","date_gmt":"2024-05-27T19:34:04","guid":{"rendered":"http:\/\/revistalaneta.com.mx\/?p=12466"},"modified":"2024-05-27T19:34:36","modified_gmt":"2024-05-27T19:34:36","slug":"supervisara-amlo-con-ava-proyectos-de-salud","status":"publish","type":"post","link":"http:\/\/revistalaneta.com.mx\/?p=12466","title":{"rendered":"SUPERVISAR\u00c1 AMLO CON AVA PROYECTOS DE SALUD"},"content":{"rendered":"\n<p><br>Bajo el objetivo de evaluar el modelo de salud IMSS-Bienestar, el presidente Andr\u00e9s Manuel L\u00f3pez Obrador volver\u00e1 a visitar este lunes Tamaulipas, donde justamente al lado del gobernador Am\u00e9rico Villarreal Anaya, supervisar\u00e1 los proyectos que se est\u00e1n implementando en la entidad para el mejoramiento de los servicios de salud que se brindan a los tamaulipecos. En este sentido cabe apuntar que el gobernador Villarreal Anaya ha estado cumpliendo con las indicaciones del presidente L\u00f3pez Obrador para revertir el abandono en que estaban los servicios de salud, tras un sexenio estatal donde no se atendi\u00f3 tan importante sector, y para lo cual el mandatario estatal, experto conocedor en la materia dada su profesi\u00f3n como doctor, ha podido establecer un plan emergente para ir mejorando en todos los sentidos el servicio m\u00e9dico, y prueba de ello es la modernizaci\u00f3n de los nosocomios, e incluso culminaci\u00f3n de obras hospitalarias que por mucho tiempo estuvieron paradas, como es el caso del Hospital General de Ciudad Madero. As\u00ed que se esperan buenas nuevas en materia de salud en esta nueva visita del presidente a Tamaulipas.<\/p>\n\n\n\n<p>MEJORA TAMAULIPAS EN DESEMPE\u00d1O PARA GENERAR EMPLEOS<br \/>Tamaulipas ocupa el s\u00e9ptimo lugar en Sistema de Evaluaci\u00f3n del Desempe\u00f1o de las Oficinas del Servicio Nacional del Empleo 2023, logrando una muy importante mejora en este tema, considerando que en la misma evaluaci\u00f3n del 2022 la entidad estaba en la posici\u00f3n n\u00famero 18, y peor a\u00fan en el 2021, en el lugar n\u00famero 28. Estos resultados, dados a conocer por la Secretar\u00eda del Trabajo del gobierno federal, y con base a la evaluaci\u00f3n realizadas en las 32 entidades federativas del pa\u00eds, revelan el significativo avance que ha tenido Tamaulipas refleja los esfuerzos y compromisos asumidos por el Gobierno del Estado que encabeza Am\u00e9rico Villarreal Anaya, y quien se ha preocupado mucho por vincular a quienes buscan trabajo, con empresas que ofrecen puestos formales, salarios competitivos y prestaciones, a nivel nacional y en algunos rubros laborales en el extranjero, adem\u00e1s de fomentar la inclusi\u00f3n laboral. Cabe apuntar que la evaluaci\u00f3n que realiza la Secretar\u00eda del Trabajo, a trav\u00e9s del Servicio Nacional del Empleo, considera cuatro aspectos fundamentales, siendo estos la Vinculaci\u00f3n Laboral, Movilidad Laboral, Administraci\u00f3n de Recursos y Servicios Complementarios-Capacitaci\u00f3n, en donde Tamaulipas demostr\u00f3 tener un avance significativo en cada uno de estos rubros.<\/p>\n\n\n\n<p>ESTE LUNES EL CIERRE DE LOS CANDIDATOS DEL PAN-PRI<br \/>Para este lunes est\u00e1 programado el cierre de campa\u00f1a de Yahleel Abdala Carmona, candidata a la alcald\u00eda de Nuevo Laredo y sus compa\u00f1eros de f\u00f3rmula a los diversos cargos de elecci\u00f3n popular, por la alianza \u201cFuerza y Coraz\u00f3n por M\u00e9xico\u201d. El evento ser\u00e1 en Calzada de los H\u00e9roes y Carlos Ozuna, frente a la tienda Chedraui, a partir de las siete y media de la tarde y con la presentaci\u00f3n de la Banda El Recodo, La Fievre Lokka y La C\u00faspide, por lo que va a estar bueno el bailongo, por lo que se espera una gran asistencia, y el acto ser\u00e1 sin duda para que Yahleel Abdala Carmona, as\u00ed como Manuel Canales Bermea, abanderado a la diputaci\u00f3n federal, adem\u00e1s de Jorge P\u00e9rez Santos, Iliana Medina Garc\u00eda y H\u00e9ctor Canales Gonz\u00e1lez, quienes aspiran a las diputaciones locales, y tambi\u00e9n Imelda Sanmiguel S\u00e1nchez, quien va en busca de la senadur\u00eda, presenten sus propuestas a la ciudadan\u00eda.<\/p>\n\n\n\n<p>CON \u00c9XITO CIERRES DE CAMPA\u00d1A DISTRITALES DE MORENA<br \/>Con gran \u00e9xito concluyeron los tres cierres de campa\u00f1a distritales de los candidatos a las diputaciones locales por la coalici\u00f3n conformada por los partidos MORENA, PT y PVEM, quienes en este caso son Gabriela Regalado Fuentes, Ana Laura Huerta Valdovinos y Sergio Ojeda Castillo. Dichos actos iniciaron desde el jueves, en el distrito 1 con un baile amenizado por la Sonora Dinamita, luego el viernes en el distrito 2 con la presentaci\u00f3n de los Reyes Locos y el s\u00e1bado se concluy\u00f3 en el distrito 3 con la actuaci\u00f3n del grupo Pega-Pega. En los tres eventos estuvo Carmen Lilia Canturosas Villarreal, la abanderada a la alcald\u00eda por la misma coalici\u00f3n. Falta un gran cierre que se va a celebrar este martes 28 de mayo en la explanada del Palacio Federal con la presentaci\u00f3n de Edwin Luna y La Leyenda, y que igualmente ser\u00e1 encabezada por Carmen Lilia, adem\u00e1s de su hermano Carlos Canturosas Villarreal, candidato a diputado federal por los mismos partidos.<\/p>\n\n\n\n<p>CELEBRA LA UAT IMPORTANTE FORO REGIONAL<br \/>Profesionistas, investigadores y acad\u00e9micos, as\u00ed como a productores del sector agroalimentario tomaron parte en el Foro Regional de Ganader\u00eda, Pesca y Acuicultura celebrado por la Universidad Aut\u00f3noma de Tamaulipas (UAT) en el puerto de Tampico. Dicho acto que, encabezado por el rector de la UAT, D\u00e1maso Anaya Alvarado, quien tras dar la bienvenida a los asistentes hizo notar que el foro se organiza para generar un espacio de dialogo y reflexi\u00f3n, as\u00ed como para analizar estrategias de autosuficiencia alimentaria considerando su sustento cultural y su papel en el desarrollo econ\u00f3mico m\u00e1s amigable con el medioambiente. Asimismo, manifest\u00f3 que este acercamiento permite generar ideas y propuestas que est\u00e9n disponibles, y buscando adem\u00e1s fomentar la participaci\u00f3n de todos los actores del sector agroalimentario, desde los productores hasta los consumidores, y sirven para el dise\u00f1o y la implementaci\u00f3n de pol\u00edticas adecuadas.<\/p>\n\n\n\n<p>ADIVINANZA<br \/>\u00bfQui\u00e9n es el funcionario municipal al que le apodan \u201cEl Huggies\u201d?, por aquello de que chupa 20 veces el peso al que est\u00e1 destinado, jejejeje.<\/p>\n\n\n\n<p>LO \u00daLTIMO<br \/>Falleci\u00f3 el doctor Braulio Pe\u00f1a Pimentel, reconocido galeno neolaredense. \u00a1Descanse en paz!\u2026 Eugenio Hern\u00e1ndez Flores, en su desesperaci\u00f3n por ser senado, anda difundiendo una historia donde se hace la v\u00edctima. Se le olvida que fue verdugo\u2026 El ex canciller Marcelo Ebrard Casaub\u00f3n estuvo este fin de semana en Tamaulipas. Vino concretamente al cierre de campa\u00f1a de Adri\u00e1n Oceguera Kerni\u00f3n, candidato a diputado federal por el Distrito 8 con cabecera en Tampico. El candidato a senador por la v\u00eda de representaci\u00f3n proporcional, est\u00e1 respaldando a diversos abanderados de la 4T en sus cierres de actividades proselitistas\u2026 El Am\u00e9rica como siempre gan\u00f3 el campeonato, pero siempre, con la ayuda el \u00e1rbitro. As\u00ed no se pinches puede,<\/p>\n","protected":false},"excerpt":{"rendered":"<p>Bajo el objetivo de evaluar el modelo de salud IMSS-Bienestar, el presidente Andr\u00e9s Manuel L\u00f3pez Obrador volver\u00e1 a visitar este lunes Tamaulipas, donde justamente al lado del gobernador Am\u00e9rico Villarreal &hellip; <a href=\"http:\/\/revistalaneta.com.mx\/?p=12466\" class=\"more-link\">Leer m\u00e1s<\/a><\/p>\n","protected":false},"author":1,"featured_media":12465,"comment_status":"open","ping_status":"open","sticky":false,"template":"","format":"standard","meta":{"footnotes":""},"categories":[2,3],"tags":[],"class_list":["post-12466","post","type-post","status-publish","format-standard","has-post-thumbnail","hentry","category-chismorreo","category-opinion","entry"],"_links":{"self":[{"href":"http:\/\/revistalaneta.com.mx\/index.php?rest_route=\/wp\/v2\/posts\/12466","targetHints":{"allow":["GET"]}}],"collection":[{"href":"http:\/\/revistalaneta.com.mx\/index.php?rest_route=\/wp\/v2\/posts"}],"about":[{"href":"http:\/\/revistalaneta.com.mx\/index.php?rest_route=\/wp\/v2\/types\/post"}],"author":[{"embeddable":true,"href":"http:\/\/revistalaneta.com.mx\/index.php?rest_route=\/wp\/v2\/users\/1"}],"replies":[{"embeddable":true,"href":"http:\/\/revistalaneta.com.mx\/index.php?rest_route=%2Fwp%2Fv2%2Fcomments&post=12466"}],"version-history":[{"count":1,"href":"http:\/\/revistalaneta.com.mx\/index.php?rest_route=\/wp\/v2\/posts\/12466\/revisions"}],"predecessor-version":[{"id":12467,"href":"http:\/\/revistalaneta.com.mx\/index.php?rest_route=\/wp\/v2\/posts\/12466\/revisions\/12467"}],"wp:featuredmedia":[{"embeddable":true,"href":"http:\/\/revistalaneta.com.mx\/index.php?rest_route=\/wp\/v2\/media\/12465"}],"wp:attachment":[{"href":"http:\/\/revistalaneta.com.mx\/index.php?rest_route=%2Fwp%2Fv2%2Fmedia&parent=12466"}],"wp:term":[{"taxonomy":"category","embeddable":true,"href":"http:\/\/revistalaneta.com.mx\/index.php?rest_route=%2Fwp%2Fv2%2Fcategories&post=12466"},{"taxonomy":"post_tag","embeddable":true,"href":"http:\/\/revistalaneta.com.mx\/index.php?rest_route=%2Fwp%2Fv2%2Ftags&post=12466"}],"curies":[{"name":"wp","href":"https:\/\/api.w.org\/{rel}","templated":true}]}}