{"id":12484,"date":"2024-05-28T10:36:15","date_gmt":"2024-05-28T10:36:15","guid":{"rendered":"http:\/\/revistalaneta.com.mx\/?p=12484"},"modified":"2024-05-28T10:36:28","modified_gmt":"2024-05-28T10:36:28","slug":"asiste-yahleel-abdala-al-foro-de-periodistas-organizado-por-la-union-de-agrupaciones-de-periodistas-unape","status":"publish","type":"post","link":"http:\/\/revistalaneta.com.mx\/?p=12484","title":{"rendered":"Asiste Yahleel Abdala al Foro de Periodistas organizado por la Uni\u00f3n de Agrupaciones de Periodistas (UNAPE)."},"content":{"rendered":"\n<p><\/p>\n\n\n\n<p>Nuevo Laredo, Tamps.- En la recta final de su campa\u00f1a, Yahleel Abdala Carmona dijo que las encuestas reales la colocan con una gran ventaja en las preferencias electorales, respecto a su contrincante, por lo que el resto de la campa\u00f1a la dedicar\u00e1 a refrendar su compromiso con los ciudadanos.<br>&#8220;Lo que esperamos YA nada m\u00e1s es poder consolidar el triunfo, hay que cuidarlo muy bien, la candidata m\u00e1s votada en el 2021 fue Yahleel Abdala y eso que no iba en alianza como ahora&#8221;, dijo la candidata a la Presidencia Municipal por la alianza \u201cFuerza y Coraz\u00f3n por Tamaulipas\u201d.<br>La candidata de la alianza PAN-PRI asisti\u00f3 amablemente como invitada al Foro de Propuestas Period\u00edsticas organizado por la Uni\u00f3n de Agrupaciones Period\u00edsticas de Nuevo Lardo (UNAPE), que dirige Pedro Edmundo Zapata Molina, mientras que la otra candidata se dio el lujo de desairarlos. \u201cEstaba invitada tambi\u00e9n la otra candidata, pero ayer por la tarde me avisaron que no iba a ser posible que estuviera, pero m\u00e1s agradecidos estamos con la licenciada Yahleel\u201d, mencion\u00f3 Zapata Molina.<br>Por toda respuesta, la candidata de Fuerza y Coraz\u00f3n por Tamaulipas reconoci\u00f3 el esfuerzo de cada comunicador y comunicadora.<br>\u201cPues yo tengo un compromiso moral muy fuerte con el gremio period\u00edstico, hija de periodista, presidente de la Asociaci\u00f3n de Periodista pap\u00e1, que en paz descanse, y yo como comunic\u00f3loga y m\u00e1ster en comunicaci\u00f3n, s\u00e9 lo que representan ustedes para el beneficio y el desarrollo de la ciudad\u201d, dijo.<br>Luego asumi\u00f3 cinco compromisos primordiales del gobierno que ella encabezar\u00e1 a partir del 1 de octubre, luego de que este 2 de Junio resulte ganadora en las urnas.<br>1.- Certeza de que su trabajo va a ser bien reconocido y libertad para que hagan los se\u00f1alamientos necesarios para mejorar una administraci\u00f3n municipal.<br>2.- Creaci\u00f3n de la Casa del Periodista, que arrope a las diferentes agrupaciones de periodistas que existen en la localidad, para que hagan sus foros y eventos.<br>3.- Desarrollar viviendas dignas para los periodistas locales.<br>4.- Acceso a una seguridad m\u00e9dica, y<br>5.- Fondo de ahorro para los periodistas, para enfrentar cualquier emergencia que se les presente.<br>Tambi\u00e9n recibi\u00f3 con agrado la propuesta de habilitar el Museo del Periodista, un proyecto que en otras ciudades est\u00e1 abierto al p\u00fablico, a fin de reconocer la labor en la comunidad de este gremio.<br>Abdala Carmona reiter\u00f3 que los \u00faltimos d\u00edas de campa\u00f1a los dedicar\u00e1 a consolidar su triunfo \u201cse palpa, se siente en la comunidad, en los ciudadanos y lo vamos a seguir reafirmando con la gente\u201d, concluy\u00f3.<\/p>\n","protected":false},"excerpt":{"rendered":"<p>Nuevo Laredo, Tamps.- En la recta final de su campa\u00f1a, Yahleel Abdala Carmona dijo que las encuestas reales la colocan con una gran ventaja en las preferencias electorales, respecto a &hellip; <a href=\"http:\/\/revistalaneta.com.mx\/?p=12484\" class=\"more-link\">Leer m\u00e1s<\/a><\/p>\n","protected":false},"author":1,"featured_media":12483,"comment_status":"open","ping_status":"open","sticky":false,"template":"","format":"standard","meta":{"footnotes":""},"categories":[4],"tags":[],"class_list":["post-12484","post","type-post","status-publish","format-standard","has-post-thumbnail","hentry","category-nuevo-laredo","entry"],"_links":{"self":[{"href":"http:\/\/revistalaneta.com.mx\/index.php?rest_route=\/wp\/v2\/posts\/12484","targetHints":{"allow":["GET"]}}],"collection":[{"href":"http:\/\/revistalaneta.com.mx\/index.php?rest_route=\/wp\/v2\/posts"}],"about":[{"href":"http:\/\/revistalaneta.com.mx\/index.php?rest_route=\/wp\/v2\/types\/post"}],"author":[{"embeddable":true,"href":"http:\/\/revistalaneta.com.mx\/index.php?rest_route=\/wp\/v2\/users\/1"}],"replies":[{"embeddable":true,"href":"http:\/\/revistalaneta.com.mx\/index.php?rest_route=%2Fwp%2Fv2%2Fcomments&post=12484"}],"version-history":[{"count":1,"href":"http:\/\/revistalaneta.com.mx\/index.php?rest_route=\/wp\/v2\/posts\/12484\/revisions"}],"predecessor-version":[{"id":12485,"href":"http:\/\/revistalaneta.com.mx\/index.php?rest_route=\/wp\/v2\/posts\/12484\/revisions\/12485"}],"wp:featuredmedia":[{"embeddable":true,"href":"http:\/\/revistalaneta.com.mx\/index.php?rest_route=\/wp\/v2\/media\/12483"}],"wp:attachment":[{"href":"http:\/\/revistalaneta.com.mx\/index.php?rest_route=%2Fwp%2Fv2%2Fmedia&parent=12484"}],"wp:term":[{"taxonomy":"category","embeddable":true,"href":"http:\/\/revistalaneta.com.mx\/index.php?rest_route=%2Fwp%2Fv2%2Fcategories&post=12484"},{"taxonomy":"post_tag","embeddable":true,"href":"http:\/\/revistalaneta.com.mx\/index.php?rest_route=%2Fwp%2Fv2%2Ftags&post=12484"}],"curies":[{"name":"wp","href":"https:\/\/api.w.org\/{rel}","templated":true}]}}