{"id":12490,"date":"2024-05-28T10:39:35","date_gmt":"2024-05-28T10:39:35","guid":{"rendered":"http:\/\/revistalaneta.com.mx\/?p=12490"},"modified":"2024-05-28T10:39:53","modified_gmt":"2024-05-28T10:39:53","slug":"se-reune-con-mas-de-500-empresarios-yahleel-abdala-es-momento-de-sonar-con-el-nuevo-laredo-que-ya-nos-merecemos","status":"publish","type":"post","link":"http:\/\/revistalaneta.com.mx\/?p=12490","title":{"rendered":"Se re\u00fane con m\u00e1s de 500 empresarios Yahleel Abdala: \u201cEs momento de so\u00f1ar con el Nuevo Laredo que ya nos merecemos\u201d"},"content":{"rendered":"\n<p><\/p>\n\n\n\n<p>Nuevo Laredo, Tamps.- \u201cLos invito a que so\u00f1emos con ese Nuevo Laredo que ya nos merecemos\u201d, expres\u00f3 Yahleel Abdala Carmona, candidata a la Presidencia Municipal, en reuni\u00f3n con empresarios, emprendedores y sociedad civil.<br>\u201cSo\u00f1ar que esta gran frontera de la cual yo me siento muy orgullosa, en los pr\u00f3ximos tres a\u00f1os sea referencia de buen gobierno, de productividad y visi\u00f3n de futuro, yo les pido que este dos de junio me dejen ser su pr\u00f3xima presidenta municipal\u201d, dijo.<br>Frente al presidente nacional del PAN, Marko Cort\u00e9s, la abanderada de la coalici\u00f3n PAN-PRI \u201cFuerza y Coraz\u00f3n por Tamaulipas\u201d, mencion\u00f3 que Nuevo Laredo necesita un gobierno que aproveche las grandes bondades que tiene. Primero, su capital humano; segundo, el gran presupuesto, pero un presupuesto que sea bien aplicado con transparencia, sin corrupci\u00f3n.<br>\u201cLes ofrezco ser un gobierno que deje de hacer nada m\u00e1s las gestiones tradicionales, las cosas cotidianas, y se atreva a so\u00f1ar y se atreva a ir en grande, Nuevo Laredo ya se lo merece.<br>\u201cHoy les pido tambi\u00e9n de su compromiso, eso es corresponsabilidad. Yo me comprometo a ser una gobernante \u00edntegra, cercana, de una sola pieza, y yo les pido a ustedes que est\u00e9n conmigo en cada momento para tomar las mejores decisiones\u201d, destac\u00f3.<br>La filosof\u00eda de su pr\u00f3ximo gobierno est\u00e1 basada en innovaci\u00f3n, prosperidad y un profundo compromiso con el avance y mejorar la calidad de vida de las y los ciudadanos. Est\u00e1 basada en un compromiso de vida, en experiencia, en trabajo constante, en el amor profundo por esta gran ciudad.<br>Abdala Carmona destac\u00f3 cinco pilares: Las personas, la comunidad, la ciudad, la econom\u00eda y el futuro, por lo que centrar\u00e1 las pol\u00edticas en el desarrollo humano integral. Que la comunidad tome el control de las decisiones.<br>\u201cQue las decisiones sean basadas en los proyectos estrat\u00e9gicos que han trabajado cada uno de los segmentos de la sociedad y de los ciudadanos de Nuevo Laredo. Basta de improvisaciones, basta de que llegue un gobernante en turno y haga lo que se le pegue en gana.<br>\u201cLos que vivimos en Nuevo Laredo, los que todos los d\u00edas trabajamos para salir adelante, ya estamos cansados de ver pasar el gran presupuesto que tiene la ciudad y seguimos estancados. Voy a fortalecerlos de a deveras\u201d, enfatiz\u00f3.<br>Convertir a Nuevo Laredo en una referencia de desarrollo sostenido, pero pensando con visi\u00f3n a futuro, con infraestructura a largo plazo. Invertirle a los servicios p\u00fablicos, tecnolog\u00eda en plantas potabilizadoras, rehabilitar las calles con precio real, y obras p\u00fablicas que no sean por capricho, adem\u00e1s de entrarle al tema de la movilidad urbana.<br>\u201cYo no voy a ser una presidenta municipal que se quede de brazos cruzados, no voy a ser una presidenta municipal que busque echar culpas, que se ande justificando. Voy a ser una presidenta municipal de resultados, para eso voy a ser su gestora, para eso voy a ser su defensora, para eso me he preparado, tengo la capacidad y la experiencia para tocar las puertas\u201d, afirm\u00f3.<br>Actualmente m\u00e1s de mil 500 millones de pesos en obra p\u00fablica se llevaron a otra ciudad, el 80 por ciento de la proveedur\u00eda en gobierno municipal es de fuera.<br>El compromiso de Yahleel Abdala es que el dinero de Nuevo Laredo se quede con los ciudadanos de Nuevo Laredo, con los empresarios de Nuevo Laredo, con los emprendedores de la ciudad.<\/p>\n","protected":false},"excerpt":{"rendered":"<p>Nuevo Laredo, Tamps.- \u201cLos invito a que so\u00f1emos con ese Nuevo Laredo que ya nos merecemos\u201d, expres\u00f3 Yahleel Abdala Carmona, candidata a la Presidencia Municipal, en reuni\u00f3n con empresarios, emprendedores &hellip; <a href=\"http:\/\/revistalaneta.com.mx\/?p=12490\" class=\"more-link\">Leer m\u00e1s<\/a><\/p>\n","protected":false},"author":1,"featured_media":12489,"comment_status":"open","ping_status":"open","sticky":false,"template":"","format":"standard","meta":{"footnotes":""},"categories":[4],"tags":[],"class_list":["post-12490","post","type-post","status-publish","format-standard","has-post-thumbnail","hentry","category-nuevo-laredo","entry"],"_links":{"self":[{"href":"http:\/\/revistalaneta.com.mx\/index.php?rest_route=\/wp\/v2\/posts\/12490","targetHints":{"allow":["GET"]}}],"collection":[{"href":"http:\/\/revistalaneta.com.mx\/index.php?rest_route=\/wp\/v2\/posts"}],"about":[{"href":"http:\/\/revistalaneta.com.mx\/index.php?rest_route=\/wp\/v2\/types\/post"}],"author":[{"embeddable":true,"href":"http:\/\/revistalaneta.com.mx\/index.php?rest_route=\/wp\/v2\/users\/1"}],"replies":[{"embeddable":true,"href":"http:\/\/revistalaneta.com.mx\/index.php?rest_route=%2Fwp%2Fv2%2Fcomments&post=12490"}],"version-history":[{"count":1,"href":"http:\/\/revistalaneta.com.mx\/index.php?rest_route=\/wp\/v2\/posts\/12490\/revisions"}],"predecessor-version":[{"id":12491,"href":"http:\/\/revistalaneta.com.mx\/index.php?rest_route=\/wp\/v2\/posts\/12490\/revisions\/12491"}],"wp:featuredmedia":[{"embeddable":true,"href":"http:\/\/revistalaneta.com.mx\/index.php?rest_route=\/wp\/v2\/media\/12489"}],"wp:attachment":[{"href":"http:\/\/revistalaneta.com.mx\/index.php?rest_route=%2Fwp%2Fv2%2Fmedia&parent=12490"}],"wp:term":[{"taxonomy":"category","embeddable":true,"href":"http:\/\/revistalaneta.com.mx\/index.php?rest_route=%2Fwp%2Fv2%2Fcategories&post=12490"},{"taxonomy":"post_tag","embeddable":true,"href":"http:\/\/revistalaneta.com.mx\/index.php?rest_route=%2Fwp%2Fv2%2Ftags&post=12490"}],"curies":[{"name":"wp","href":"https:\/\/api.w.org\/{rel}","templated":true}]}}