{"id":12508,"date":"2024-05-28T18:20:10","date_gmt":"2024-05-28T18:20:10","guid":{"rendered":"http:\/\/revistalaneta.com.mx\/?p=12508"},"modified":"2024-05-28T18:20:30","modified_gmt":"2024-05-28T18:20:30","slug":"escala-tamaulipas-al-septimo-lugar-en-evaluacion-nacional-del-empleo","status":"publish","type":"post","link":"http:\/\/revistalaneta.com.mx\/?p=12508","title":{"rendered":"Escala Tamaulipas al s\u00e9ptimo lugar en Evaluaci\u00f3n Nacional del Empleo"},"content":{"rendered":"\n<p><\/p>\n\n\n\n<p>Ciudad Victoria, Tamps.- En un considerable avance, Tamaulipas ha escalado del puesto 28 en 2021 y del puesto 18 en 2022, hasta el s\u00e9ptimo lugar a nivel nacional en el Sistema de Evaluaci\u00f3n del Desempe\u00f1o de las Oficinas del Servicio Nacional del Empleo 2023. Estos resultados fueron dados a conocer por la Secretar\u00eda del Trabajo federal, que preside Marath Bola\u00f1os.<\/p>\n\n\n\n<p>La dependencia destac\u00f3 que la evaluaci\u00f3n se lleva a cabo en las 32 entidades del pa\u00eds y as\u00ed poder mejorar los servicios ofrecidos. La notable mejora de Tamaulipas en 2023 refleja los esfuerzos y compromisos asumidos por el Gobierno del Estado.<\/p>\n\n\n\n<p>El Servicio Nacional del Empleo se dedica a apoyar gratuitamente a quienes buscan trabajo, conect\u00e1ndolos con empresas que ofrecen puestos formales, salarios competitivos y prestaciones, a nivel nacional y en algunos rubros laborales en el extranjero, adem\u00e1s de fomentar la inclusi\u00f3n laboral.<\/p>\n\n\n\n<p>La evaluaci\u00f3n qu\u00e9 realiz\u00f3 la Secretar\u00eda del Trabajo federal a trav\u00e9s del Servicio Nacional del Empleo, consider\u00f3 cuatro aspectos fundamentales: Vinculaci\u00f3n Laboral, Movilidad Laboral, Administraci\u00f3n de Recursos y Servicios Complementarios \u2013 Capacitaci\u00f3n, los cuales demostraron que Tamaulipas tiene un avance significativo en cada uno de estos rubros.<\/p>\n","protected":false},"excerpt":{"rendered":"<p>Ciudad Victoria, Tamps.- En un considerable avance, Tamaulipas ha escalado del puesto 28 en 2021 y del puesto 18 en 2022, hasta el s\u00e9ptimo lugar a nivel nacional en el &hellip; <a href=\"http:\/\/revistalaneta.com.mx\/?p=12508\" class=\"more-link\">Leer m\u00e1s<\/a><\/p>\n","protected":false},"author":1,"featured_media":12507,"comment_status":"open","ping_status":"open","sticky":false,"template":"","format":"standard","meta":{"footnotes":""},"categories":[7],"tags":[],"class_list":["post-12508","post","type-post","status-publish","format-standard","has-post-thumbnail","hentry","category-ciudad-victoria","entry"],"_links":{"self":[{"href":"http:\/\/revistalaneta.com.mx\/index.php?rest_route=\/wp\/v2\/posts\/12508","targetHints":{"allow":["GET"]}}],"collection":[{"href":"http:\/\/revistalaneta.com.mx\/index.php?rest_route=\/wp\/v2\/posts"}],"about":[{"href":"http:\/\/revistalaneta.com.mx\/index.php?rest_route=\/wp\/v2\/types\/post"}],"author":[{"embeddable":true,"href":"http:\/\/revistalaneta.com.mx\/index.php?rest_route=\/wp\/v2\/users\/1"}],"replies":[{"embeddable":true,"href":"http:\/\/revistalaneta.com.mx\/index.php?rest_route=%2Fwp%2Fv2%2Fcomments&post=12508"}],"version-history":[{"count":1,"href":"http:\/\/revistalaneta.com.mx\/index.php?rest_route=\/wp\/v2\/posts\/12508\/revisions"}],"predecessor-version":[{"id":12509,"href":"http:\/\/revistalaneta.com.mx\/index.php?rest_route=\/wp\/v2\/posts\/12508\/revisions\/12509"}],"wp:featuredmedia":[{"embeddable":true,"href":"http:\/\/revistalaneta.com.mx\/index.php?rest_route=\/wp\/v2\/media\/12507"}],"wp:attachment":[{"href":"http:\/\/revistalaneta.com.mx\/index.php?rest_route=%2Fwp%2Fv2%2Fmedia&parent=12508"}],"wp:term":[{"taxonomy":"category","embeddable":true,"href":"http:\/\/revistalaneta.com.mx\/index.php?rest_route=%2Fwp%2Fv2%2Fcategories&post=12508"},{"taxonomy":"post_tag","embeddable":true,"href":"http:\/\/revistalaneta.com.mx\/index.php?rest_route=%2Fwp%2Fv2%2Ftags&post=12508"}],"curies":[{"name":"wp","href":"https:\/\/api.w.org\/{rel}","templated":true}]}}