{"id":12514,"date":"2024-05-28T18:22:42","date_gmt":"2024-05-28T18:22:42","guid":{"rendered":"http:\/\/revistalaneta.com.mx\/?p=12514"},"modified":"2024-05-28T18:23:13","modified_gmt":"2024-05-28T18:23:13","slug":"instalaran-centros-de-mando-de-seguridad-por-elecciones","status":"publish","type":"post","link":"http:\/\/revistalaneta.com.mx\/?p=12514","title":{"rendered":"INSTALAR\u00c1N CENTROS DE MANDO DE SEGURIDAD POR ELECCIONES"},"content":{"rendered":"\n<p><br>Bajo el firme prop\u00f3sito de garantizar un proceso electoral ordenado, pac\u00edfico y seguro, el gobernador Am\u00e9rico Villarreal Anaya instalar\u00e1 Centros de Mandos Regionales de Seguridad en los seis municipios m\u00e1s importantes de la entidad como lo son Nuevo Laredo, Reynosa, Matamoros, Victoria, El Mante y Tampico, desde los cuales se atender\u00e1n todos los dem\u00e1s municipios de Tamaulipas. Esto fue anunciado por el propio mandatario estatal, quien indic\u00f3 que dichos centros estar\u00e1n conformados por miembros de la Secretar\u00eda de la Defensa Nacional (SEDENA), Marina, Guardia Nacional, \u00a0Guardia Estatal, Secretariado Ejecutivo del Sistema Estatal de Seguridad P\u00fablica, Secretar\u00eda General de Gobierno, Secretar\u00eda de Seguridad y Protecci\u00f3n Ciudadana, Secretar\u00eda de Seguridad P\u00fablica, \u00a0Fiscal\u00eda General de la Rep\u00fablica, Fiscal\u00eda General de Justicia de Tamaulipas (FGJT), Fiscal\u00eda Especializada para la Atenci\u00f3n de Delitos Electorales (FEPADE), y personal del Instituto Nacional Electoral y del Instituto Electoral de Tamaulipas (IETAM), entre otras dependencias, y entre las actividades que realizar\u00e1n se incluyen operativos de monitoreo y vigilancia para responder a cualquier incidencia antes, durante y despu\u00e9s de la jornada electoral. Se dijo que estas acciones se llevar\u00e1n a cabo en la v\u00eda p\u00fablica, en los lugares donde se instalar\u00e1n las casillas y en las oficinas de las instancias electorales.<\/p>\n\n\n\n<p>PRESIDENTE Y GOBERNADOR SOSTIENEN REUNI\u00d3N DE TRABAJO<br \/>En una reuni\u00f3n de trabajo que dur\u00f3 aproximadamente una hora, el presidente Andr\u00e9s Manuel L\u00f3pez Obrador conoci\u00f3 los avances de los trabajos del sector salud que le fueron presentados por el gobernador Am\u00e9rico Villarreal Anaya, este lunes al mediod\u00eda en el aeropuerto de Ciudad Victoria, capital del estado. El presidente L\u00f3pez Obrador cumpli\u00f3 con su visita anunciada a la entidad, y vino acompa\u00f1ado del director general del IMSS, Zo\u00e9 Robledo, as\u00ed como del titular de los servicios de salud del IMSS-Bienestar, Alejandro Calder\u00f3n Alipi; adem\u00e1s del director general de Laboratorios de Biol\u00f3gicos y Reactivos de M\u00e9xico (Birmex), el general Jens Pedro Lohmann Iturburu. Al t\u00e9rmino de la reuni\u00f3n, el mandatario estatal inform\u00f3 que se present\u00f3 el panorama que presenta el sector salud en el estado, adem\u00e1s de que se establecieron acciones para lograr una coordinaci\u00f3n m\u00e1s estrecha a fin de mejorar los porcentajes del surtido de medicamentos en general, as\u00ed como los de especialidad.<\/p>\n\n\n\n<p>INICIA ENTREGA DE PAQUETES ELECTORALES<br \/>Inici\u00f3 la entrega de los paquetes electorales a los presidentes de las mesas directivas de las 4 mil 952 casillas electorales que se instalar\u00e1n en Tamaulipas en los comicios del pr\u00f3ximo 2 de junio. Dicha entrega se lleva a cabo de manera coordinada entre las autoridades del Instituto Electoral de Tamaulipas (IETAM), y el Instituto Nacional Electoral (INE). Son un total de 4 mil 952 los paquetes electorales que contienen las mamparas, urnas, tinta indeleble y dem\u00e1s material que se utiliza el d\u00eda de la elecci\u00f3n, y obviamente es uno por cada casilla a colocarse.<\/p>\n\n\n\n<p>SIGUE CAMPA\u00d1A DE FUMIGACI\u00d3N<br \/>Contin\u00faa la campa\u00f1a de fumigaci\u00f3n contra el mosco trasmisor del dengue, el zika y chikungunya, esto por parte de la Jurisdicci\u00f3n Sanitaria N\u00famero 5, en coordinaci\u00f3n con el Gobierno Municipal de Nuevo Laredo. Para este martes se han programas acciones en las colonias Unidad Nacional, Villas de la Fe, La Fe, La Fe 2, Hip\u00f3dromo, 20 de Noviembre, Luis Donaldo Colosio, Los C\u00e1ntaros, Loma Bonita, Uni\u00f3n y An\u00e1huac Sur, y para el mi\u00e9rcoles se atender\u00e1n las colonias Rosita, Lomas del Poniente, Haciendas J. Longoria, San Rafael, Matamoros y Palacios, y el jueves se proceder\u00e1 en Alianza para la Producci\u00f3n, Fraccionamiento Maclovio Herrera, Buenos Aires, El Remolino, Roma 1 y 2, Altavista, CNOP, Jard\u00edn Juvencia, Pe\u00f1a Benavides y Militar. Se pide la participaci\u00f3n de la ciudadan\u00eda.<\/p>\n\n\n\n<p>LOS CIERRES DE CAMPA\u00d1AS<br \/>Miles de personas acudieron al cierre de campa\u00f1a de Yahleel Abdala Carmona, candidata a la alcald\u00eda por el PAN y el PRI, y sus compa\u00f1eros de f\u00f3rmula Manuel Canales Bermea, quien aspira a la diputaci\u00f3n federal, as\u00ed como Jorge P\u00e9rez Santos, Iliana Medina Garc\u00eda y H\u00e9ctor Canales Gonz\u00e1lez, aspirantes a las diputaciones locales e Imelda Sanmiguel S\u00e1nchez, candidata a la senadur\u00eda, y la cual fue celebrada este lunes por la noche en los terrenos frente a la tienda Chedraui del poniente, y donde ameniz\u00f3 la Banda El Recodo, as\u00ed como La Fievre Lokka y La C\u00faspide, lo que evidentemente gener\u00f3 que el evento fuera todo un \u00e9xito, y donde Yahleel reiter\u00f3 los proyectos a los cuales se comprometi\u00f3 durante la campa\u00f1a. En el acto se cont\u00f3 con la presencia de Laura Esquivel secretaria nacional de Mujeres del CEN del PAN\u2026 Y este martes es el gran cierre de campa\u00f1a de los hermanos Carlos y Carmen Lilia Canturosas Villarreal, candidatos por la coalici\u00f3n \u201cSeguiremos Haciendo Historia\u201d, a la alcald\u00eda y la diputaci\u00f3n federal, y donde tambi\u00e9n estar\u00e1n los candidatos a las diputaciones locales por la misma alianza partidista, Gabriela Regalado Fuentes, Ana Laura Huerta Valdovinos y Sergio Ojeda Castillo. El evento ser\u00e1 a partir de las siete de la tarde en la explanada Independencia del Palacio Federal y cont\u00e1ndose con la presencia del Edwin Luna y La Leyenda. Todos est\u00e1n invitados.<\/p>\n\n\n\n<p>RECONOCE LA UAT A DOCENTES CON A\u00d1OS DE SERVICIO<br \/>Un total de 265 docentes de la Universidad Aut\u00f3noma de Tamaulipas (UAT) fueron reconocidos por su trayectoria al servicio de la m\u00e1xima casa de estudios en la entidad, en un evento celebrado en Ciudad Victoria y encabezado por el propio rector de la UAT, el MVZ D\u00e1maso Anaya Alvarado. Fue en un acto denominado Asamblea Solemne de Entrega de Reconocimientos a la Trayectoria Docente, donde se dieron tales reconocimientos a maestros que llevan desde 15 hasta 45 a\u00f1os de servicio en la universidad. De los de 2 mil 768 docentes con que cuenta la UAT a nivel estatal, 146 fueron homenajeados por cumplir 15, 20 y 25 a\u00f1os de servicio; 67 por completar 30 y 35 a\u00f1os, quienes tambi\u00e9n recibieron una moneda de plata conmemorativa; y 16 por cumplir 40 y 45 a\u00f1os, a quienes se les entreg\u00f3 una moneda de oro. A la par se rindi\u00f3 homenaje a un grupo de 36 docentes que se jubilaron en 2023, y tom\u00f3 protesta a los 26 secretarios generales seccionales del Sindicato \u00danico de Trabajadores Acad\u00e9micos de la Universidad Aut\u00f3noma de Tamaulipas (SUTAUAT).<\/p>\n\n\n\n<p>GRUPO CARSO INFORMA<br \/>Grupo Carso informa que realiz\u00f3 de forma exitosa, una emisi\u00f3n de Certificados Burs\u00e1tiles por 10 mil 000 millones de pesos en la Bolsa Mexicana de Valores (BMV) el pasado 24 de mayo. Esta es la primera emisi\u00f3n que Grupo Carso realiza a tasa fija, adem\u00e1s de ser la de mayor monto conjunto que ha colocado la empresa. La emisi\u00f3n se efectu\u00f3 en dos tramos; GCARSO 24 con una tasa variable a tres a\u00f1os por un monto de 4 mil 500 millones de pesos y GCARSO 24-2 con una tasa fija a siete a\u00f1os por un monto de 5 mil 500 millones de pesos. Sea pues.<\/p>\n\n\n\n<p>LO \u00daLTIMO<br \/>Dos jaguares y una cebra nacieron en el Zool\u00f3gico de Nuevo Laredo. Est\u00e1n en buen estado de salud y revisados constantemente por el personal m\u00e9dico, a fin de que puedan crecer bien y en breve puedan ser vistos por los asistentes al zoo\u2026 Nuevamente Tamaulipas se puso en el ojo del hurac\u00e1n pol\u00edtico luego de que una caravana del candidato del Movimiento Ciudadano (MC) a la alcald\u00eda del poblado de Jim\u00e9nez, Pedro Salazar, fuera atacada a balazos por sujetos desconocidos, en un hecho donde sus escoltas resultaron heridos. Se habla de cinco lesionados. Las autoridades investigan\u2026 Un importante aumento ha tenido la venta de cerveza en las \u00faltimas tres semanas, seg\u00fan reportan vendedores del producto, y como no, si el calor est\u00e1 insoportable y no hay como una \u201cchela\u201d para mitigarlo. Por cierto que les recuerdo que la cerveza m\u00e1s fr\u00eda de Nuevo Laredo se vende en el Servi-Fiesta. No hay otro lugar. As\u00ed de simple.<\/p>\n","protected":false},"excerpt":{"rendered":"<p>Bajo el firme prop\u00f3sito de garantizar un proceso electoral ordenado, pac\u00edfico y seguro, el gobernador Am\u00e9rico Villarreal Anaya instalar\u00e1 Centros de Mandos Regionales de Seguridad en los seis municipios m\u00e1s &hellip; <a href=\"http:\/\/revistalaneta.com.mx\/?p=12514\" class=\"more-link\">Leer m\u00e1s<\/a><\/p>\n","protected":false},"author":1,"featured_media":12513,"comment_status":"open","ping_status":"open","sticky":false,"template":"","format":"standard","meta":{"footnotes":""},"categories":[2,3],"tags":[],"class_list":["post-12514","post","type-post","status-publish","format-standard","has-post-thumbnail","hentry","category-chismorreo","category-opinion","entry"],"_links":{"self":[{"href":"http:\/\/revistalaneta.com.mx\/index.php?rest_route=\/wp\/v2\/posts\/12514","targetHints":{"allow":["GET"]}}],"collection":[{"href":"http:\/\/revistalaneta.com.mx\/index.php?rest_route=\/wp\/v2\/posts"}],"about":[{"href":"http:\/\/revistalaneta.com.mx\/index.php?rest_route=\/wp\/v2\/types\/post"}],"author":[{"embeddable":true,"href":"http:\/\/revistalaneta.com.mx\/index.php?rest_route=\/wp\/v2\/users\/1"}],"replies":[{"embeddable":true,"href":"http:\/\/revistalaneta.com.mx\/index.php?rest_route=%2Fwp%2Fv2%2Fcomments&post=12514"}],"version-history":[{"count":1,"href":"http:\/\/revistalaneta.com.mx\/index.php?rest_route=\/wp\/v2\/posts\/12514\/revisions"}],"predecessor-version":[{"id":12515,"href":"http:\/\/revistalaneta.com.mx\/index.php?rest_route=\/wp\/v2\/posts\/12514\/revisions\/12515"}],"wp:featuredmedia":[{"embeddable":true,"href":"http:\/\/revistalaneta.com.mx\/index.php?rest_route=\/wp\/v2\/media\/12513"}],"wp:attachment":[{"href":"http:\/\/revistalaneta.com.mx\/index.php?rest_route=%2Fwp%2Fv2%2Fmedia&parent=12514"}],"wp:term":[{"taxonomy":"category","embeddable":true,"href":"http:\/\/revistalaneta.com.mx\/index.php?rest_route=%2Fwp%2Fv2%2Fcategories&post=12514"},{"taxonomy":"post_tag","embeddable":true,"href":"http:\/\/revistalaneta.com.mx\/index.php?rest_route=%2Fwp%2Fv2%2Ftags&post=12514"}],"curies":[{"name":"wp","href":"https:\/\/api.w.org\/{rel}","templated":true}]}}