{"id":12523,"date":"2024-05-29T14:37:43","date_gmt":"2024-05-29T14:37:43","guid":{"rendered":"http:\/\/revistalaneta.com.mx\/?p=12523"},"modified":"2024-05-29T14:38:28","modified_gmt":"2024-05-29T14:38:28","slug":"fortalecera-ana-laura-huerta-desde-el-congreso-de-tamaulipas-los-programas-de-bienestar-social-y-economico","status":"publish","type":"post","link":"http:\/\/revistalaneta.com.mx\/?p=12523","title":{"rendered":"Fortalecer\u00e1 Ana Laura Huerta desde el Congreso de Tamaulipas los programas de bienestar social y econ\u00f3mico"},"content":{"rendered":"\n<p><\/p>\n\n\n\n<p>Nuevo Laredo, Tamps.- Ante intelectuales, emprendedores, periodistas, profesionistas, empresarios y representantes de organizaciones de la sociedad civil, Ana Laura Huerta Valdovinos, se comprometi\u00f3 a dar continuidad y ampliar los beneficios de los programas de bienestar social.<\/p>\n\n\n\n<p>Adem\u00e1s la candidata a la diputaci\u00f3n local por el Distrito II de la coalici\u00f3n &#8220;Sigamos Haciendo Historia&#8221;, hizo el compromiso que desde el Congreso del Estado, impulsar\u00e1 el crecimiento y desarrollo econ\u00f3mico de Tamaulipas y Nuevo Laredo.<\/p>\n\n\n\n<p>&#8220;Los programas de desarrollo y bienestar social son un derecho constitucional. Vigilaremos que se cumplan y que se ampl\u00ede su cobertura y beneficios, principalmente para nuestros adultos mayores, pese a la oposici\u00f3n y rechazo de los prianistas&#8221;, afirm\u00f3.<\/p>\n\n\n\n<p>&#8220;Esta elecci\u00f3n es hist\u00f3rica y sin precedentes. Por un lado regresar al pasado de la corrupci\u00f3n, las complicidades y los privilegios; o avanzar decididamente en la transformaci\u00f3n y el bienestar para todos. No hay nada que pensar, s\u00f3lo votar este 2 de junio por Morena, Partido Verde y Partido del Trabajo&#8221;, puntualiz\u00f3.<\/p>\n\n\n\n<p>Por \u00faltimo, reiter\u00f3 el llamado a la ciudadan\u00eda para no dejarse enga\u00f1ar o intimidar, porque el voto es libre, secreto y es realmente \u00fatil d\u00e1ndoselo a Morena y sus aliados.<\/p>\n","protected":false},"excerpt":{"rendered":"<p>Nuevo Laredo, Tamps.- Ante intelectuales, emprendedores, periodistas, profesionistas, empresarios y representantes de organizaciones de la sociedad civil, Ana Laura Huerta Valdovinos, se comprometi\u00f3 a dar continuidad y ampliar los beneficios &hellip; <a href=\"http:\/\/revistalaneta.com.mx\/?p=12523\" class=\"more-link\">Leer m\u00e1s<\/a><\/p>\n","protected":false},"author":1,"featured_media":12522,"comment_status":"open","ping_status":"open","sticky":false,"template":"","format":"standard","meta":{"footnotes":""},"categories":[4],"tags":[],"class_list":["post-12523","post","type-post","status-publish","format-standard","has-post-thumbnail","hentry","category-nuevo-laredo","entry"],"_links":{"self":[{"href":"http:\/\/revistalaneta.com.mx\/index.php?rest_route=\/wp\/v2\/posts\/12523","targetHints":{"allow":["GET"]}}],"collection":[{"href":"http:\/\/revistalaneta.com.mx\/index.php?rest_route=\/wp\/v2\/posts"}],"about":[{"href":"http:\/\/revistalaneta.com.mx\/index.php?rest_route=\/wp\/v2\/types\/post"}],"author":[{"embeddable":true,"href":"http:\/\/revistalaneta.com.mx\/index.php?rest_route=\/wp\/v2\/users\/1"}],"replies":[{"embeddable":true,"href":"http:\/\/revistalaneta.com.mx\/index.php?rest_route=%2Fwp%2Fv2%2Fcomments&post=12523"}],"version-history":[{"count":1,"href":"http:\/\/revistalaneta.com.mx\/index.php?rest_route=\/wp\/v2\/posts\/12523\/revisions"}],"predecessor-version":[{"id":12524,"href":"http:\/\/revistalaneta.com.mx\/index.php?rest_route=\/wp\/v2\/posts\/12523\/revisions\/12524"}],"wp:featuredmedia":[{"embeddable":true,"href":"http:\/\/revistalaneta.com.mx\/index.php?rest_route=\/wp\/v2\/media\/12522"}],"wp:attachment":[{"href":"http:\/\/revistalaneta.com.mx\/index.php?rest_route=%2Fwp%2Fv2%2Fmedia&parent=12523"}],"wp:term":[{"taxonomy":"category","embeddable":true,"href":"http:\/\/revistalaneta.com.mx\/index.php?rest_route=%2Fwp%2Fv2%2Fcategories&post=12523"},{"taxonomy":"post_tag","embeddable":true,"href":"http:\/\/revistalaneta.com.mx\/index.php?rest_route=%2Fwp%2Fv2%2Ftags&post=12523"}],"curies":[{"name":"wp","href":"https:\/\/api.w.org\/{rel}","templated":true}]}}