{"id":1255,"date":"2022-10-11T01:59:08","date_gmt":"2022-10-11T01:59:08","guid":{"rendered":"http:\/\/revistalaneta.com.mx\/?p=1255"},"modified":"2022-10-11T01:59:37","modified_gmt":"2022-10-11T01:59:37","slug":"activa-gobernador-segunda-jornada-nacional-de-salud-publica-en-tamaulipas","status":"publish","type":"post","link":"http:\/\/revistalaneta.com.mx\/?p=1255","title":{"rendered":"Activa Gobernador segunda Jornada Nacional de Salud P\u00fablica en Tamaulipas."},"content":{"rendered":"\n<p><\/p>\n\n\n\n<p>Altamira, Tamps.- Al inaugurar la 2a. Jornada Nacional de Salud P\u00fablica 2022 as\u00ed como el arranque de la temporada de vacunaci\u00f3n contra la influenza 2022-2023 en Tamaulipas, el Gobernador del Estado Am\u00e9rico Villarreal Anaya dijo que se trabaja para tener un gobierno que vea y vele por su gente, para construir lo que se merecen las tamaulipecas y los tamaulipecos; &#8220;un lugar en paz para trabajar, prosperar y tener una mejor calidad y oportunidad de vida&#8221;<\/p>\n\n\n\n<p>Tras poner el ejemplo al aplicarse la vacuna contra la influenza en esta jornada, el Gobernador Villarreal Anaya destac\u00f3 la importancia de completar esquemas de vacunaci\u00f3n, tras la crisis sanitaria del Covid-19 y pidi\u00f3 a la poblaci\u00f3n que participe activamente en estas acciones de salud, porque contribuir\u00e1n a que los tamaulipecos tengan un mejor futuro.<\/p>\n\n\n\n<p>&#8220;El que nos hayamos vacunado el d\u00eda de hoy es un acto de anticipaci\u00f3n; quien se pone la vacuna, se va a quitar la preocupaci\u00f3n de contagiarse de la influenza, o si no, ser\u00e1 de menor gravedad&#8221;, explic\u00f3.<\/p>\n\n\n\n<p>El gobernador Villarreal Anaya reiter\u00f3 el compromiso de trabajar para mejorar la salud de la poblaci\u00f3n, pero en especial de los grupos m\u00e1s vulnerables.<\/p>\n\n\n\n<p>La finalidad de la jornada de salud, es aumentar la calidad de vida de las y los tamaulipecos, as\u00ed como romper la transmisi\u00f3n de algunos padecimientos, para lo cual se trabaja de la mano con las instituciones federales y en coordinaci\u00f3n con los municipios.<\/p>\n\n\n\n<p>Entre las acciones de salud que se van a realizar, se encuentra la aplicaci\u00f3n de la vacuna contra la influenza a menores de 5 a\u00f1os de edad y mayores de 60 a\u00f1os, as\u00ed como a embarazadas y personal de salud.<\/p>\n\n\n\n<p>Durante el evento efectuado en la laguna del Champay\u00e1n, se hizo entrega tambi\u00e9n de albendazol a ni\u00f1os, ni\u00f1as y adolescentes, adem\u00e1s de que se aplic\u00f3 la primera dosis y segunda dosis de refuerzo de la vacuna Triple Viral y se entregaron paquetes informativos de tamiz auditivo, metab\u00f3lico y lactancia materna a mujeres embarazadas.<\/p>\n\n\n\n<p>Por su parte el secretario de Salud Vicente Joel Hern\u00e1ndez Navarro, anunci\u00f3 que se propondr\u00e1 incluir en el organigrama una Direcci\u00f3n de Estilo de Vida Saludable, en la cual todos los bur\u00f3cratas y la poblaci\u00f3n, revisen sus estilos de vida, para disminuir la incidencia de enfermedades.<\/p>\n\n\n\n<p>En esta Jornada Nacional de Salud P\u00fablica fungi\u00f3 como anfitri\u00f3n el alcalde de Altamira Armando Mart\u00ednez Manr\u00edquez y asisti\u00f3 la presidenta del sistema DIF de Altamira, Rosa Irma Luque de Mart\u00ednez; el jefe de la Oficina del Gobernador Ricardo Guerrero Morales, el subdelegado del ISSSTE Ernesto Lav\u00edn y el delegado de los programas federales para el desarrollo, Luis Lauro Reyes Rodr\u00edguez quienes participaron en este inicio de la jornada de la vacunaci\u00f3n.<\/p>\n","protected":false},"excerpt":{"rendered":"<p>Altamira, Tamps.- Al inaugurar la 2a. Jornada Nacional de Salud P\u00fablica 2022 as\u00ed como el arranque de la temporada de vacunaci\u00f3n contra la influenza 2022-2023 en Tamaulipas, el Gobernador del &hellip; <a href=\"http:\/\/revistalaneta.com.mx\/?p=1255\" class=\"more-link\">Leer m\u00e1s<\/a><\/p>\n","protected":false},"author":1,"featured_media":1254,"comment_status":"open","ping_status":"open","sticky":false,"template":"","format":"standard","meta":{"footnotes":""},"categories":[8],"tags":[],"class_list":["post-1255","post","type-post","status-publish","format-standard","has-post-thumbnail","hentry","category-tamaulipas-sur","entry"],"_links":{"self":[{"href":"http:\/\/revistalaneta.com.mx\/index.php?rest_route=\/wp\/v2\/posts\/1255","targetHints":{"allow":["GET"]}}],"collection":[{"href":"http:\/\/revistalaneta.com.mx\/index.php?rest_route=\/wp\/v2\/posts"}],"about":[{"href":"http:\/\/revistalaneta.com.mx\/index.php?rest_route=\/wp\/v2\/types\/post"}],"author":[{"embeddable":true,"href":"http:\/\/revistalaneta.com.mx\/index.php?rest_route=\/wp\/v2\/users\/1"}],"replies":[{"embeddable":true,"href":"http:\/\/revistalaneta.com.mx\/index.php?rest_route=%2Fwp%2Fv2%2Fcomments&post=1255"}],"version-history":[{"count":1,"href":"http:\/\/revistalaneta.com.mx\/index.php?rest_route=\/wp\/v2\/posts\/1255\/revisions"}],"predecessor-version":[{"id":1256,"href":"http:\/\/revistalaneta.com.mx\/index.php?rest_route=\/wp\/v2\/posts\/1255\/revisions\/1256"}],"wp:featuredmedia":[{"embeddable":true,"href":"http:\/\/revistalaneta.com.mx\/index.php?rest_route=\/wp\/v2\/media\/1254"}],"wp:attachment":[{"href":"http:\/\/revistalaneta.com.mx\/index.php?rest_route=%2Fwp%2Fv2%2Fmedia&parent=1255"}],"wp:term":[{"taxonomy":"category","embeddable":true,"href":"http:\/\/revistalaneta.com.mx\/index.php?rest_route=%2Fwp%2Fv2%2Fcategories&post=1255"},{"taxonomy":"post_tag","embeddable":true,"href":"http:\/\/revistalaneta.com.mx\/index.php?rest_route=%2Fwp%2Fv2%2Ftags&post=1255"}],"curies":[{"name":"wp","href":"https:\/\/api.w.org\/{rel}","templated":true}]}}