{"id":12553,"date":"2024-05-29T16:27:55","date_gmt":"2024-05-29T16:27:55","guid":{"rendered":"http:\/\/revistalaneta.com.mx\/?p=12553"},"modified":"2024-05-29T16:28:25","modified_gmt":"2024-05-29T16:28:25","slug":"por-fin-se-terminan-las-campanas","status":"publish","type":"post","link":"http:\/\/revistalaneta.com.mx\/?p=12553","title":{"rendered":"\u00a1POR FIN SE TERMINAN LAS CAMPA\u00d1AS!"},"content":{"rendered":"\n<p><br>Este mi\u00e9rcoles es el \u00faltimo d\u00eda de campa\u00f1as electorales, luego de 90 d\u00edas de actividades proselitistas entre los candidatos a la Presidencia de la Rep\u00fablica, las Senadur\u00edas, y las Diputaciones Federales, y 45 d\u00edas en el caso de las Presidencias Municipales y las Diputaciones Locales. Y cr\u00e9anlo que mucha gente ha estado esperando este d\u00eda, para que ya por fin terminen las campa\u00f1as, que en lo que respecta a Tamaulipas, han sido por dem\u00e1s at\u00edpicas, con golpeteos duros entre los candidatos, amplia guerra sucia, y muchas situaciones que lamentar, y que incluso fueron noticia a nivel nacional, como el asesinato del candidato del PAN a la alcald\u00eda de El Mante. Pero bueno, este mi\u00e9rcoles a las 23:59 horas se detiene toda actividad proselitista, viene un lapso de tres d\u00edas de veda electoral, y de preparaci\u00f3n a su vez para el domingo 2 de junio en que ser\u00e1 la elecci\u00f3n, y para la noche de ese domingo esperamos estar dando a conocer quienes son los ganadores de las contiendas por los diversos puestos p\u00fablicos. Aunque eso s\u00ed, todav\u00eda puede que tengamos que pasar, en algunos casos, que haya contiendas que se tengan que arreglar en los tribunales. As\u00ed que el mitote puede ir para largo.<\/p>\n\n\n\n<p>SUSPENDIDO CIERRE DE CAMPA\u00d1A DE CARMEN LILIA<br \/>Qued\u00f3 suspendido el cierre de campa\u00f1a de Carmen Lilia Canturosas Villarreal, candidata a la alcald\u00eda de Nuevo Laredo, y sus compa\u00f1eros de f\u00f3rmula, esto debido a que el cantante Edwin Luna, quien estaba programado para amenizar el evento, cancel\u00f3 debido a una enfermedad, y aparte estaban programadas tormentas a la hora del acto principal, de ah\u00ed que mejor se decidi\u00f3 suspenderlo. La propia Carmen Lilia dijo en sus redes sociales que lo reprogramar\u00eda para el domingo 2 de junio, a fin de celebrar su victoria. Obviamente est\u00e1 segura de su triunfo electoral, pero habr\u00e1 que esperar a los resultados oficiales del domingo.<\/p>\n\n\n\n<p>ACUSAN LOSS DE LA 4T AL PAN DE VIOLENCIA<br \/>Los l\u00edderes estatales de MORENA, PT y PVEM, ofrecieron este martes una conferencia de prensa en la capital del estado, donde acusaron que el Partido Acci\u00f3n Nacional (PAN) ha generado un clima de violencia para ganar a costa de lo que sea, la elecci\u00f3n por la alcald\u00eda de Nuevo Laredo. Yuriria Iturbe V\u00e1zquez, presidenta del comit\u00e9 estatal del Movimiento de Regeneraci\u00f3n Nacional, asegur\u00f3 que se ha estado intimidando a l\u00edderes territoriales de su partido, para que respalden a los abanderados panistas, a la vez que aseguraron que ya presentaron denuncias ante la Fiscal\u00eda Especializada para la Atenci\u00f3n de los Delitos Electorales (FEPADE). En el acto tambi\u00e9n tomaron parte Arsenio Ortega Lozano, coordinador estatal del Partido del Trabajo, y Manuel Mu\u00f1oz Cano, dirigente estatal del Partido Verde Ecologista de M\u00e9xico, adem\u00e1s del representante de MORENA ante los organismos electorales en Tamaulipas, Andr\u00e9s Garc\u00eda Repper F\u00e1vila, quienes respaldaron los dichos de Iturbe V\u00e1zquez.<\/p>\n\n\n\n<p>REFUTA EL PAN LOS DICHOS<br \/>Y tras la conferencia de los de la 4T, el secretario general del Partido Acci\u00f3n Nacional (PAN) de Tamaulipas, Carlos Salinas Garza, en funciones de presidente del comit\u00e9 estatal del mismo partido, ofreci\u00f3 por su parte una rueda de prensa donde neg\u00f3 las acusaciones hechas por la dirigente estatal de MORENA, y las calific\u00f3 de infundadas, e incluso de graves e irresponsables, a la vez que refrend\u00f3 el apoyo a los abanderados del PAN en Nuevo Laredo. El mencionado dijo que es incre\u00edble escuchar tales declaraciones cuando ha sido Acci\u00f3n Nacional quien ha presentado un mapa de riesgo y ha alertado sobre la situaci\u00f3n de inseguridad en el estado, y se ha exigido tanto al gobierno estatal como al federal que tomen medidas, pues se est\u00e1 ante el proceso electoral m\u00e1s violento en la historia del pa\u00eds. Bueno, ah\u00ed est\u00e1n las dos partes, cada quien juzgue como crea conveniente.<\/p>\n\n\n\n<p>\u201cLEY SECA\u201d DE 48 HORAS<br \/>Debido a las elecci\u00f3n, se aplicar\u00e1 la tradicional \u201cley seca\u201d de 48 horas, que entra en vigor a las cero horas del s\u00e1bado 1 de junio, y culmina a las 23:59 del domingo 2 de junio. Por lo tanto, y como siempre sucede, se espera que haya ventas de p\u00e1nico de cerveza, vinos y licores el pr\u00f3ximo viernes, y tambi\u00e9n se espera que mucho se embrutezcan el s\u00e1bado, con toda la cerveza que lleguen a comprar (porque sucede que en estos casos siempre se compra de m\u00e1s, y se pone un bien Niger) y el domingo no vayan a votar. La verdad no entendemos porque se sigue aplicando la \u201cley seca\u201d, si est\u00e1 plenamente visto que lejos de beneficiar, perjudica. Pero bueno, hazlos entender.<\/p>\n\n\n\n<p>TAMAULIPAS SIGUE EN PRIMER LUGAR EN LEGALIZACI\u00d3N DE VEH\u00cdCULOS Tamaulipas volvi\u00f3 a ser mencionada en la conferencia \u201cma\u00f1anera\u201d de este martes, esto luego de que la secretaria de Seguridad y Protecci\u00f3n Ciudadana del gobierno federal, Rosa Icela Rodr\u00edguez Vel\u00e1zquez, diera a conocer que nuestra entidad se mantiene en la primera posici\u00f3n en lo que a legalizaci\u00f3n de veh\u00edculos de procedencia extranjera se refiere, a trav\u00e9s del decreto autorizado por el presidente Andr\u00e9s Manuel L\u00f3pez Obrador. En este sentido se inform\u00f3 que ya suman 405 mil 443 veh\u00edculos legalizados, lo que ha permitido que la entidad perciba recursos por mil 013 millones de pesos, que est\u00e1n siendo utilizados en obras de mejoramiento de vialidades. Al exponer el informe del Programa de Regularizaci\u00f3n de Veh\u00edculos de Procedencia Extranjera en la conferencia ma\u00f1anera de este martes en Palacio Nacional, la funcionaria explic\u00f3 que Tamaulipas sigue siendo el estado con el mayor n\u00famero de veh\u00edculos regularizados.<\/p>\n\n\n\n<p>RECONOCEN LA UAT A DOS DE SUS ALUMNOS<br \/>Dos alumnos de la Facultad de Comercio y Administraci\u00f3n Victoria de la Universidad Aut\u00f3noma de Tamaulipas (UAT), fueron reconocidos por el rector de dicha casa de estudios, D\u00e1maso Anaya Alvarado, luego de haber obtenido el primer lugar en la Expo Regional Emprendedora organizada por la Asociaci\u00f3n Nacional de Facultades y Escuelas de Contadur\u00eda y Administraci\u00f3n (ANFECA). Se trata de los j\u00f3venes Marily Almaz\u00e1n Rodr\u00edguez y Eduardo Gallegos Dom\u00ednguez, quienes conquistaron el primer lugar en la competencia que se realiz\u00f3 en la Universidad Aut\u00f3noma de Coahuila y a la vez obtuvieron el derecho a participar en el concurso nacional de emprendimiento convocado por la ANFECA, que se llevar\u00e1 a cabo en el mes de octubre en Oaxaca. En este temor el rector de la UAT manifest\u00f3 que dicho logro refleja la nueva visi\u00f3n de la universidad, en el sentido de formar profesionales que impacten positivamente en su entorno y contribuyan al desarrollo social y productivo de Tamaulipas.<\/p>\n\n\n\n<p>LO \u00daLTIMO<br \/>Muchas felicidades al candidato a diputado federal por la coalici\u00f3n \u201cSeguiremos Haciendo Historia\u201d, Carlos Canturosas Villarreal, quien este mi\u00e9rcoles est\u00e1 cumpliendo un a\u00f1o m\u00e1s de vida. \u00a1Muchos m\u00e1s d\u00edas de estos bro!\u2026 Para este jueves 30 de mayo est\u00e1 programado el inicio de las reinscripciones en la Universidad Aut\u00f3noma de Tamaulipas (UAT), para el per\u00edodo de verano 2024-2, y el cual concluye el 14 de junio, para todos los interesados\u2026 Este viernes 31 de mayo no hay clases en los planteles de educaci\u00f3n b\u00e1sica, debido a que se realizar\u00e1n las reuniones de los consejos t\u00e9cnicos escolares\u2026 Es ampliamente conocido que la intensa ola de calor est\u00e1 obligando a los ciudadanos a poner en funcionamiento sus aires acondicionados, los cuales desechan mucha agua, por lo que estar\u00eda bien que dicha agua se depositara en botes y a su vez se use para diversas tareas como trapear o lavar el carro. Con eso se ahorra agua, en momentos en que justamente padecemos del vital l\u00edquido.<\/p>\n","protected":false},"excerpt":{"rendered":"<p>Este mi\u00e9rcoles es el \u00faltimo d\u00eda de campa\u00f1as electorales, luego de 90 d\u00edas de actividades proselitistas entre los candidatos a la Presidencia de la Rep\u00fablica, las Senadur\u00edas, y las Diputaciones &hellip; <a href=\"http:\/\/revistalaneta.com.mx\/?p=12553\" class=\"more-link\">Leer m\u00e1s<\/a><\/p>\n","protected":false},"author":1,"featured_media":12552,"comment_status":"open","ping_status":"open","sticky":false,"template":"","format":"standard","meta":{"footnotes":""},"categories":[2,3],"tags":[],"class_list":["post-12553","post","type-post","status-publish","format-standard","has-post-thumbnail","hentry","category-chismorreo","category-opinion","entry"],"_links":{"self":[{"href":"http:\/\/revistalaneta.com.mx\/index.php?rest_route=\/wp\/v2\/posts\/12553","targetHints":{"allow":["GET"]}}],"collection":[{"href":"http:\/\/revistalaneta.com.mx\/index.php?rest_route=\/wp\/v2\/posts"}],"about":[{"href":"http:\/\/revistalaneta.com.mx\/index.php?rest_route=\/wp\/v2\/types\/post"}],"author":[{"embeddable":true,"href":"http:\/\/revistalaneta.com.mx\/index.php?rest_route=\/wp\/v2\/users\/1"}],"replies":[{"embeddable":true,"href":"http:\/\/revistalaneta.com.mx\/index.php?rest_route=%2Fwp%2Fv2%2Fcomments&post=12553"}],"version-history":[{"count":1,"href":"http:\/\/revistalaneta.com.mx\/index.php?rest_route=\/wp\/v2\/posts\/12553\/revisions"}],"predecessor-version":[{"id":12554,"href":"http:\/\/revistalaneta.com.mx\/index.php?rest_route=\/wp\/v2\/posts\/12553\/revisions\/12554"}],"wp:featuredmedia":[{"embeddable":true,"href":"http:\/\/revistalaneta.com.mx\/index.php?rest_route=\/wp\/v2\/media\/12552"}],"wp:attachment":[{"href":"http:\/\/revistalaneta.com.mx\/index.php?rest_route=%2Fwp%2Fv2%2Fmedia&parent=12553"}],"wp:term":[{"taxonomy":"category","embeddable":true,"href":"http:\/\/revistalaneta.com.mx\/index.php?rest_route=%2Fwp%2Fv2%2Fcategories&post=12553"},{"taxonomy":"post_tag","embeddable":true,"href":"http:\/\/revistalaneta.com.mx\/index.php?rest_route=%2Fwp%2Fv2%2Ftags&post=12553"}],"curies":[{"name":"wp","href":"https:\/\/api.w.org\/{rel}","templated":true}]}}