{"id":12571,"date":"2024-05-30T14:19:44","date_gmt":"2024-05-30T14:19:44","guid":{"rendered":"http:\/\/revistalaneta.com.mx\/?p=12571"},"modified":"2024-05-30T14:19:44","modified_gmt":"2024-05-30T14:19:44","slug":"refuerzan-seguridad-en-nuevo-laredo-por-las-elecciones","status":"publish","type":"post","link":"http:\/\/revistalaneta.com.mx\/?p=12571","title":{"rendered":"Refuerzan seguridad en Nuevo Laredo por las elecciones"},"content":{"rendered":"\n<p><\/p>\n\n\n\n<p>Nuevo Laredo, Tamps.- Un total de 880 soldados, m\u00e1s aparte un importante n\u00famero de elementos de la Guardia Nacional, la Guardia Estatal, y otras corporaciones de seguridad, con el respaldo de 120 veh\u00edculos, y hasta helic\u00f3pteros, vigilar\u00e1n el proceso electoral este pr\u00f3ximo domingo 2 de junio en Nuevo Laredo, anunci\u00f3 el gobernador Am\u00e9rico Villarreal Anaya, en visita a esta ciudad fronteriza donde vino justamente a instalar el Centro de Mando de Seguridad, que vincula a las diversas fuerzas de seguridad, as\u00ed como tambi\u00e9n a las autoridades electorales, para atender cualquier situaci\u00f3n, antes, durante y despu\u00e9s de la elecci\u00f3n.<br \/>El mandatario estatal, quien estuvo acompa\u00f1ado de la alcaldesa interina, Liliana Arjona Barocio, as\u00ed como del secretario general de gobierno, H\u00e9ctor Joel Villegas Gonz\u00e1lez; el Fiscal General de Justicia del estado, Irving Barrios Mojica; el Secretario de Seguridad Publica, Sergio Ch\u00e1vez Garc\u00eda, y otras autoridades, dijo que hasta el momento no se han tenido reportes de situaciones an\u00f3malas por parte de las autoridades electorales, pero se estar\u00e1 al pendiente de cualquier hecho.<br \/>Asimismo manifest\u00f3 que de hecho desde este jueves se intensificar\u00e1n los rondines de los elementos del Ej\u00e9rcito, de la Guardia Nacional, de la Guardia Estatal en toda la ciudad &#8220;para que la ciudadan\u00eda est\u00e9 consciente de que ya est\u00e1n aqu\u00ed la fuerza del estado para dar tranquilidad y seguridad, y no porque haya una condici\u00f3n de riesgo, si o para evitar que las haya, y garantizar un d\u00eda de elecciones tranquilas&#8221;.<br \/>Finalmente se le pidi\u00f3 al gobernador su llamado a la ciudadan\u00eda para que salga a votar, a lo que dijo que si bien el sufragar es un derecho, tambi\u00e9n es un deber.<\/p>\n","protected":false},"excerpt":{"rendered":"<p>Nuevo Laredo, Tamps.- Un total de 880 soldados, m\u00e1s aparte un importante n\u00famero de elementos de la Guardia Nacional, la Guardia Estatal, y otras corporaciones de seguridad, con el respaldo &hellip; <a href=\"http:\/\/revistalaneta.com.mx\/?p=12571\" class=\"more-link\">Leer m\u00e1s<\/a><\/p>\n","protected":false},"author":1,"featured_media":12570,"comment_status":"open","ping_status":"open","sticky":false,"template":"","format":"standard","meta":{"footnotes":""},"categories":[6],"tags":[],"class_list":["post-12571","post","type-post","status-publish","format-standard","has-post-thumbnail","hentry","category-destacado","entry"],"_links":{"self":[{"href":"http:\/\/revistalaneta.com.mx\/index.php?rest_route=\/wp\/v2\/posts\/12571","targetHints":{"allow":["GET"]}}],"collection":[{"href":"http:\/\/revistalaneta.com.mx\/index.php?rest_route=\/wp\/v2\/posts"}],"about":[{"href":"http:\/\/revistalaneta.com.mx\/index.php?rest_route=\/wp\/v2\/types\/post"}],"author":[{"embeddable":true,"href":"http:\/\/revistalaneta.com.mx\/index.php?rest_route=\/wp\/v2\/users\/1"}],"replies":[{"embeddable":true,"href":"http:\/\/revistalaneta.com.mx\/index.php?rest_route=%2Fwp%2Fv2%2Fcomments&post=12571"}],"version-history":[{"count":1,"href":"http:\/\/revistalaneta.com.mx\/index.php?rest_route=\/wp\/v2\/posts\/12571\/revisions"}],"predecessor-version":[{"id":12572,"href":"http:\/\/revistalaneta.com.mx\/index.php?rest_route=\/wp\/v2\/posts\/12571\/revisions\/12572"}],"wp:featuredmedia":[{"embeddable":true,"href":"http:\/\/revistalaneta.com.mx\/index.php?rest_route=\/wp\/v2\/media\/12570"}],"wp:attachment":[{"href":"http:\/\/revistalaneta.com.mx\/index.php?rest_route=%2Fwp%2Fv2%2Fmedia&parent=12571"}],"wp:term":[{"taxonomy":"category","embeddable":true,"href":"http:\/\/revistalaneta.com.mx\/index.php?rest_route=%2Fwp%2Fv2%2Fcategories&post=12571"},{"taxonomy":"post_tag","embeddable":true,"href":"http:\/\/revistalaneta.com.mx\/index.php?rest_route=%2Fwp%2Fv2%2Ftags&post=12571"}],"curies":[{"name":"wp","href":"https:\/\/api.w.org\/{rel}","templated":true}]}}