{"id":12595,"date":"2024-05-30T15:00:15","date_gmt":"2024-05-30T15:00:15","guid":{"rendered":"http:\/\/revistalaneta.com.mx\/?p=12595"},"modified":"2024-05-30T15:00:15","modified_gmt":"2024-05-30T15:00:15","slug":"mayor-vigilancia-en-tamaulipas-ante-las-elecciones","status":"publish","type":"post","link":"http:\/\/revistalaneta.com.mx\/?p=12595","title":{"rendered":"MAYOR VIGILANCIA EN TAMAULIPAS ANTE LAS ELECCIONES"},"content":{"rendered":"\n<p><br>A partir de este jueves cientos de elementos de la Secretar\u00eda de la Defensa Nacional (SEDENA), de la Guardia Nacional, de la Guardia Estatal, y de otras corporaciones de seguridad, habr\u00e1n de incrementar los rondines de vigilancia en todo el estado, a fin de garantizar un ambiente de paz, tranquilidad y seguridad con miras al proceso electoral del pr\u00f3ximo domingo 2 de junio, que se mantendr\u00e1 incluso hasta despu\u00e9s de celebradas las elecciones. As\u00ed lo dio a conocer el gobernador Am\u00e9rico Villarreal Anaya, tras instalar en Nuevo Laredo, Reynosa y Matamoros, los Centros de Mando Regional para el Monitoreo del Proceso Electoral, y que abarcar\u00e1n toda la frontera norte de la entidad. Aparte operar\u00e1n tres centros m\u00e1s en las ciudades de Tampico, Mante y Victoria, con lo que se cubrir\u00e1 todo Tamaulipas.<\/p>\n\n\n\n<p>HASTA CON HELIC\u00d3PTEROS SE VIGILAR\u00c1<br \/>Y bueno en su visita a Nuevo Laredo el gobernador Am\u00e9rico Villarreal Anaya dej\u00f3 en claro que estas acciones no son porque se teman situaciones de violencia, sino justamente para evitarlas. Para el caso de esta ciudad fronteriza dijo que se desplegar\u00e1n 880 elementos del Ej\u00e9rcito, m\u00e1s aparte un buen n\u00famero de elementos de la Guardia Nacional y de la Guardia Estatal, con el respaldo de 120 veh\u00edculos e incluso helic\u00f3pteros que vigilar\u00e1n desde el aire cualquier situaci\u00f3n. El gobernador celebr\u00f3 la reuni\u00f3n de la instalaci\u00f3n del referido centro a puerta cerrada en la Sala de Cabildo \u201cNi\u00f1os H\u00e9roes de la Presidencia Municipal\u201d, acompa\u00f1ado de la alcaldesa en funciones, Liliana Arjona Barocio, as\u00ed como del secretario general de gobierno, H\u00e9ctor Joel Villegas Gonz\u00e1lez; el Fiscal General de Justicia del estado, Irving Barrios Mojica; el Secretario de Seguridad Publica, Sergio Ch\u00e1vez Garc\u00eda, y otras autoridades, ya al t\u00e9rmino del evento ofreci\u00f3 una entrevista ante representantes de los medios de comunicaci\u00f3n, indicando que el objetivo de todo esto es que la ciudadan\u00eda se sienta tranquila y salga a votar sin problema alguno.<\/p>\n\n\n\n<p>DEJA LA TROMBA SIN LUZ A MILES DE PERSONAS<br \/>Tras la tremenda tormenta registrada la noche del martes en Nuevo Laredo, se presentaron una serie de problemas en la ciudad, principalmente de suspensi\u00f3n del servicio el\u00e9ctrico, as\u00ed como del servicio de agua potable. Todav\u00eda hasta las ocho de la noche de este mi\u00e9rcoles, muchos sectores segu\u00edan sin luz y el agua apenas les empezaba a llegar. Y es que la falta de suministro afect\u00f3 la planta de agua potable sur-poniente, dejando a todos los habitantes de dicha \u00e1rea sin agua. Adem\u00e1s el personal de la Comisi\u00f3n Federal de Electricidad (CFE) como siempre no se dio abasto para atender los reportes de falta de luz, m\u00e1xime que hubo \u00e1reas donde los transformadores tronaron, y hasta donde se sabe no hay transformadores, por lo que en estos casos se van a tardar varios d\u00edas en arreglar los desperfectos, y con el intenso calor, la situaci\u00f3n es por dem\u00e1s criminal, por lo que algo tienen que hacer las autoridades para regresar lo m\u00e1s pronto posible la luz a los habitantes, pues se entiende que fue una situaci\u00f3n imprevista, pero se debe entender tambi\u00e9n que no se puede estar sin luz con las temperaturas extremas por las que estamos atravesando.<\/p>\n\n\n\n<p>SE LA RIFAN LOS DE PC Y BOMBEROS<br \/>Quienes se la rifaron, como siempre, fueron los elementos de Protecci\u00f3n Civil y Bomberos quienes desde la misma noche del martes, pasando por toda la madrugada del mi\u00e9rcoles, salieron a la calle a atender los estragos causados por la tormenta. Y es que hubo situaciones de impacto, como el hecho de que se cay\u00f3 parte del anuncio del negocio Carl\u00b4s Jr. de Reforma y 15 de Septiembre, as\u00ed como se volte\u00f3 una caja tr\u00e1iler, se vinieron abajo varios \u00e1rboles arrastrando cables de luz, hubo calles inundadas con veh\u00edculos varados, y un sinf\u00edn de situaciones m\u00e1s que fueron atendidas por los elementos de PC y Bomberos, y a los que m\u00e1s tarde se sumaron las cuadrillas de trabajadores de Servicios P\u00fablicos Primarios, Obras P\u00fablicas y la COMAPA, todo a fin de volver a la normalidad.<\/p>\n\n\n\n<p>VAN 121 CASOS DE DENGUE EN TAMAULIPAS<br \/>Ya van confirmados 121 casos de dengue en Tamaulipas, por lo que el secretario de Salud de Tamaulipas, Vicente Joel Hern\u00e1ndez Navarro, exhorta a la poblaci\u00f3n en general a redoblar esfuerzos en el combate al mosco transmisor de dicho mal, y entre esto est\u00e1 el no acumular recipientes con agua y limpiar los patios. Y s\u00ed, se tienen que tomar estas recomendaciones, sobre todo ante las recientes lluvias, que van a generar mayor proliferaci\u00f3n de moscos, y con ello m\u00e1s dengue. Por fortuna hasta el momento Nuevo Laredo no tiene ning\u00fan caso de dicha enfermedad, pues de los 121 presentados 46 son de Tampico, 29 de Madero, 30 de Altamira, 7 de Aldama, 5 de Victoria, 3 de Reynosa y 1 de Gonz\u00e1lez, pero no por ello hay que bajar la guardia.<\/p>\n\n\n\n<p>MATAN A CANDIDATO EN EL \u00daLTIMO D\u00cdA DE CAMPA\u00d1AS<br \/>Justo en el \u00faltimo d\u00eda de campa\u00f1as, se registr\u00f3 el asesinato del candidato a la alcald\u00eda de Coyuca de Ben\u00edtez, por la alianza \u201cFuerza y Coraz\u00f3n por M\u00e9xico\u201d, Jos\u00e9 Alfredo Cabrera Barrientos, en el precio momento en que llevaba a cabo su cierre de campa\u00f1a. Este artero crimen se da precisamente en el estado m\u00e1s conflictivo de todo M\u00e9xico, como lo es Guerrero, y viene a empa\u00f1ar a\u00fan m\u00e1s los comicios a celebrarse el pr\u00f3ximo domingo. Con esto se confirma que el presente per\u00edodo electoral ha sido el m\u00e1s violento en la historia de M\u00e9xico, y por desgracia las autoridades, de todos los niveles de gobierno, no hicieron nada para evitarlo.<\/p>\n\n\n\n<p>LANZA UAT CONVOCATORIA PARA FOMENTAR LA Y CIENCIA CREATIVIDAD<br \/>Bajo el prop\u00f3sito de impulsar el desarrollo de materiales y productos educativos, que sean atractivos y novedosos, capaces de despertar la curiosidad y el inter\u00e9s de los j\u00f3venes por la ciencia y la tecnolog\u00eda desde una edad temprana, la Universidad Aut\u00f3noma de Tamaulipas (UAT) lanz\u00f3 una iniciativa pionera destinada a fomentar la creatividad, la ciencia y la participaci\u00f3n comunitaria en el \u00e1mbito educativo. Bajo el lema \u201cCiencia recreativa para el futuro\u201d, la UAT convoca a su comunidad docente de todos los niveles educativos a participar en el Concurso de Materiales y Productos para Actividades de Ciencia Recreativa. Los interesados podr\u00e1n presentar propuestas en diversas \u00e1reas tem\u00e1ticas, como desarrollo humanista y sostenible, matem\u00e1ticas, econom\u00eda, ciencia, arte, salud y tecnolog\u00eda, y podr\u00e1n enviar sus propuestas hasta el 17 de junio de 2024. Para m\u00e1s informaci\u00f3n y registro, pueden acceder al sitio web oficial de la UAT o contactar directamente a la Secretar\u00eda de Investigaci\u00f3n y Posgrado.<\/p>\n\n\n\n<p>LO \u00daLTIMO<br \/>Muchas felicidades a la amiga Laura Zarate Quezada, quien este jueves est\u00e1 cumpliendo un a\u00f1o m\u00e1s de vida, al igual que mi compadre Fernando Higareda Mart\u00ednez, de Billares Laredo y el empresario Rolando Salinas Carmona. \u00a1Muchos m\u00e1s d\u00edas de estos para ellos!\u2026 Por fortuna en Nuevo Laredo el \u00faltimo d\u00eda de campa\u00f1a de los candidatos a los diferentes puestos p\u00fablicos, por los distintos partidos pol\u00edticos, se llev\u00f3 a cabo en completa tranquilidad\u2026 Un total de 75 estudiantes de la Facultad de Medicina Matamoros, perteneciente a la Universidad Aut\u00f3noma de Tamaulipas (UAT), concluyeron satisfactoriamente sus estudios del programa educativo de M\u00e9dico Cirujano en la generaci\u00f3n 2019-2024. Por lo tanto el pasado 24 de mayo celebraron su ceremonia de graduaci\u00f3n. \u00a1Enhorabuena a los nuevos m\u00e9dicos!<\/p>\n","protected":false},"excerpt":{"rendered":"<p>A partir de este jueves cientos de elementos de la Secretar\u00eda de la Defensa Nacional (SEDENA), de la Guardia Nacional, de la Guardia Estatal, y de otras corporaciones de seguridad, &hellip; <a href=\"http:\/\/revistalaneta.com.mx\/?p=12595\" class=\"more-link\">Leer m\u00e1s<\/a><\/p>\n","protected":false},"author":1,"featured_media":12594,"comment_status":"open","ping_status":"open","sticky":false,"template":"","format":"standard","meta":{"footnotes":""},"categories":[2,3],"tags":[],"class_list":["post-12595","post","type-post","status-publish","format-standard","has-post-thumbnail","hentry","category-chismorreo","category-opinion","entry"],"_links":{"self":[{"href":"http:\/\/revistalaneta.com.mx\/index.php?rest_route=\/wp\/v2\/posts\/12595","targetHints":{"allow":["GET"]}}],"collection":[{"href":"http:\/\/revistalaneta.com.mx\/index.php?rest_route=\/wp\/v2\/posts"}],"about":[{"href":"http:\/\/revistalaneta.com.mx\/index.php?rest_route=\/wp\/v2\/types\/post"}],"author":[{"embeddable":true,"href":"http:\/\/revistalaneta.com.mx\/index.php?rest_route=\/wp\/v2\/users\/1"}],"replies":[{"embeddable":true,"href":"http:\/\/revistalaneta.com.mx\/index.php?rest_route=%2Fwp%2Fv2%2Fcomments&post=12595"}],"version-history":[{"count":1,"href":"http:\/\/revistalaneta.com.mx\/index.php?rest_route=\/wp\/v2\/posts\/12595\/revisions"}],"predecessor-version":[{"id":12596,"href":"http:\/\/revistalaneta.com.mx\/index.php?rest_route=\/wp\/v2\/posts\/12595\/revisions\/12596"}],"wp:featuredmedia":[{"embeddable":true,"href":"http:\/\/revistalaneta.com.mx\/index.php?rest_route=\/wp\/v2\/media\/12594"}],"wp:attachment":[{"href":"http:\/\/revistalaneta.com.mx\/index.php?rest_route=%2Fwp%2Fv2%2Fmedia&parent=12595"}],"wp:term":[{"taxonomy":"category","embeddable":true,"href":"http:\/\/revistalaneta.com.mx\/index.php?rest_route=%2Fwp%2Fv2%2Fcategories&post=12595"},{"taxonomy":"post_tag","embeddable":true,"href":"http:\/\/revistalaneta.com.mx\/index.php?rest_route=%2Fwp%2Fv2%2Ftags&post=12595"}],"curies":[{"name":"wp","href":"https:\/\/api.w.org\/{rel}","templated":true}]}}