{"id":12631,"date":"2024-05-31T10:17:01","date_gmt":"2024-05-31T10:17:01","guid":{"rendered":"http:\/\/revistalaneta.com.mx\/?p=12631"},"modified":"2024-05-31T10:17:01","modified_gmt":"2024-05-31T10:17:01","slug":"ajustan-preparativos-para-la-eleccion","status":"publish","type":"post","link":"http:\/\/revistalaneta.com.mx\/?p=12631","title":{"rendered":"AJUSTAN PREPARATIVOS PARA LA ELECCI\u00d3N"},"content":{"rendered":"\n<p><br>Hasta ayer por la tarde faltaban alrededor de 30 paquetes electorales por entregar a los presidentes de las casillas que se van a instalar en Nuevo Laredo para los comicios del domingo 2 de junio, y se espera que a m\u00e1s tardar este viernes sean entregadas. Esto lo dijo Don Manuel Moncada Fuentes, Ejecutivo del Instituto Nacional Electoral (INE) en esta ciudad fronteriza, quien hizo saber que en total son 567 paquetes electorales los que se deben entregar, para igual n\u00famero de casillas que se van a instalar, y de las que el 95 por ciento estar\u00e1n en los mismos lugares de la \u00faltima elecci\u00f3n. El mencionado tambi\u00e9n indic\u00f3 que todo est\u00e1 listo para la jornada electoral, por lo que se espera que las casillas abran en tiempo y forma y la gente salga a votar con confianza. Tambi\u00e9n dijo que se instalar\u00e1n tres casillas especiales, principalmente para los ciudadanos que vienen de paso y quieren sufragar, o bien ciudadanos que no puedan votar en sus casillas. Dichas casillas se ubicar\u00e1n en el centro comercial Paseo Reforma, otra en Colinas del Sur y habr\u00e1 una tercera que se espera se defina hoy, en un \u00e1rea del norponiente de la ciudad.<\/p>\n\n\n\n<p>SE ENTREGAR\u00c1N CINCO BOLETAS<br \/>Por cierto que por primera vez los ciudadanos que van a votar este pr\u00f3ximo domingo en Nuevo Laredo, recibir\u00e1n cinco boletas electorales, pues son cinco los cargos que estar\u00e1n en juego. En este sentido Manuel Moncada Fuentes hizo saber que son tres boletas para cargos federales, siendo estos los de Presidente de la Rep\u00fablica, Senadores y Diputado Federal, y dos para cargos locales, en este caso la Presidencia Municipal y las Diputaciones Locales, y en este \u00faltimo caso es de acuerdo al distrito en el que viva el votante. Cada boleta estar\u00e1 identificada con un color, y las urnas donde deber\u00e1n depositarse, tendr\u00e1n ese mismo color, esto a fin de que la gente no se confunda al momento de meterlo en el \u00e1nfora. Con anterioridad lo m\u00e1s que se hab\u00edan entregado de boletas eran cuatro, pero en esta ocasi\u00f3n son cinco, y en lo sucesivo muy probablemente vayan a seguir si\u00e9ndolo.<\/p>\n\n\n\n<p>PREVALECEN SECTORES SIN LUZ EN NUEVO LAREDO<br \/>A 36 horas de la tormenta que azot\u00f3 Nuevo Laredo, todav\u00eda hab\u00eda sectores sin luz en esta ciudad fronteriza, situaci\u00f3n que mantiene por dem\u00e1s desesperados a los afectados, lo cual es entendible pues estar sin luz, ante los intensos calores que estamos registrando, es toda una tortura. Y si bien es cierto que el personal de la Comisi\u00f3n Federal de Electricidad (CFE) ha estado trabajando en friega, tambi\u00e9n es cierto que falta personal, pues el actual es insuficiente, adem\u00e1s de que se adolece de equipo para acelerar los trabajos, y ni se diga de transformadores, para reemplazar aquellos que tronaron durante la tormenta. El caso es que la propia CFE se establece un lapso m\u00e1ximo de 72 horas para atender los apagones, por lo que se espera que este viernes est\u00e9 restablecido el servicio el\u00e9ctrico en toda la ciudad.<\/p>\n\n\n\n<p>MITIGA EL CALOR LA TORMENTA<br \/>Por cierto que la tormenta ayud\u00f3 a mitigar el intenso calor, pues de estar sufriendo temperaturas de 45 grados con sensaci\u00f3n t\u00e9rmica de hasta 50 grados, el mi\u00e9rcoles se registr\u00f3 un clima agradable, por debajo de los 35 grados, y el jueves aunque volvi\u00f3 a subir la temperatura, esta oscilo en los 40 grados, o sea ya no tan caliente, o al menos no como se nos ha estado castigado en lo que va de este a\u00f1o. No obstante se espera que vuelvan los calorones para la pr\u00f3ximas semana. As\u00ed que a seguir sufriendo.<\/p>\n\n\n\n<p>PASA TREN DE VAPOR POR NUEVO LAREDO<br \/>Todo un acontecimiento result\u00f3 el paso de un tren de vapor este jueves, por Nuevo Laredo, procedente de la vecina ciudad de Laredo, Texas, y con destino a la Ciudad de M\u00e9xico, a donde llegar\u00e1 el pr\u00f3ximo 6 de junio, no sin antes pasar por Monterrey, San Luis Potos\u00ed, Quer\u00e9taro y otras ciudades m\u00e1s de la Republica Mexicana. Se trata de la m\u00e1quina de vapor Empress 2816, fabricada en 1930 y que sigue funcionando a la perfecci\u00f3n, aunque ya pr\u00e1cticamente solo se emplea de muestra. Pero lo m\u00e1s sorprendente es que vino jalando varios furgones, tambi\u00e9n antiguos, por lo que la verdad fue todo un espect\u00e1culo verla, sobre todo cuando la m\u00e1quina echaba su humo de vapor y silbaba. Esta m\u00e1quina viene desde Canad\u00e1, pasando por Estados Unidos y M\u00e9xico, para regresarse en junio, esto como parte de un recorrido de exhibici\u00f3n, y donde la gente aprovecha para tomarse fotos en dicha locomotora, tal y como lo hicieron muchos neolaredenses este jueves en los patios ferroviarios, y otros tantos al paso de la misma por las v\u00edas f\u00e9rreas de esta ciudad.<\/p>\n\n\n\n<p>ENTRA EN VIGOR LA VEDA DE CAMAR\u00d3N EN TAMAULIPAS<br \/>Desde las cero horas del 28 de mayo dio inicio la veda de camar\u00f3n en todos los sistemas lagunarios estuarinos de jurisdicciones federales del Golfo de M\u00e9xico, que abarca las costas de Tamaulipas y Veracruz. Dicha veda ha sido establecida por la Secretar\u00eda de Desarrollo Rural, Pesca y Acuacultura y se mantendr\u00e1 hasta las 18 horas del pr\u00f3ximo 12 de julio. Dicha acci\u00f3n es una de las principales medidas de manejo y administraci\u00f3n que contribuyen al aprovechamiento responsable de los recursos pesqueros, y cualquier persona que incumpla con tal veda se har\u00e1 acreedoras a las sanciones que para el caso establece la Ley General de Pesca y Acuacultura Sustentables, y dem\u00e1s disposiciones legales aplicables.<\/p>\n\n\n\n<p>ALUMNA DE LA UAT PRESENTA PROYECTO CON PLANTAS NATIVAS<br \/>Un proyecto denominado \u201cRemoci\u00f3n de elementos potencialmente t\u00f3xicos con plantas nativas e invasoras en la recuperaci\u00f3n del suelo de la laguna La Escondida en Reynosa, Tamaulipas\u201d, se present\u00f3 en el Decimoquinto Seminario de Investigaci\u00f3n del Posgrado del Instituto de Ecolog\u00eda Aplicada (IEA) de la Universidad Aut\u00f3noma de Tamaulipas (UAT), esto por parte de la alumna Daneli Olivares Segura, estudiante de la m\u00e1xima casa de estudios en la entidad. La mencionada cursa la Maestr\u00eda en Aprovechamiento Sostenible de los Recursos Naturales que imparte la UAT, y su tesis, se enfoca en la germinaci\u00f3n de semillas de especies nativas e invasoras presentes en el sitio de la laguna, y su objetivo es comparar la capacidad de remoci\u00f3n de elementos potencialmente t\u00f3xicos entre especies nativas e invasoras de la familia Fabaceae (leguminosas) como medio para la recuperaci\u00f3n del suelo de la laguna, con la pretensi\u00f3n de evaluar el \u00edndice de germinaci\u00f3n de las plantas nativas e invasoras en extracto acuoso del suelo contaminado bajo condiciones in vitro. Esta alumna es una muestra m\u00e1s de la eficiencia educativa que se imparte en la UAT.<\/p>\n\n\n\n<p>LO \u00daLTIMO<br \/>Muchas felicidades al agente aduanal Glafiro Salinas Mendiola, as\u00ed como a Don Fernando Garza Gonz\u00e1lez y los periodistas Daniel Rosas y Alberto Guerra Salazar, ya que este viernes est\u00e1n de manteles largos. \u00a1Muchos m\u00e1s d\u00edas de estos!\u2026 Por si les interesa, los Tecolotes de los Dos Laredos van empatados con Laguna y Tijuana en el segundo lugar de la zona norte con 22 ganados y 16 perdidos, tan solo debajo de Monterrey, que lleva 26 ganados y 12 perdidos\u2026 Donald Trump fue declarado culpable por un jurado de Estados Unidos de los 34 cargos que presentaba por encubrir pagos de sus registros financieros. Y de ir a la c\u00e1rcel, no podr\u00eda competir por la Presidencia de los Estados Unidos. Por lo tanto seguimos viendo cosas que jam\u00e1s pensamos que iban a pasar, en el \u00e1mbito pol\u00edtico mundial.<\/p>\n","protected":false},"excerpt":{"rendered":"<p>Hasta ayer por la tarde faltaban alrededor de 30 paquetes electorales por entregar a los presidentes de las casillas que se van a instalar en Nuevo Laredo para los comicios &hellip; <a href=\"http:\/\/revistalaneta.com.mx\/?p=12631\" class=\"more-link\">Leer m\u00e1s<\/a><\/p>\n","protected":false},"author":1,"featured_media":12630,"comment_status":"open","ping_status":"open","sticky":false,"template":"","format":"standard","meta":{"footnotes":""},"categories":[2,3],"tags":[],"class_list":["post-12631","post","type-post","status-publish","format-standard","has-post-thumbnail","hentry","category-chismorreo","category-opinion","entry"],"_links":{"self":[{"href":"http:\/\/revistalaneta.com.mx\/index.php?rest_route=\/wp\/v2\/posts\/12631","targetHints":{"allow":["GET"]}}],"collection":[{"href":"http:\/\/revistalaneta.com.mx\/index.php?rest_route=\/wp\/v2\/posts"}],"about":[{"href":"http:\/\/revistalaneta.com.mx\/index.php?rest_route=\/wp\/v2\/types\/post"}],"author":[{"embeddable":true,"href":"http:\/\/revistalaneta.com.mx\/index.php?rest_route=\/wp\/v2\/users\/1"}],"replies":[{"embeddable":true,"href":"http:\/\/revistalaneta.com.mx\/index.php?rest_route=%2Fwp%2Fv2%2Fcomments&post=12631"}],"version-history":[{"count":1,"href":"http:\/\/revistalaneta.com.mx\/index.php?rest_route=\/wp\/v2\/posts\/12631\/revisions"}],"predecessor-version":[{"id":12632,"href":"http:\/\/revistalaneta.com.mx\/index.php?rest_route=\/wp\/v2\/posts\/12631\/revisions\/12632"}],"wp:featuredmedia":[{"embeddable":true,"href":"http:\/\/revistalaneta.com.mx\/index.php?rest_route=\/wp\/v2\/media\/12630"}],"wp:attachment":[{"href":"http:\/\/revistalaneta.com.mx\/index.php?rest_route=%2Fwp%2Fv2%2Fmedia&parent=12631"}],"wp:term":[{"taxonomy":"category","embeddable":true,"href":"http:\/\/revistalaneta.com.mx\/index.php?rest_route=%2Fwp%2Fv2%2Fcategories&post=12631"},{"taxonomy":"post_tag","embeddable":true,"href":"http:\/\/revistalaneta.com.mx\/index.php?rest_route=%2Fwp%2Fv2%2Ftags&post=12631"}],"curies":[{"name":"wp","href":"https:\/\/api.w.org\/{rel}","templated":true}]}}