{"id":12634,"date":"2024-06-01T15:33:57","date_gmt":"2024-06-01T15:33:57","guid":{"rendered":"http:\/\/revistalaneta.com.mx\/?p=12634"},"modified":"2024-06-01T15:33:57","modified_gmt":"2024-06-01T15:33:57","slug":"y-se-marcho","status":"publish","type":"post","link":"http:\/\/revistalaneta.com.mx\/?p=12634","title":{"rendered":"\u00a1Y SE MARCH\u00d3&#8230;!"},"content":{"rendered":"\n<p><\/p>\n\n\n\n<p>-Horacio Seone releva a Alejandro Alvarado<\/p>\n\n\n\n<p>-TRIELTAM tumba regidur\u00eda a El Moyo Garc\u00eda<\/p>\n\n\n\n<p>-El derecho a votar por candidatos no registrados<\/p>\n\n\n\n<p>Tiempo de opinar<\/p>\n\n\n\n<p>Ra\u00fal Hern\u00e1ndez Moreno<\/p>\n\n\n\n<p>Pues s\u00ed, Alejandro Alvarado fue despedido como delegado estatal de Bienestar Social y sustituido por Horacio Seoane Yeme.<\/p>\n\n\n\n<p>No s\u00f3lo fue despedido de manera vergonzosa, adem\u00e1s hay el riesgo de que se le instruya un proceso penal porque se le entregaron recursos econ\u00f3micos para distribuirlos a los gestores de la dependencia y a los presidentes de los 1 700 comit\u00e9s&nbsp; vecinales y no los entreg\u00f3.<\/p>\n\n\n\n<p>Ya hay quienes lo ubican oculto en Tampico, junto con su esposa, la diputada local Gabriela Regalado a quien promovi\u00f3 desde su posici\u00f3n y oblig\u00f3 a gestores y presidentes de comit\u00e9s a hacer campa\u00f1a a su favor, en la b\u00fasqueda de la reelecci\u00f3n.<\/p>\n\n\n\n<p>El matrimonio Alvarado-Regalado se engolosin\u00f3 con el poder. En el 2021 la mujer gan\u00f3 de chiripa, pero ella se lo crey\u00f3 y lo primero que hizo al entrar el gobernador Am\u00e9rico Villarreal fue gestionar una posici\u00f3n para su marido.<\/p>\n\n\n\n<p>Ambos se creyeron los grandes estrategas pol\u00edticos y Gabriela lleg\u00f3 a acariciar la idea de ser presidenta municipal, convencida de que es muy popular y convencida de que tendr\u00eda el apoyo de Am\u00e9rico Villarreal Santiago, dirigente de Avanzada.<\/p>\n\n\n\n<p>El mundo se les vino encima a ambos, cuando un grupo de gestores empez\u00f3 a quejarse de que Alvarado los obligaba a participar en la campa\u00f1a de su esposa Gabriela Regalado, aunque los dejaba en libertad de que apoyaran a otros candidatos en las otras f\u00f3rmulas.<\/p>\n\n\n\n<p>La que importa es Gaby, lo dem\u00e1s puede irse al carajo, les habr\u00eda dicho.<\/p>\n\n\n\n<p>Horacio recibe una oficina en total desorden y donde ante la p\u00e9rdida de confianza en gestores y comit\u00e9s vecinales se tendr\u00e1 que empezar de cero, todo por culpa de una pareja ambiciosa y avariciosa.<\/p>\n\n\n\n<p>En fin, Horacio es un hombre de trabajo, entregado a sus responsabilidades y en pocos meses habr\u00e1 limpiado la oficina.<\/p>\n\n\n\n<p>Por otra parte, el Tribunal Estatal Electoral decidi\u00f3 este d\u00eda que el registro del diputado F\u00e9lix El Moyo Garc\u00eda, como primer regidor en la planilla de la alianza PAN-PRI, no es v\u00e1lido, porque debi\u00f3 pedir licencia como diputado local, 90 d\u00edas antes de la elecci\u00f3n.<\/p>\n\n\n\n<p>El Tribunal determin\u00f3 que al no separarse del cargo, El Moyo rompi\u00f3 con el principio de equidad en la contienda. Ahora El Moyo recurrir\u00e1 al TRIFE para impugnar est\u00e1 resoluci\u00f3n del TRIELTAM.<\/p>\n\n\n\n<p>El suplente de El Moyo es Alfonso Peredo Ramos.<\/p>\n\n\n\n<p>Por su parte, el consejero del IETAM, Eliseo Garc\u00eda Gonz\u00e1lez, aclara -por si alguien ten\u00eda confusi\u00f3n- que el voto emitido por candidatos no registrados es inv\u00e1lido y que en el remoto caso de que un candidato no registrado ganara la elecci\u00f3n, no tendr\u00eda efectos legales.<br \/>Pero el que un voto para un candidato no registrado no sea v\u00e1lido, no significa que no deba hacerse. En los tiempos de Manuel Cavazos Lerma, cuando no exist\u00eda la figura independiente, en Gonz\u00e1lez particip\u00f3 una candidata no registrada y le reconocieron el triunfo. Lo mismo paso en Jaumave, en el sexenio de Emilio Mart\u00ednez Manatou. Fueron garbanzos de libra, ciertamente, en pueblos con pocos habitantes.<\/p>\n\n\n\n<p>Si a usted no le convence ning\u00fan candidato ni ning\u00fan partido, pero quiere votar, puede hacerlo por un personaje no registrado, incluso ya fallecido o de ficci\u00f3n. O de plano puede anular el voto cruzando toda la boleta. Esa ser\u00eda una se\u00f1al de desconfianza hacia candidatos y partidos.<\/p>\n\n\n\n<p>Otra opci\u00f3n es no simplemente no votar. Se equivocan quienes sostienen que el voto es una obligaci\u00f3n. Es un derecho, pero no una obligaci\u00f3n, porque no hay obligatoriedad. Y no se crea el cuento de que \u00e9l que vota no tiene derecho a criticar a los gobernantes. Claro que puede criticarlos, y m\u00e1s si est\u00e1 al corriente en el pago de sus impuestos, de esos impuestos con los que se paga el salario de los servidores p\u00fablicos.<\/p>\n","protected":false},"excerpt":{"rendered":"<p>-Horacio Seone releva a Alejandro Alvarado -TRIELTAM tumba regidur\u00eda a El Moyo Garc\u00eda -El derecho a votar por candidatos no registrados Tiempo de opinar Ra\u00fal Hern\u00e1ndez Moreno Pues s\u00ed, Alejandro &hellip; <a href=\"http:\/\/revistalaneta.com.mx\/?p=12634\" class=\"more-link\">Leer m\u00e1s<\/a><\/p>\n","protected":false},"author":1,"featured_media":12633,"comment_status":"open","ping_status":"open","sticky":false,"template":"","format":"standard","meta":{"footnotes":""},"categories":[2,3],"tags":[],"class_list":["post-12634","post","type-post","status-publish","format-standard","has-post-thumbnail","hentry","category-chismorreo","category-opinion","entry"],"_links":{"self":[{"href":"http:\/\/revistalaneta.com.mx\/index.php?rest_route=\/wp\/v2\/posts\/12634","targetHints":{"allow":["GET"]}}],"collection":[{"href":"http:\/\/revistalaneta.com.mx\/index.php?rest_route=\/wp\/v2\/posts"}],"about":[{"href":"http:\/\/revistalaneta.com.mx\/index.php?rest_route=\/wp\/v2\/types\/post"}],"author":[{"embeddable":true,"href":"http:\/\/revistalaneta.com.mx\/index.php?rest_route=\/wp\/v2\/users\/1"}],"replies":[{"embeddable":true,"href":"http:\/\/revistalaneta.com.mx\/index.php?rest_route=%2Fwp%2Fv2%2Fcomments&post=12634"}],"version-history":[{"count":1,"href":"http:\/\/revistalaneta.com.mx\/index.php?rest_route=\/wp\/v2\/posts\/12634\/revisions"}],"predecessor-version":[{"id":12635,"href":"http:\/\/revistalaneta.com.mx\/index.php?rest_route=\/wp\/v2\/posts\/12634\/revisions\/12635"}],"wp:featuredmedia":[{"embeddable":true,"href":"http:\/\/revistalaneta.com.mx\/index.php?rest_route=\/wp\/v2\/media\/12633"}],"wp:attachment":[{"href":"http:\/\/revistalaneta.com.mx\/index.php?rest_route=%2Fwp%2Fv2%2Fmedia&parent=12634"}],"wp:term":[{"taxonomy":"category","embeddable":true,"href":"http:\/\/revistalaneta.com.mx\/index.php?rest_route=%2Fwp%2Fv2%2Fcategories&post=12634"},{"taxonomy":"post_tag","embeddable":true,"href":"http:\/\/revistalaneta.com.mx\/index.php?rest_route=%2Fwp%2Fv2%2Ftags&post=12634"}],"curies":[{"name":"wp","href":"https:\/\/api.w.org\/{rel}","templated":true}]}}