{"id":12637,"date":"2024-06-01T15:35:19","date_gmt":"2024-06-01T15:35:19","guid":{"rendered":"http:\/\/revistalaneta.com.mx\/?p=12637"},"modified":"2024-06-01T15:35:19","modified_gmt":"2024-06-01T15:35:19","slug":"atiende-gobernador-la-crisis-del-agua","status":"publish","type":"post","link":"http:\/\/revistalaneta.com.mx\/?p=12637","title":{"rendered":"ATIENDE GOBERNADOR LA CRISIS DEL AGUA"},"content":{"rendered":"\n<p><br>Ante el desabasto de agua que se empieza a registrar en algunas zonas de Tamaulipas, el Gobierno del Estado que encabeza Am\u00e9rico Villarreal Anaya ha iniciado una serie de acciones para hacer frente a esta situaci\u00f3n, y prueba de ello es que el pasado jueves por la noche hubo una reuni\u00f3n denominada \u201cAn\u00e1lisis e Impacto de la Sequ\u00eda en la Cuenca del R\u00edo Guayalejo-Tames\u00ed\u201d, en donde el mandatario tamaulipeco expuso que adem\u00e1s del agua que recibir\u00e1 la zona sur del Distrito de Riego 002 de El Mante, tambi\u00e9n se logr\u00f3 un acuerdo para transferir agua del Distrito de Riego 039 R\u00edo Fr\u00edo y del Distrito de Riego 092 Unidad Pujal Coy, del estado de San Luis Potos\u00ed, lo que permitir\u00e1 preservar el agua en las bocatomas de las COMAPA\u00b4s y generar vol\u00famenes en la parte media de la cuenca del R\u00edo Guayalejo-Tames\u00ed para garantizar el derecho humano al agua. Dicha reuni\u00f3n fue celebrada en Tampico, y en la misma se cont\u00f3 con la presencia del secretario de Recursos Hidr\u00e1ulicos de Tamaulipas, Ra\u00fal Quiroga \u00c1lvarez, quien reconoci\u00f3 que esta es la peor crisis h\u00eddrica de la historia, con ocho a\u00f1os continuos de sequ\u00eda y precipitaciones por debajo del promedio (780 mm al a\u00f1o), lo que ha provocado que el sistema lagunario est\u00e9 en su nivel m\u00e1s bajo. Por lo tanto, se dijo, este a\u00f1o se realizar\u00e1 un estudio factibilidad t\u00e9cnica, econ\u00f3mica y social del proyecto del dique El Moralillo y se atender\u00e1 la petici\u00f3n de la Asociaci\u00f3n de Industriales del Sur de Tamaulipas (AISTAC) para evaluar la instalaci\u00f3n de plantas de tratamiento de aguas residuales y de desalinizaci\u00f3n, como parte de las estrategias para generar m\u00e1s agua.<\/p>\n\n\n\n<p>ALERTAN SOBRE LA CRISIS HIDRICA<br \/>Y en torno a este tema la Universidad Aut\u00f3noma de Guadalajara (UAG) celebr\u00f3 en d\u00edas pasados el \u201cCuarto Encuentro Nacional de Asesores de Cultivos\u201d, donde se urgi\u00f3 a una colaboraci\u00f3n m\u00e1s estrecha de los pa\u00edses, ciudadanos, gobiernos y empresas, ante la crisis h\u00eddrica que ya se est\u00e1 padeciendo a nivel mundial, como consecuencia del calentamiento global, donde el aumento de la temperatura causa que el agua se evapore m\u00e1s r\u00e1pido, el suelo necesite irrigarse con mayor frecuencia, los nutrientes de la tierra se pierdan, las cosechas y alimentos empiecen a escasear para la poblaci\u00f3n. As\u00ed que si no se hace nada en poco tiempo, aparte de no tener agua, por ende no tendremos alimentos, y entraremos en una situaci\u00f3n de la que ning\u00fan youtuber, tiktoker o influencer, nos va a salvar. Ojo con eso.<\/p>\n\n\n\n<p>SEGU\u00cdAN SIN LUZ VARIOS SECTORES ESTE VIERNES<br \/>A trav\u00e9s de un comunicado el Gobierno Municipal de Nuevo Laredo report\u00f3 a las 10 de la ma\u00f1ana del viernes que los trabajos para restablecer la energ\u00eda el\u00e9ctrica en diversos sectores de la ciudad continuaban, esto por parte de la Comisi\u00f3n Federal de Electricidad (CFE), y que se esperaba quedaran listos en el transcurso del mismo viernes. Se hizo saber que en el \u00e1rea de \u2060Colinas del Sur la mayor\u00eda de las viviendas contaban con energ\u00eda, y se trabajaba en algunas calles reparando circuitos secundarios que se vieron afectados, mientras que en la colonia Enrique C\u00e1rdenas Gonz\u00e1lez, Am\u00e9ricas, Kil\u00f3metro 10 y dem\u00e1s kil\u00f3metros hacia el sur, se encontraba un poste derribado sobre la calle Tamaulipas en la l\u00ednea troncal, y ya se estaba atendiendo el da\u00f1o.<\/p>\n\n\n\n<p>SUPERINTENDENTE DE LA CFE NO DA LA CARA<br \/>Se report\u00f3 tambi\u00e9n falta de luz en las colonias Francisco Villa presenta da\u00f1os, principalmente en algunos transformadores; Valles de An\u00e1huac, donde hab\u00eda un da\u00f1o en la transici\u00f3n aero-subterr\u00e1nea, y en Los C\u00e1ntaros, donde se registr\u00f3 una falla en red subterr\u00e1nea, as\u00ed como en el fraccionamiento Colorines donde hab\u00eda da\u00f1os en l\u00edneas primarias por ramas en poster\u00eda y cables. Aqu\u00ed cabe apuntar que tuvo que intervenir la alcaldesa interina, Liliana Arjona Barocio, para informar sobre la situaci\u00f3n de la falta de luz en diversos sectores, ya que la Superintendencia de la CFE no se han dignado a emitir comunicado alguno ni atender a los medios de comunicaci\u00f3n para que a su vez transmitan el mensaje a la ciudadan\u00eda.<\/p>\n\n\n\n<p>TODO LISTO PARA LAS ELECCIONES<br \/>Tanto las autoridades del Instituto Nacional Electoral (INE) de Tamaulipas, como del Instituto Electoral de Tamaulipas (IETAM), se dijeron listos para la celebraci\u00f3n de la elecci\u00f3n de este domingo 2 de junio. En este sentido tanto Sergio Iv\u00e1n Ruiz Castellot, presidente del INE en Tamaulipas, como Juan Jos\u00e9 Ramos Charre, presidente del IETAM, hicieron saber que este viernes se esperaba haber entregado los 4 mil 544 paquetes electorales a los presidentes del igual n\u00famero de casillas electorales que se instalar\u00e1n en la entidad. A la vez indicaron que se espera que los tamaulipecos refrenden la vida electoral y el voto libre y secreto. A la vez tambi\u00e9n hicieron notar la operaci\u00f3n de los centros regionales de mando por parte del gobierno del estado, desde los cuales se monitorear\u00e1n y atender\u00e1n todas las situaciones que pudiesen presentarse antes, durante y despu\u00e9s de la jornada electoral, esto a fin de garantizar la paz y tranquilidad de la sociedad, e hicieron el llamado a la ciudadan\u00eda a no propagar desinformaci\u00f3n que pueda desestabilizar el proceso electoral.<\/p>\n\n\n\n<p>LLAMAN A LA CIUDADAN\u00cdA A VOTAR<br \/>Y obviamente los dos encargados del proceso electoral en la entidad hicieron el llamado a la ciudadan\u00eda a salir a votar este pr\u00f3ximo domingo, confiando en que la participaci\u00f3n ciudadana sea copiosa, dada la importancia de la elecci\u00f3n, en la que como se sabe est\u00e1 en juego la presidencia de la rep\u00fablica, y para el caso de Tamaulipas las dos senadur\u00edas de mayor\u00eda, ocho diputaciones federales, 43 ayuntamientos y 22 diputaciones locales. Aqu\u00ed cabe destacar que este pr\u00f3ximo domingo se establecer\u00e1n en Tamaulipas un total de 4 mil 952 casillas electorales, donde podr\u00e1n votar 2 millones 848 mil 971 ciudadanos, que representan 112 mil m\u00e1s que el pasado proceso electoral del 2022. Y para el caso de Nuevo Laredo ser\u00e1n 567 las casillas a instalar, en el que podr\u00e1n emitir su sufragio 340 mil 557 ciudadanos con credencial de elector. As\u00ed que todo est\u00e1 listo para que la gente salga a votar este pr\u00f3ximo domingo. Sea pues.<\/p>\n\n\n\n<p>ADIVINADORA<br \/>Una pareja que acaba de conocerse va a hacer el amor por primera vez. Antes de empezar, ella le dice:<\/p>\n\n\n\n<ul class=\"wp-block-list\">\n<li>\u00bfEres m\u00e9dico, verdad?<\/li>\n\n\n\n<li>\u00bfC\u00f3mo lo has adivinado?<\/li>\n\n\n\n<li>Por tu forma de lavarte las manos.<br>\u00a1Qu\u00e9 chica m\u00e1s inteligente y observadora!,\u00a0-contesta \u00e9l sonriendo.<br>Al terminar, ella dice:<\/li>\n\n\n\n<li>\u00bfTu especialidad es la anestesia, verdad?<\/li>\n\n\n\n<li>\u00a1S\u00ed!, pero \u00bfC\u00f3mo lo has adivinado esta vez?<\/li>\n\n\n\n<li>\u00a1PORQUE NO HE SENTIDO NADA!<\/li>\n<\/ul>\n\n\n\n<p>EL GENIO SORDO<br \/>Un hombre entra en un bar con una enorme jerga de limpieza sobre sus espaldas.<br \/>La deja a un costado de una mesa, se sienta y pide un caf\u00e9. El mozo, con curiosidad, le pregunta: \u201cDisculpe, se\u00f1or, pero \u00bfpara qu\u00e9 trae eso en la espalda?\u201d.<br \/>El hombre, con cara de cansado, le responde: \u201cNo s\u00e9. Me la dio un genio que encontr\u00e9 en una botella. El mozo empieza a re\u00edrse. \u201cUn genio en una botella? \u00bfY usted piensa que yo le voy a creer eso?\u201d.<br \/>El hombre extrae entonces una botella del bolsillo del saco y entreg\u00e1ndosela al mozo, le dice: \u201cHaga la prueba usted mismo\u201d.<br \/>Incr\u00e9dulo, el mozo frota la botella y aparece el genio y le dice: \u201cSoy el genio de la botella\u2026 p\u00eddeme un deseo\u201d.<br \/>\u201c\u00a1Quiero 100 millones de pesos!\u201d, exclama asombrado el mozo.<br \/>El genio vuelve a esconderse en la botella, y de pronto el bar empieza a llenarse de quesos. Cientos, miles de quesos van apareciendo.<br \/>El mozo se desespera y grita aterrado:<br \/>\u201c\u00bfPero qu\u00e9 me entendi\u00f3 este pinche genio idiota? \u00a1Pesos, le dije pesos, no quesos!\u201d.<br \/>Y el hombre lo mira y le contesta: \u201c\u00bfYa ves? El genio cumple, pero es medio sordo el pendejo. \u00bfO A POCO CREES QUE YO LE PED\u00cd TENER UNA ENORME JERGA?\u201d.<\/p>\n","protected":false},"excerpt":{"rendered":"<p>Ante el desabasto de agua que se empieza a registrar en algunas zonas de Tamaulipas, el Gobierno del Estado que encabeza Am\u00e9rico Villarreal Anaya ha iniciado una serie de acciones &hellip; <a href=\"http:\/\/revistalaneta.com.mx\/?p=12637\" class=\"more-link\">Leer m\u00e1s<\/a><\/p>\n","protected":false},"author":1,"featured_media":12636,"comment_status":"open","ping_status":"open","sticky":false,"template":"","format":"standard","meta":{"footnotes":""},"categories":[2,3],"tags":[],"class_list":["post-12637","post","type-post","status-publish","format-standard","has-post-thumbnail","hentry","category-chismorreo","category-opinion","entry"],"_links":{"self":[{"href":"http:\/\/revistalaneta.com.mx\/index.php?rest_route=\/wp\/v2\/posts\/12637","targetHints":{"allow":["GET"]}}],"collection":[{"href":"http:\/\/revistalaneta.com.mx\/index.php?rest_route=\/wp\/v2\/posts"}],"about":[{"href":"http:\/\/revistalaneta.com.mx\/index.php?rest_route=\/wp\/v2\/types\/post"}],"author":[{"embeddable":true,"href":"http:\/\/revistalaneta.com.mx\/index.php?rest_route=\/wp\/v2\/users\/1"}],"replies":[{"embeddable":true,"href":"http:\/\/revistalaneta.com.mx\/index.php?rest_route=%2Fwp%2Fv2%2Fcomments&post=12637"}],"version-history":[{"count":1,"href":"http:\/\/revistalaneta.com.mx\/index.php?rest_route=\/wp\/v2\/posts\/12637\/revisions"}],"predecessor-version":[{"id":12638,"href":"http:\/\/revistalaneta.com.mx\/index.php?rest_route=\/wp\/v2\/posts\/12637\/revisions\/12638"}],"wp:featuredmedia":[{"embeddable":true,"href":"http:\/\/revistalaneta.com.mx\/index.php?rest_route=\/wp\/v2\/media\/12636"}],"wp:attachment":[{"href":"http:\/\/revistalaneta.com.mx\/index.php?rest_route=%2Fwp%2Fv2%2Fmedia&parent=12637"}],"wp:term":[{"taxonomy":"category","embeddable":true,"href":"http:\/\/revistalaneta.com.mx\/index.php?rest_route=%2Fwp%2Fv2%2Fcategories&post=12637"},{"taxonomy":"post_tag","embeddable":true,"href":"http:\/\/revistalaneta.com.mx\/index.php?rest_route=%2Fwp%2Fv2%2Ftags&post=12637"}],"curies":[{"name":"wp","href":"https:\/\/api.w.org\/{rel}","templated":true}]}}