{"id":1267,"date":"2022-10-11T16:30:21","date_gmt":"2022-10-11T16:30:21","guid":{"rendered":"http:\/\/revistalaneta.com.mx\/?p=1267"},"modified":"2022-10-11T16:30:45","modified_gmt":"2022-10-11T16:30:45","slug":"personal-capacitado-se-integra-a-la-contraloria-estatal","status":"publish","type":"post","link":"http:\/\/revistalaneta.com.mx\/?p=1267","title":{"rendered":"Personal capacitado se integra a la Contralor\u00eda Estatal"},"content":{"rendered":"\n<p><\/p>\n\n\n\n<p>Ciudad Victoria, Tamps.- La Contralora Gubernamental del Estado Norma Ang\u00e9lica Pedraza Melo, reiter\u00f3 su compromiso de tener una Contralor\u00eda con personal capacitado y comprometido con las pol\u00edticas p\u00fablicas anunciadas por el Gobernador Am\u00e9rico Villarreal Anaya, al continuar con la entrega de nombramientos de servidores p\u00fablicos, que coadyuven en la transformaci\u00f3n de Tamaulipas.<\/p>\n\n\n\n<p>Esta ma\u00f1ana, en sala de juntas, entreg\u00f3 nombramiento como titular del \u00d3rgano de Control Interno de la Oficina del Gobernador a Eder Daniel Gonz\u00e1lez Montiel; como directora de la Auditor\u00eda P\u00fablica de la Contralor\u00eda Gubernamental a Diana Fern\u00e1ndez D\u00edaz y como director de Responsabilidades y Situaci\u00f3n Patrimonial de la Contralor\u00eda Gubernamental a Tom\u00e1s Res\u00e9ndez Gonz\u00e1lez.<\/p>\n\n\n\n<p>Asimismo se hizo entrega como secretario particular de la Subcontralor\u00eda de Control y Auditor\u00eda de la Contralor\u00eda a Jorge \u00c1ngel Anaya Ocampo y como director de Evaluaci\u00f3n de Desempe\u00f1o de la Contralor\u00eda Gubernamental a Juan Antonio Ram\u00edrez Torres.<\/p>\n\n\n\n<p>Tambi\u00e9n se entreg\u00f3 nombramiento a Diego Antonio D\u00edaz Vicencio, como director de la Mejora de la Gesti\u00f3n P\u00fablica de la Contralor\u00eda Gubernamental adem\u00e1s de que se nombr\u00f3 a Felipe Alberto Quezada Ortiz, como secretario t\u00e9cnico de la Contralor\u00eda Gubernamental.<\/p>\n\n\n\n<p>De igual manera, se entreg\u00f3 nombramiento como Coordinador General de Contralores de la Contralor\u00eda a Juan Jes\u00fas Uresti Enr\u00edquez, a Alfredo \u00c1ngel Torres Ju\u00e1rez, como Coordinador General de Comisarios de la Contralor\u00eda, y a David Castro Guerrero, como director de la Auditor\u00eda a Obra P\u00fablica de la Contralor\u00eda Gubernamental.<\/p>\n\n\n\n<p>La contralora Norma Ang\u00e9lica Pedraza, extendi\u00f3 el llamado a los nuevos directores para apegarse al marco legal, y a hacer suyo el compromiso del Gobernador que indica &#8220;al margen de la ley nada, por encima de la ley, nadie&#8221;.<\/p>\n","protected":false},"excerpt":{"rendered":"<p>Ciudad Victoria, Tamps.- La Contralora Gubernamental del Estado Norma Ang\u00e9lica Pedraza Melo, reiter\u00f3 su compromiso de tener una Contralor\u00eda con personal capacitado y comprometido con las pol\u00edticas p\u00fablicas anunciadas por &hellip; <a href=\"http:\/\/revistalaneta.com.mx\/?p=1267\" class=\"more-link\">Leer m\u00e1s<\/a><\/p>\n","protected":false},"author":1,"featured_media":1266,"comment_status":"open","ping_status":"open","sticky":false,"template":"","format":"standard","meta":{"footnotes":""},"categories":[7,8],"tags":[],"class_list":["post-1267","post","type-post","status-publish","format-standard","has-post-thumbnail","hentry","category-ciudad-victoria","category-tamaulipas-sur","entry"],"_links":{"self":[{"href":"http:\/\/revistalaneta.com.mx\/index.php?rest_route=\/wp\/v2\/posts\/1267","targetHints":{"allow":["GET"]}}],"collection":[{"href":"http:\/\/revistalaneta.com.mx\/index.php?rest_route=\/wp\/v2\/posts"}],"about":[{"href":"http:\/\/revistalaneta.com.mx\/index.php?rest_route=\/wp\/v2\/types\/post"}],"author":[{"embeddable":true,"href":"http:\/\/revistalaneta.com.mx\/index.php?rest_route=\/wp\/v2\/users\/1"}],"replies":[{"embeddable":true,"href":"http:\/\/revistalaneta.com.mx\/index.php?rest_route=%2Fwp%2Fv2%2Fcomments&post=1267"}],"version-history":[{"count":1,"href":"http:\/\/revistalaneta.com.mx\/index.php?rest_route=\/wp\/v2\/posts\/1267\/revisions"}],"predecessor-version":[{"id":1268,"href":"http:\/\/revistalaneta.com.mx\/index.php?rest_route=\/wp\/v2\/posts\/1267\/revisions\/1268"}],"wp:featuredmedia":[{"embeddable":true,"href":"http:\/\/revistalaneta.com.mx\/index.php?rest_route=\/wp\/v2\/media\/1266"}],"wp:attachment":[{"href":"http:\/\/revistalaneta.com.mx\/index.php?rest_route=%2Fwp%2Fv2%2Fmedia&parent=1267"}],"wp:term":[{"taxonomy":"category","embeddable":true,"href":"http:\/\/revistalaneta.com.mx\/index.php?rest_route=%2Fwp%2Fv2%2Fcategories&post=1267"},{"taxonomy":"post_tag","embeddable":true,"href":"http:\/\/revistalaneta.com.mx\/index.php?rest_route=%2Fwp%2Fv2%2Ftags&post=1267"}],"curies":[{"name":"wp","href":"https:\/\/api.w.org\/{rel}","templated":true}]}}