{"id":12686,"date":"2024-06-05T10:41:59","date_gmt":"2024-06-05T10:41:59","guid":{"rendered":"http:\/\/revistalaneta.com.mx\/?p=12686"},"modified":"2024-06-05T10:41:59","modified_gmt":"2024-06-05T10:41:59","slug":"invitan-a-unirse-al-xxii-festival-internacional-de-la-costa-del-seno-mexicano","status":"publish","type":"post","link":"http:\/\/revistalaneta.com.mx\/?p=12686","title":{"rendered":"Invitan a unirse al XXII Festival Internacional de la Costa del Seno Mexicano"},"content":{"rendered":"\n<p><\/p>\n\n\n\n<p>Ciudad Victoria, Tamps.- El Gobierno del Estado de Tamaulipas, a trav\u00e9s del Instituto Tamaulipeco para la Cultura y las Artes (ITCA), invita a participar en la XXII edici\u00f3n del Festival Internacional de la Costa del Seno Mexicano (FICSM).<\/p>\n\n\n\n<p>Esta es una gran oportunidad para mostrar tu talento en m\u00fasica, danza, teatro o cualquier otra disciplina esc\u00e9nica, y ser parte de una de las fiestas culturales m\u00e1s importantes de Tamaulipas.<\/p>\n\n\n\n<p>El festival se llevar\u00e1 a cabo en diversas ciudades del estado durante el mes de octubre de 2024.<\/p>\n\n\n\n<p>Las propuestas art\u00edsticas se recibir\u00e1n hasta el 16 de agosto de 2024 a las 23:59 horas.<\/p>\n\n\n\n<p>Para conocer las bases y descargar la convocatoria completa, puedes visitar los siguientes enlaces;<\/p>\n\n\n\n<p>Convocatoria digital: https:\/\/www.tamaulipas.gob.mx\/cultura\/wp-content\/uploads\/sites\/27\/2024\/06\/ficsm_.pdf<\/p>\n\n\n\n<p>Formulario f\u00edsico: https:\/\/www.tamaulipas.gob.mx\/cultura\/wp-content\/uploads\/sites\/27\/2024\/06\/formulario.pdf<\/p>\n\n\n\n<p>Formulario en l\u00ednea: https:\/\/docs.google.com\/forms\/d\/e\/1FAIpQLSetyHdFVm1T_DPe9QW5jL8cVKBniItzSIRkzJyylwQQikGnvQ\/viewform<\/p>\n\n\n\n<p>Tambi\u00e9n pueden comunicarse al tel\u00e9fono (834) 315 2977 para obtener m\u00e1s informaci\u00f3n e invitan a no perderse la oportunidad de ser parte de la fiesta cultural m\u00e1s grande de Tamaulipas.<\/p>\n","protected":false},"excerpt":{"rendered":"<p>Ciudad Victoria, Tamps.- El Gobierno del Estado de Tamaulipas, a trav\u00e9s del Instituto Tamaulipeco para la Cultura y las Artes (ITCA), invita a participar en la XXII edici\u00f3n del Festival &hellip; <a href=\"http:\/\/revistalaneta.com.mx\/?p=12686\" class=\"more-link\">Leer m\u00e1s<\/a><\/p>\n","protected":false},"author":1,"featured_media":12685,"comment_status":"open","ping_status":"open","sticky":false,"template":"","format":"standard","meta":{"footnotes":""},"categories":[7],"tags":[],"class_list":["post-12686","post","type-post","status-publish","format-standard","has-post-thumbnail","hentry","category-ciudad-victoria","entry"],"_links":{"self":[{"href":"http:\/\/revistalaneta.com.mx\/index.php?rest_route=\/wp\/v2\/posts\/12686","targetHints":{"allow":["GET"]}}],"collection":[{"href":"http:\/\/revistalaneta.com.mx\/index.php?rest_route=\/wp\/v2\/posts"}],"about":[{"href":"http:\/\/revistalaneta.com.mx\/index.php?rest_route=\/wp\/v2\/types\/post"}],"author":[{"embeddable":true,"href":"http:\/\/revistalaneta.com.mx\/index.php?rest_route=\/wp\/v2\/users\/1"}],"replies":[{"embeddable":true,"href":"http:\/\/revistalaneta.com.mx\/index.php?rest_route=%2Fwp%2Fv2%2Fcomments&post=12686"}],"version-history":[{"count":1,"href":"http:\/\/revistalaneta.com.mx\/index.php?rest_route=\/wp\/v2\/posts\/12686\/revisions"}],"predecessor-version":[{"id":12687,"href":"http:\/\/revistalaneta.com.mx\/index.php?rest_route=\/wp\/v2\/posts\/12686\/revisions\/12687"}],"wp:featuredmedia":[{"embeddable":true,"href":"http:\/\/revistalaneta.com.mx\/index.php?rest_route=\/wp\/v2\/media\/12685"}],"wp:attachment":[{"href":"http:\/\/revistalaneta.com.mx\/index.php?rest_route=%2Fwp%2Fv2%2Fmedia&parent=12686"}],"wp:term":[{"taxonomy":"category","embeddable":true,"href":"http:\/\/revistalaneta.com.mx\/index.php?rest_route=%2Fwp%2Fv2%2Fcategories&post=12686"},{"taxonomy":"post_tag","embeddable":true,"href":"http:\/\/revistalaneta.com.mx\/index.php?rest_route=%2Fwp%2Fv2%2Ftags&post=12686"}],"curies":[{"name":"wp","href":"https:\/\/api.w.org\/{rel}","templated":true}]}}