{"id":12713,"date":"2024-06-05T17:27:27","date_gmt":"2024-06-05T17:27:27","guid":{"rendered":"http:\/\/revistalaneta.com.mx\/?p=12713"},"modified":"2024-06-05T17:27:27","modified_gmt":"2024-06-05T17:27:27","slug":"inicia-conteo-oficial-de-votos","status":"publish","type":"post","link":"http:\/\/revistalaneta.com.mx\/?p=12713","title":{"rendered":"INICIA CONTEO OFICIAL DE VOTOS"},"content":{"rendered":"\n<p><br>A partir de este mi\u00e9rcoles inicia el conteo oficial de los votos de las elecciones celebradas el pasado domingo en nuestra entidad, tanto por parte de las autoridades del Instituto Nacional Electoral (INE), como las del Instituto Electoral de Tamaulipas (IETAM). Al respecto el presidente del INE de Tamaulipas, Sergio Iv\u00e1n Ruiz Castellot, anunci\u00f3 que este mi\u00e9rcoles se contar\u00e1n los votos de la elecci\u00f3n por la Presidencia de M\u00e9xico, el jueves por las senadur\u00edas, y el viernes por las diputaciones, esto en cada uno de los ocho distritos electorales federales que hay en la entidad. Por su parte en lo que compete al IETAM, a partir de este mi\u00e9rcoles inicia el conteo de los votos por las alcald\u00edas en los 43 consejos electorales municipales que operan en el estado, y a la par se iniciar\u00e1 en los 22 consejos distritales electorales de la entidad, lo concerniente al conteo de las diputaciones locales, teni\u00e9ndose como fecha l\u00edmite hasta el s\u00e1bado para dar a conocer los resultados, y entregar las constancias correspondientes. Ya si hay solicitudes de recuento de votos, donde se pueda, eso ya ser\u00e1 otro cantar, como igualmente lo ser\u00e1 si hay impugnaciones.<\/p>\n\n\n\n<p>REGRESA CARMEN LILIA Y ANUNCIA BAILONGO<br \/>Carmen Lilia Canturosas Villarreal ya regres\u00f3 a su cargo como Presidente Municipal de Nuevo Laredo, transcurrido el proceso electoral. Hay quienes dicen que tal vez debi\u00f3 esperarse, pues todav\u00eda puede haber impugnaciones en torno a la elecci\u00f3n en la que busca reelegirse. No obstante de su equipo dicen que no hay problema, as\u00ed que all\u00e1 ellos. El caso es que este martes Carmen Lilia aprovech\u00f3 para anunciar el festejo del 176 Aniversario de la Fundaci\u00f3n de Nuevo Laredo, esto el pr\u00f3ximo s\u00e1bado 15 de Junio en la rotonda del monumento a Benito Ju\u00e1rez, a partir de las ocho de la noche, y con la presencia de dos grupos musicales, sobre los que dijo dar\u00e1 detalles este mi\u00e9rcoles. No obstante, se habla que ser\u00e1n el grupo Pesado y Los Recoditos.<\/p>\n\n\n\n<p>MIENTRAS SE SIGA CAYENDO EL SISTEMA, NO HAY MUCHO QUE CELEBRAR<br \/>Si bien es cierto que es bueno que el gobierno de Estados Unidos ya autoriz\u00f3 el permiso presidencial para la ampliaci\u00f3n de ocho a 18 carriles en el Puente Internacional N\u00famero 3 \u201cComercio Mundial\u201d, tambi\u00e9n es cierto que esto no servir\u00e1 de mucho si en el lado mexicano (e incluso tambi\u00e9n en el americano) se cae el sistema constantemente, y mantiene varados a miles de camiones sobre los caminos que van a dicho cruce internacional. Y es que no se entiende como con tanta tecnolog\u00eda y modernizaci\u00f3n, se sigue cayendo el sistema, y gener\u00e1ndose con ello inmensas p\u00e9rdidas en el comercio internacional, que echa por la borda todo lo dem\u00e1s que se haga por dizque mejorar, como eso de ampliar justamente el puente. He dicho.<\/p>\n\n\n\n<p>TAMAULIPAS SER\u00c1 SEDE DE CONGRESO PETROLERO<br \/>Tamaulipas sede del Congreso Mexicano del Petr\u00f3leo 2024, evento a celebrarse en el Centro de Convenciones y Exposiciones Expo Tampico del 19 al 22 de junio, y donde se espera la visita de m\u00e1s de 7 mil asistentes, la presencia de 144 empresas de servicios, tecnolog\u00eda y productos, as\u00ed como 800 stands de expositores. En este magno evento se espera contar con la presencia de especialistas, empresarios, acad\u00e9micos y estudiantes; adem\u00e1s que de disertar\u00e1n conferencias y se tendr\u00e1 un amplio abanico de oportunidades a trav\u00e9s de las mesas de negocios, estim\u00e1ndose una derrama econ\u00f3mica superior a los 150 millones de pesos para la entidad, pues para empezar la ocupaci\u00f3n hotelera para esas fechas ya est\u00e1 al 100 por ciento en la zona sur. El evento va a ser inaugurado por el gobernador Am\u00e9rico Villarreal Anaya, quien est\u00e1 muy interesado en el desarrollo del turismo en todas sus vertientes, y este importante congreso, bajo el lema \u201cTransformaci\u00f3n digital para dar certidumbre y eficiencia a la Industria Petrolera de M\u00e9xico\u201d, no ser\u00e1 la excepci\u00f3n.<\/p>\n\n\n\n<p>FOMENTAR\u00c1N H\u00c1BITO DE LECTURA<br \/>Bajo el objetivo de fomentar en los ni\u00f1os el h\u00e1bito de la lectura, este martes lleg\u00f3 a Nuevo Laredo \u201cEl Bibliob\u00fas\u201d, el cual una unidad m\u00f3vil que en su interior tiene muchos libros, para que los peque\u00f1os puedan leerlos. Dicho veh\u00edculo acudir\u00e1 a diversas escuelas, tales como \u201cPuerta de las Am\u00e9ricas\u201d, \u201cNi\u00f1o Artillero\u201d y \u201cCarmen U. de Rend\u00f3n\u201d, donde estar\u00e1 a disposici\u00f3n de los ni\u00f1os que quieran leer. La unidad pertenece al Instituto para la Cultura y las Artes de Tamaulipas (ITCA), y es un completo acervo bibliogr\u00e1fico conformado por textos de historia, poes\u00eda, cuentos, entre otros. Hay que leer.<\/p>\n\n\n\n<p>SE VA LA EXPOSICI\u00d3N DE LA REVOLUCI\u00d3N<br \/>Alrededor de 10 d\u00edas le quedan a la exposici\u00f3n fotogr\u00e1fica \u201cLa Revoluci\u00f3n: Una mirada a trav\u00e9s de la fotograf\u00eda\u201d del Archivo Casa Sola, y que se exhibe en el Museo Reyes Meza del Centro Cultural de Nuevo Laredo, para que quienes no han ido a verla, acudan y constaten una serie de fotograf\u00edas de la Revoluci\u00f3n Mexicana, as\u00ed como objetos. Dicha exposici\u00f3n est\u00e1 desde el mes de noviembre, y ya se va, pues seg\u00fan nos coment\u00f3 el amigo Marcos Rodr\u00edguez Le\u00edja, director de Arte y Cultura del Municipio de Nuevo Laredo, viene otra exposici\u00f3n en la tercera semana de junio, que ser\u00e1 toda una sorpresa. Sea pues.<\/p>\n\n\n\n<p>RIFAR\u00c1 \u201cEL MA\u00d1ANA\u201d UN VEH\u00cdCULO \u00daLTIMO MODELO<br \/>Quienes van a cerrar con broche de oro sus festejos por el Centenario de su fundaci\u00f3n son los amigos del peri\u00f3dico El Ma\u00f1ana, pues est\u00e1n anunciando un gran espect\u00e1culo para el pr\u00f3ximo viernes 28 de junio a partir de las siete de la ma\u00f1ana en la explanada Independencia de la plaza Hidalgo, con entrada totalmente gratis, y donde se contar\u00e1 con la presencia de Leandro R\u00edos \u201cEl Penco\u201d, y Luis Alfredo Jim\u00e9nez, nieto de Jos\u00e9 Alfredo Jim\u00e9nez, con mariachi, y tambi\u00e9n Carmen Sarah\u00ed, y donde adem\u00e1s habr\u00e1 toda una verbena popular con antojitos y 250 kilos de cabrito guisado. Pero eso no es todo, se rifar\u00e1 un veh\u00edculo \u00faltimo modelo y pantallas de televisi\u00f3n de 50 pulgadas, para lo cual basta comprar el peri\u00f3dico El Ma\u00f1ana y recortar un cup\u00f3n que viene en sus p\u00e1ginas y ponerlo a partir del 9 de junio en una t\u00f3mbola que estar\u00e1 en las oficinas del peri\u00f3dico, situadas en Per\u00fa y Ju\u00e1rez, (y tambi\u00e9n el d\u00eda del evento en el lugar hasta las ocho de la noche) en el entendido de que entre m\u00e1s cupones pongan, m\u00e1s oportunidades tienen de ganar. Los cupones saldr\u00e1n publicados desde ya, y hasta el d\u00eda del festejo, as\u00ed que aprovechen y vayan a divertirse.<\/p>\n\n\n\n<p>CELEBRA LA UAT REUNI\u00d3N DEL COLEGIO DE DIRECTORES EN MANTE<br \/>Con el firme objetivo de evaluar el adelanto acad\u00e9mico al cierre del periodo escolar 2024-1 y continuar avanzando en el plan de trabajo institucional, el rector de la Universidad Aut\u00f3noma de Tamaulipas (UAT), MVZ D\u00e1maso Leonardo Anaya Alvarado, encabez\u00f3 la cuarta reuni\u00f3n ordinaria del Colegio de Directores, esto en la Unidad Acad\u00e9mica Multidisciplinaria Mante. Los titulares de las 26 unidades acad\u00e9micas que tiene la UAT en la entidad, estuvieron presente en dicho acto, donde el rector resalt\u00f3 los m\u00e1s recientes logros, como son las certificaciones y acreditaciones otorgadas por organismos externos que avalan la excelencia acad\u00e9mica y fortalecen el compromiso de ofrecer una educaci\u00f3n de calidad a la sociedad, a la vez que destac\u00f3 los reconocimientos otorgados a docentes por su trayectoria al servicio de la UAT, la participaci\u00f3n de estudiantes que sobresalen en escenarios nacionales e internacionales como parte de su formaci\u00f3n humanista e integral, adem\u00e1s de recientes actividades que fomentan la vinculaci\u00f3n social.<\/p>\n\n\n\n<p>LO \u00daLTIMO<br \/>Carlos Canturosas Villarreal, virtual diputado federal electo por Nuevo Laredo, asegur\u00f3 que no le fallar\u00e1 a los ciudadanos que votaron por \u00e9l. Y sabemos que as\u00ed ser\u00e1, pues CCR es un gran pol\u00edtico, pero sobre todo, un hombre de palabra y que sabe atender las necesidades de la gente\u2026 El Sistema DIF Nuevo Laredo abri\u00f3 un nuevo registro para la Campa\u00f1a de Aparatos Auditivos. Los requisitos para los interesados son el presentar un diagn\u00f3stico m\u00e9dico de p\u00e9rdida de audici\u00f3n, acta de nacimiento, CURP, comprobante de domicilio de Nuevo Laredo e identificaci\u00f3n oficial con fotograf\u00eda. Las inscripciones se llevar\u00e1n a cabo en las instalaciones del DIF, ubicadas en H\u00e9roe de Nacataz n\u00famero 2244, en un horario de ocho de la ma\u00f1ana a tres de la tarde\u2026 Del 10 al 16 de junio se llevar\u00e1 a cabo la Segunda Jornada Estatal de Incorporaci\u00f3n y Acreditaci\u00f3n para concluir la primaria y secundaria a trav\u00e9s del Instituto Tamaulipeco para la Educaci\u00f3n de los Adultos (ITEA). Por lo tanto, todos los mayores de 15 a\u00f1os interesados en ello pueden llamar al 800 710 6604 para recibir mayores informes al respecto\u2026 Hasta de risa es el pensar que cuando \u00e9ramos ni\u00f1os pens\u00e1bamos que en el 2024 iba haber robots, carros voladores y viajes espaciales, y resulta que en este esperado a\u00f1o no tenemos ni agua, ni luz, jajajaja.<\/p>\n","protected":false},"excerpt":{"rendered":"<p>A partir de este mi\u00e9rcoles inicia el conteo oficial de los votos de las elecciones celebradas el pasado domingo en nuestra entidad, tanto por parte de las autoridades del Instituto &hellip; <a href=\"http:\/\/revistalaneta.com.mx\/?p=12713\" class=\"more-link\">Leer m\u00e1s<\/a><\/p>\n","protected":false},"author":1,"featured_media":12712,"comment_status":"open","ping_status":"open","sticky":false,"template":"","format":"standard","meta":{"footnotes":""},"categories":[2,3],"tags":[],"class_list":["post-12713","post","type-post","status-publish","format-standard","has-post-thumbnail","hentry","category-chismorreo","category-opinion","entry"],"_links":{"self":[{"href":"http:\/\/revistalaneta.com.mx\/index.php?rest_route=\/wp\/v2\/posts\/12713","targetHints":{"allow":["GET"]}}],"collection":[{"href":"http:\/\/revistalaneta.com.mx\/index.php?rest_route=\/wp\/v2\/posts"}],"about":[{"href":"http:\/\/revistalaneta.com.mx\/index.php?rest_route=\/wp\/v2\/types\/post"}],"author":[{"embeddable":true,"href":"http:\/\/revistalaneta.com.mx\/index.php?rest_route=\/wp\/v2\/users\/1"}],"replies":[{"embeddable":true,"href":"http:\/\/revistalaneta.com.mx\/index.php?rest_route=%2Fwp%2Fv2%2Fcomments&post=12713"}],"version-history":[{"count":1,"href":"http:\/\/revistalaneta.com.mx\/index.php?rest_route=\/wp\/v2\/posts\/12713\/revisions"}],"predecessor-version":[{"id":12714,"href":"http:\/\/revistalaneta.com.mx\/index.php?rest_route=\/wp\/v2\/posts\/12713\/revisions\/12714"}],"wp:featuredmedia":[{"embeddable":true,"href":"http:\/\/revistalaneta.com.mx\/index.php?rest_route=\/wp\/v2\/media\/12712"}],"wp:attachment":[{"href":"http:\/\/revistalaneta.com.mx\/index.php?rest_route=%2Fwp%2Fv2%2Fmedia&parent=12713"}],"wp:term":[{"taxonomy":"category","embeddable":true,"href":"http:\/\/revistalaneta.com.mx\/index.php?rest_route=%2Fwp%2Fv2%2Fcategories&post=12713"},{"taxonomy":"post_tag","embeddable":true,"href":"http:\/\/revistalaneta.com.mx\/index.php?rest_route=%2Fwp%2Fv2%2Ftags&post=12713"}],"curies":[{"name":"wp","href":"https:\/\/api.w.org\/{rel}","templated":true}]}}