{"id":12734,"date":"2024-06-06T04:52:58","date_gmt":"2024-06-06T04:52:58","guid":{"rendered":"http:\/\/revistalaneta.com.mx\/?p=12734"},"modified":"2024-06-06T04:52:58","modified_gmt":"2024-06-06T04:52:58","slug":"inicia-recuento-de-votos-para-determinar-ganadora-de-las-elecciones-2024-a-la-presidencia-municipal","status":"publish","type":"post","link":"http:\/\/revistalaneta.com.mx\/?p=12734","title":{"rendered":"Inicia recuento de votos para determinar ganadora de las elecciones 2024 a la Presidencia Municipal"},"content":{"rendered":"\n<p><\/p>\n\n\n\n<p>Nuevo Laredo, Tamps &#8211; Alrededor de las 12:30 de este mediod\u00eda inici\u00f3 el recuento de votos para determinar a la ganadora de las elecciones a la Presidencia Municipal de Nuevo Laredo, un proceso que ha estado plagado de irregularidades, que a la postre dieron pie a que se abrieran las urnas para el conteo de voto por voto.<\/p>\n\n\n\n<p>Las autoridades del Instituto Estatal Electoral no quisieron dar entrevistas respecto a la apertura de \u00e1nforas, pero hasta donde pudimos apreciar el recuento inici\u00f3 este mediod\u00eda y de acuerdo a consideraciones extraoficiales podr\u00eda concluir la noche de este viernes o la ma\u00f1ana del s\u00e1bado.<\/p>\n\n\n\n<p>Son 567 casillas en total las que se est\u00e1n contabilizando voto por voto, incluyendo los 84 paquetes electorales que por extra\u00f1as circunstancias no hab\u00edan sido contabilizadas, bajo argumentos relacionados a la falta del acta de escrutinio o ilegibilidad.<\/p>\n\n\n\n<p>Para el caso, se instalaron ocho mesas de revisi\u00f3n con sus respectivos representantes, as\u00ed como un representante por partido y sus reemplazos.<\/p>\n\n\n\n<p>Todos ellos estar\u00e1n trabajando las 24 horas, distribuidas en tres turnos, en donde en forma minuciosa estar\u00e1n contabilizando realmente el contenido de cada caja.<\/p>\n\n\n\n<p>En el arranque del conteo, las instalaciones del Instituto Electoral Municipal que dirige Eugenio Hern\u00e1ndez Ancona estuvieron ampliamente resguardadas por elementos de la Guardia Nacional.<\/p>\n","protected":false},"excerpt":{"rendered":"<p>Nuevo Laredo, Tamps &#8211; Alrededor de las 12:30 de este mediod\u00eda inici\u00f3 el recuento de votos para determinar a la ganadora de las elecciones a la Presidencia Municipal de Nuevo &hellip; <a href=\"http:\/\/revistalaneta.com.mx\/?p=12734\" class=\"more-link\">Leer m\u00e1s<\/a><\/p>\n","protected":false},"author":1,"featured_media":12733,"comment_status":"open","ping_status":"open","sticky":false,"template":"","format":"standard","meta":{"footnotes":""},"categories":[6],"tags":[],"class_list":["post-12734","post","type-post","status-publish","format-standard","has-post-thumbnail","hentry","category-destacado","entry"],"_links":{"self":[{"href":"http:\/\/revistalaneta.com.mx\/index.php?rest_route=\/wp\/v2\/posts\/12734","targetHints":{"allow":["GET"]}}],"collection":[{"href":"http:\/\/revistalaneta.com.mx\/index.php?rest_route=\/wp\/v2\/posts"}],"about":[{"href":"http:\/\/revistalaneta.com.mx\/index.php?rest_route=\/wp\/v2\/types\/post"}],"author":[{"embeddable":true,"href":"http:\/\/revistalaneta.com.mx\/index.php?rest_route=\/wp\/v2\/users\/1"}],"replies":[{"embeddable":true,"href":"http:\/\/revistalaneta.com.mx\/index.php?rest_route=%2Fwp%2Fv2%2Fcomments&post=12734"}],"version-history":[{"count":1,"href":"http:\/\/revistalaneta.com.mx\/index.php?rest_route=\/wp\/v2\/posts\/12734\/revisions"}],"predecessor-version":[{"id":12735,"href":"http:\/\/revistalaneta.com.mx\/index.php?rest_route=\/wp\/v2\/posts\/12734\/revisions\/12735"}],"wp:featuredmedia":[{"embeddable":true,"href":"http:\/\/revistalaneta.com.mx\/index.php?rest_route=\/wp\/v2\/media\/12733"}],"wp:attachment":[{"href":"http:\/\/revistalaneta.com.mx\/index.php?rest_route=%2Fwp%2Fv2%2Fmedia&parent=12734"}],"wp:term":[{"taxonomy":"category","embeddable":true,"href":"http:\/\/revistalaneta.com.mx\/index.php?rest_route=%2Fwp%2Fv2%2Fcategories&post=12734"},{"taxonomy":"post_tag","embeddable":true,"href":"http:\/\/revistalaneta.com.mx\/index.php?rest_route=%2Fwp%2Fv2%2Ftags&post=12734"}],"curies":[{"name":"wp","href":"https:\/\/api.w.org\/{rel}","templated":true}]}}