{"id":12740,"date":"2024-06-06T12:43:21","date_gmt":"2024-06-06T12:43:21","guid":{"rendered":"http:\/\/revistalaneta.com.mx\/?p=12740"},"modified":"2024-06-06T12:43:21","modified_gmt":"2024-06-06T12:43:21","slug":"invita-gobierno-municipal-a-segunda-feria-del-empleo-2024","status":"publish","type":"post","link":"http:\/\/revistalaneta.com.mx\/?p=12740","title":{"rendered":"Invita Gobierno Municipal a Segunda Feria Del Empleo 2024"},"content":{"rendered":"\n<p><\/p>\n\n\n\n<p>Nuevo Laredo, Tamps.- Todo est\u00e1 listo para que este mi\u00e9rcoles 12 de junio se lleve a cabo la Segunda Feria del Empleo 2024, donde se estar\u00e1n ofertando m\u00e1s mil 500 vacantes de diferentes rubros en un solo lugar.<\/p>\n\n\n\n<p>La cita es el Centro C\u00edvico \u201cCarlos Cant\u00fa Rosas\u201d, donde m\u00e1s de 60 empresas de rubros como maquiladoras, autotransporte, agencias aduanales, negocios comerciales o de servicios, entre otros, estar\u00e1n contratando.<\/p>\n\n\n\n<p>UBICA:<\/p>\n\n\n\n<p>Segunda Feria del Empleo 2024<\/p>\n\n\n\n<p>Lugar: Centro C\u00edvico<\/p>\n\n\n\n<p>Fecha: Mi\u00e9rcoles 12 de junio<\/p>\n\n\n\n<p>Hora: 9:00 AM a 2:00 PM<\/p>\n","protected":false},"excerpt":{"rendered":"<p>Nuevo Laredo, Tamps.- Todo est\u00e1 listo para que este mi\u00e9rcoles 12 de junio se lleve a cabo la Segunda Feria del Empleo 2024, donde se estar\u00e1n ofertando m\u00e1s mil 500 &hellip; <a href=\"http:\/\/revistalaneta.com.mx\/?p=12740\" class=\"more-link\">Leer m\u00e1s<\/a><\/p>\n","protected":false},"author":1,"featured_media":12739,"comment_status":"open","ping_status":"open","sticky":false,"template":"","format":"standard","meta":{"footnotes":""},"categories":[4],"tags":[],"class_list":["post-12740","post","type-post","status-publish","format-standard","has-post-thumbnail","hentry","category-nuevo-laredo","entry"],"_links":{"self":[{"href":"http:\/\/revistalaneta.com.mx\/index.php?rest_route=\/wp\/v2\/posts\/12740","targetHints":{"allow":["GET"]}}],"collection":[{"href":"http:\/\/revistalaneta.com.mx\/index.php?rest_route=\/wp\/v2\/posts"}],"about":[{"href":"http:\/\/revistalaneta.com.mx\/index.php?rest_route=\/wp\/v2\/types\/post"}],"author":[{"embeddable":true,"href":"http:\/\/revistalaneta.com.mx\/index.php?rest_route=\/wp\/v2\/users\/1"}],"replies":[{"embeddable":true,"href":"http:\/\/revistalaneta.com.mx\/index.php?rest_route=%2Fwp%2Fv2%2Fcomments&post=12740"}],"version-history":[{"count":1,"href":"http:\/\/revistalaneta.com.mx\/index.php?rest_route=\/wp\/v2\/posts\/12740\/revisions"}],"predecessor-version":[{"id":12741,"href":"http:\/\/revistalaneta.com.mx\/index.php?rest_route=\/wp\/v2\/posts\/12740\/revisions\/12741"}],"wp:featuredmedia":[{"embeddable":true,"href":"http:\/\/revistalaneta.com.mx\/index.php?rest_route=\/wp\/v2\/media\/12739"}],"wp:attachment":[{"href":"http:\/\/revistalaneta.com.mx\/index.php?rest_route=%2Fwp%2Fv2%2Fmedia&parent=12740"}],"wp:term":[{"taxonomy":"category","embeddable":true,"href":"http:\/\/revistalaneta.com.mx\/index.php?rest_route=%2Fwp%2Fv2%2Fcategories&post=12740"},{"taxonomy":"post_tag","embeddable":true,"href":"http:\/\/revistalaneta.com.mx\/index.php?rest_route=%2Fwp%2Fv2%2Ftags&post=12740"}],"curies":[{"name":"wp","href":"https:\/\/api.w.org\/{rel}","templated":true}]}}