{"id":12755,"date":"2024-06-06T12:49:23","date_gmt":"2024-06-06T12:49:23","guid":{"rendered":"http:\/\/revistalaneta.com.mx\/?p=12755"},"modified":"2024-06-06T12:49:23","modified_gmt":"2024-06-06T12:49:23","slug":"imparten-en-la-uat-conferencia-sobre-seguridad-y-proteccion-ciudadana","status":"publish","type":"post","link":"http:\/\/revistalaneta.com.mx\/?p=12755","title":{"rendered":"Imparten en la UAT conferencia sobre seguridad y protecci\u00f3n ciudadana"},"content":{"rendered":"\n<p><\/p>\n\n\n\n<p>Ciudad Mante, Tamps.- La Universidad Aut\u00f3noma de Tamaulipas (UAT) organiz\u00f3 una conferencia sobre las funciones y el desempe\u00f1o de la Secretar\u00eda de la Defensa Nacional (SEDENA), en el marco de la Reuni\u00f3n de Seguridad que se realiz\u00f3 en la Unidad Acad\u00e9mica Multidisciplinaria Mante.<br>El rector de la UAT, MVZ D\u00e1maso Leonardo Anaya Alvarado, dio la bienvenida al general de brigada diplomado de Estado Mayor Julio C\u00e9sar Islas S\u00e1nchez, comandante de la 48\/a Zona Militar, quien dict\u00f3 una pl\u00e1tica en materia de seguridad y sobre las funciones y responsabilidades del Ej\u00e9rcito Mexicano.<br>Destac\u00f3 D\u00e1maso Anaya la oportunidad de recibir al distinguido representante de las Fuerzas Armadas, cuya presencia contribuye a las acciones que desarrolla la UAT para contar con espacios educativos armoniosos que garanticen a los estudiantes el ambiente \u00f3ptimo para su formaci\u00f3n.<br>Parte de ello, se\u00f1al\u00f3, es la coordinaci\u00f3n con las diferentes instancias de seguridad estatales y federales, a trav\u00e9s de la Mesa de Seguridad que promueve el Gobierno de Tamaulipas.<br>En su conferencia, el Gral. Brig. DEM Julio C\u00e9sar Islas S\u00e1nchez detall\u00f3 las funciones del Ej\u00e9rcito Mexicano, como son, entre otras, defender la integridad, la independencia y la soberan\u00eda de la naci\u00f3n; garantizar la seguridad interior y auxiliar a la poblaci\u00f3n civil en casos de necesidades p\u00fablicas; y realizar acciones c\u00edvicas y obras sociales para el progreso del pa\u00eds.<br>Al evento asistieron estudiantes de las dependencias de la UAT de esta localidad, padres de familia, representantes empresariales y organismos de la sociedad civil de Ciudad Mante y la regi\u00f3n.<br>Acompa\u00f1aron al rector la Mtra. Ma. del Pilar Garza Aguilar, directora de la Escuela Preparatoria Mante; y el Mtro. Jos\u00e9 Reyna Tinajero, director de la Unidad Acad\u00e9mica Multidisciplinaria Mante.<br>El general Julio C\u00e9sar Islas S\u00e1nchez es licenciado en Administraci\u00f3n Militar y diplomado de Estado Mayor por la Escuela Superior de Guerra; maestro en Administraci\u00f3n para la Seguridad Interior y Defensa Nacional por el Colegio de la Defensa Nacional.<br>Ha recibido reconocimientos militares y condecoraciones entre las que destacan la medalla \u201cLegi\u00f3n de M\u00e9rito\u201d, otorgada por las Fuerzas Armadas Estadunidenses, y Medalla Especial y Cintillo con Tres Estrellas Doradas de la Junta Interamericana de Defensa.<\/p>\n","protected":false},"excerpt":{"rendered":"<p>Ciudad Mante, Tamps.- La Universidad Aut\u00f3noma de Tamaulipas (UAT) organiz\u00f3 una conferencia sobre las funciones y el desempe\u00f1o de la Secretar\u00eda de la Defensa Nacional (SEDENA), en el marco de &hellip; <a href=\"http:\/\/revistalaneta.com.mx\/?p=12755\" class=\"more-link\">Leer m\u00e1s<\/a><\/p>\n","protected":false},"author":1,"featured_media":12754,"comment_status":"open","ping_status":"open","sticky":false,"template":"","format":"standard","meta":{"footnotes":""},"categories":[7],"tags":[],"class_list":["post-12755","post","type-post","status-publish","format-standard","has-post-thumbnail","hentry","category-ciudad-victoria","entry"],"_links":{"self":[{"href":"http:\/\/revistalaneta.com.mx\/index.php?rest_route=\/wp\/v2\/posts\/12755","targetHints":{"allow":["GET"]}}],"collection":[{"href":"http:\/\/revistalaneta.com.mx\/index.php?rest_route=\/wp\/v2\/posts"}],"about":[{"href":"http:\/\/revistalaneta.com.mx\/index.php?rest_route=\/wp\/v2\/types\/post"}],"author":[{"embeddable":true,"href":"http:\/\/revistalaneta.com.mx\/index.php?rest_route=\/wp\/v2\/users\/1"}],"replies":[{"embeddable":true,"href":"http:\/\/revistalaneta.com.mx\/index.php?rest_route=%2Fwp%2Fv2%2Fcomments&post=12755"}],"version-history":[{"count":1,"href":"http:\/\/revistalaneta.com.mx\/index.php?rest_route=\/wp\/v2\/posts\/12755\/revisions"}],"predecessor-version":[{"id":12756,"href":"http:\/\/revistalaneta.com.mx\/index.php?rest_route=\/wp\/v2\/posts\/12755\/revisions\/12756"}],"wp:featuredmedia":[{"embeddable":true,"href":"http:\/\/revistalaneta.com.mx\/index.php?rest_route=\/wp\/v2\/media\/12754"}],"wp:attachment":[{"href":"http:\/\/revistalaneta.com.mx\/index.php?rest_route=%2Fwp%2Fv2%2Fmedia&parent=12755"}],"wp:term":[{"taxonomy":"category","embeddable":true,"href":"http:\/\/revistalaneta.com.mx\/index.php?rest_route=%2Fwp%2Fv2%2Fcategories&post=12755"},{"taxonomy":"post_tag","embeddable":true,"href":"http:\/\/revistalaneta.com.mx\/index.php?rest_route=%2Fwp%2Fv2%2Ftags&post=12755"}],"curies":[{"name":"wp","href":"https:\/\/api.w.org\/{rel}","templated":true}]}}