{"id":12758,"date":"2024-06-06T12:50:36","date_gmt":"2024-06-06T12:50:36","guid":{"rendered":"http:\/\/revistalaneta.com.mx\/?p=12758"},"modified":"2024-06-06T12:50:36","modified_gmt":"2024-06-06T12:50:36","slug":"se-unen-las-y-los-tamaulipecos-a-jornada-estatal-de-limpieza","status":"publish","type":"post","link":"http:\/\/revistalaneta.com.mx\/?p=12758","title":{"rendered":"Se unen las y los tamaulipecos a jornada estatal de limpieza"},"content":{"rendered":"\n<p><\/p>\n\n\n\n<ul class=\"wp-block-list\">\n<li>* En el marco de la conmemoraci\u00f3n del D\u00eda Mundial del Medio Ambiente, la SEDUMA encabez\u00f3 las brigadas que realizaron labores de limpieza en diversos municipios de Tamaulipas<\/li>\n<\/ul>\n\n\n\n<p>Ciudad Victoria, Tamps.- En conmemoraci\u00f3n del D\u00eda Mundial del Medio Ambiente, se llev\u00f3 a cabo con \u00e9xito la Segunda Jornada de Limpieza Estatal organizada por el Gobierno de Tamaulipas, destacando la participaci\u00f3n de cientos de ciudadanos que se sumaron a las acciones de concientizaci\u00f3n en busca de mitigar los efectos del cambio clim\u00e1tico.<\/p>\n\n\n\n<p>En el arranque, que se llev\u00f3 a cabo a un costado del Parque Siglo XXI, la titular de la Secretar\u00eda de Desarrollo Urbano y Medio Ambiente, Karina Lizeth Sald\u00edvar Lartigue, resalt\u00f3 la importancia de sumar esfuerzos para crear conciencia sobre el cuidado del medio ambiente a trav\u00e9s de peque\u00f1as acciones que generen grandes transformaciones.<\/p>\n\n\n\n<p>&#8220;Estas acciones son fundamentales para mantener limpias nuestras \u00e1reas verdes, impulsar la educaci\u00f3n ambiental y generar una conciencia social que nos permita cuidar el planeta. Es nuestro deber heredar un futuro m\u00e1s limpio, verde y saludable para las nuevas generaciones&#8221;, afirm\u00f3 Sald\u00edvar Lartigue, quien estuvo acompa\u00f1ada por el secretario de Obras P\u00fablicas, Pedro Cepeda Anaya.<\/p>\n\n\n\n<p>Durante la jornada, los participantes aportaron su esfuerzo y dedicaci\u00f3n para limpiar y conservar las \u00e1reas verdes, demostrando un compromiso activo con el medio ambiente. Esta actividad no solo busca la limpieza de espacios, sino tambi\u00e9n la sensibilizaci\u00f3n y educaci\u00f3n de la ciudadan\u00eda en temas ambientales, promoviendo as\u00ed una cultura de respeto y cuidado por nuestro entorno natural.<\/p>\n\n\n\n<p>Sald\u00edvar Lartigue mencion\u00f3 que con estas acciones se refuerza el compromiso del gobernador Am\u00e9rico Villarreal Anaya, con el medio ambiente y la sostenibilidad, por lo que invit\u00f3 a la poblaci\u00f3n a unirse a futuras jornadas y proyectos que busquen proteger y preservar el planeta.<\/p>\n","protected":false},"excerpt":{"rendered":"<p>Ciudad Victoria, Tamps.- En conmemoraci\u00f3n del D\u00eda Mundial del Medio Ambiente, se llev\u00f3 a cabo con \u00e9xito la Segunda Jornada de Limpieza Estatal organizada por el Gobierno de Tamaulipas, destacando &hellip; <a href=\"http:\/\/revistalaneta.com.mx\/?p=12758\" class=\"more-link\">Leer m\u00e1s<\/a><\/p>\n","protected":false},"author":1,"featured_media":12757,"comment_status":"open","ping_status":"open","sticky":false,"template":"","format":"standard","meta":{"footnotes":""},"categories":[7],"tags":[],"class_list":["post-12758","post","type-post","status-publish","format-standard","has-post-thumbnail","hentry","category-ciudad-victoria","entry"],"_links":{"self":[{"href":"http:\/\/revistalaneta.com.mx\/index.php?rest_route=\/wp\/v2\/posts\/12758","targetHints":{"allow":["GET"]}}],"collection":[{"href":"http:\/\/revistalaneta.com.mx\/index.php?rest_route=\/wp\/v2\/posts"}],"about":[{"href":"http:\/\/revistalaneta.com.mx\/index.php?rest_route=\/wp\/v2\/types\/post"}],"author":[{"embeddable":true,"href":"http:\/\/revistalaneta.com.mx\/index.php?rest_route=\/wp\/v2\/users\/1"}],"replies":[{"embeddable":true,"href":"http:\/\/revistalaneta.com.mx\/index.php?rest_route=%2Fwp%2Fv2%2Fcomments&post=12758"}],"version-history":[{"count":1,"href":"http:\/\/revistalaneta.com.mx\/index.php?rest_route=\/wp\/v2\/posts\/12758\/revisions"}],"predecessor-version":[{"id":12759,"href":"http:\/\/revistalaneta.com.mx\/index.php?rest_route=\/wp\/v2\/posts\/12758\/revisions\/12759"}],"wp:featuredmedia":[{"embeddable":true,"href":"http:\/\/revistalaneta.com.mx\/index.php?rest_route=\/wp\/v2\/media\/12757"}],"wp:attachment":[{"href":"http:\/\/revistalaneta.com.mx\/index.php?rest_route=%2Fwp%2Fv2%2Fmedia&parent=12758"}],"wp:term":[{"taxonomy":"category","embeddable":true,"href":"http:\/\/revistalaneta.com.mx\/index.php?rest_route=%2Fwp%2Fv2%2Fcategories&post=12758"},{"taxonomy":"post_tag","embeddable":true,"href":"http:\/\/revistalaneta.com.mx\/index.php?rest_route=%2Fwp%2Fv2%2Ftags&post=12758"}],"curies":[{"name":"wp","href":"https:\/\/api.w.org\/{rel}","templated":true}]}}