{"id":12770,"date":"2024-06-07T05:47:28","date_gmt":"2024-06-07T05:47:28","guid":{"rendered":"http:\/\/revistalaneta.com.mx\/?p=12770"},"modified":"2024-06-07T05:47:28","modified_gmt":"2024-06-07T05:47:28","slug":"convoca-gobierno-municipal-a-emprendedores-para-participar-en-bazar-une","status":"publish","type":"post","link":"http:\/\/revistalaneta.com.mx\/?p=12770","title":{"rendered":"Convoca Gobierno Municipal a emprendedores para participar en Bazar UNE"},"content":{"rendered":"\n<p><\/p>\n\n\n\n<p>Nuevo Laredo, Tamps.- El pr\u00f3ximo s\u00e1bado 22 de junio, el Gobierno Municipal a trav\u00e9s de la Secretar\u00eda de Bienestar Social, llevar\u00e1 a cabo la edici\u00f3n 34 del bazar UNE en la Plaza Zaragoza.<\/p>\n\n\n\n<p>Por tal motivo, el Municipio invita a la ciudadan\u00eda de esta actividad familiar, as\u00ed como a los emprendedores a registrarse para que oferten sus productos y servicios.<\/p>\n\n\n\n<p>En cuanto a los negocios locales, su registro se llevar\u00e1 a cabo en las instalaciones de la Secretar\u00eda ubicadas dentro del edificio Anexo a Presidencia con un horario de lunes a viernes desde las 8:00 AM a 3:30 PM.<\/p>\n\n\n\n<p>La convocatoria para 150 expositores estar\u00e1 abierta del 5 al 7 de junio y como requisito, se pide que el ciudadano sea mayor de edad, presentar copia de credencial de elector y comprobante de domicilio, tambi\u00e9n firmar una carta compromiso y que el negocio tenga una red social activa.<\/p>\n\n\n\n<p>Durante el evento que iniciar\u00e1 a las 7:00 PM y terminar\u00e1 a las 11:00 PM, la ciudadan\u00eda podr\u00e1 disfrutar de la venta de alimentos, manualidades, ropa, joyer\u00eda, calzado, entre otros.<\/p>\n","protected":false},"excerpt":{"rendered":"<p>Nuevo Laredo, Tamps.- El pr\u00f3ximo s\u00e1bado 22 de junio, el Gobierno Municipal a trav\u00e9s de la Secretar\u00eda de Bienestar Social, llevar\u00e1 a cabo la edici\u00f3n 34 del bazar UNE en &hellip; <a href=\"http:\/\/revistalaneta.com.mx\/?p=12770\" class=\"more-link\">Leer m\u00e1s<\/a><\/p>\n","protected":false},"author":1,"featured_media":12769,"comment_status":"open","ping_status":"open","sticky":false,"template":"","format":"standard","meta":{"footnotes":""},"categories":[4],"tags":[],"class_list":["post-12770","post","type-post","status-publish","format-standard","has-post-thumbnail","hentry","category-nuevo-laredo","entry"],"_links":{"self":[{"href":"http:\/\/revistalaneta.com.mx\/index.php?rest_route=\/wp\/v2\/posts\/12770","targetHints":{"allow":["GET"]}}],"collection":[{"href":"http:\/\/revistalaneta.com.mx\/index.php?rest_route=\/wp\/v2\/posts"}],"about":[{"href":"http:\/\/revistalaneta.com.mx\/index.php?rest_route=\/wp\/v2\/types\/post"}],"author":[{"embeddable":true,"href":"http:\/\/revistalaneta.com.mx\/index.php?rest_route=\/wp\/v2\/users\/1"}],"replies":[{"embeddable":true,"href":"http:\/\/revistalaneta.com.mx\/index.php?rest_route=%2Fwp%2Fv2%2Fcomments&post=12770"}],"version-history":[{"count":1,"href":"http:\/\/revistalaneta.com.mx\/index.php?rest_route=\/wp\/v2\/posts\/12770\/revisions"}],"predecessor-version":[{"id":12771,"href":"http:\/\/revistalaneta.com.mx\/index.php?rest_route=\/wp\/v2\/posts\/12770\/revisions\/12771"}],"wp:featuredmedia":[{"embeddable":true,"href":"http:\/\/revistalaneta.com.mx\/index.php?rest_route=\/wp\/v2\/media\/12769"}],"wp:attachment":[{"href":"http:\/\/revistalaneta.com.mx\/index.php?rest_route=%2Fwp%2Fv2%2Fmedia&parent=12770"}],"wp:term":[{"taxonomy":"category","embeddable":true,"href":"http:\/\/revistalaneta.com.mx\/index.php?rest_route=%2Fwp%2Fv2%2Fcategories&post=12770"},{"taxonomy":"post_tag","embeddable":true,"href":"http:\/\/revistalaneta.com.mx\/index.php?rest_route=%2Fwp%2Fv2%2Ftags&post=12770"}],"curies":[{"name":"wp","href":"https:\/\/api.w.org\/{rel}","templated":true}]}}