{"id":12776,"date":"2024-06-07T05:49:46","date_gmt":"2024-06-07T05:49:46","guid":{"rendered":"http:\/\/revistalaneta.com.mx\/?p=12776"},"modified":"2024-06-07T05:49:46","modified_gmt":"2024-06-07T05:49:46","slug":"se-integra-tamaulipas-al-sistema-imss-bienestar","status":"publish","type":"post","link":"http:\/\/revistalaneta.com.mx\/?p=12776","title":{"rendered":"Se integra Tamaulipas al sistema IMSS BIENESTAR."},"content":{"rendered":"\n<p><\/p>\n\n\n\n<p>Ciudad Victoria, Tamps- Esta ma\u00f1ana Tamaulipas se enorgullece de ser uno de los 23 Estados de la Rep\u00fablica en sumarse al Programa la &#8220;Cl\u00ednica es Nuestra&#8221;, as\u00ed lo di\u00f3 a conocer el mandatario Federal Prof. Luis Lauro Reyes Rodr\u00edguez.<\/p>\n\n\n\n<p>La Cl\u00ednica es Nuestra del IMSS &#8211; Bienestar, garantiza la atenci\u00f3n m\u00e9dica p\u00fablica, gratuita y preventiva a la poblaci\u00f3n sin seguridad social.<\/p>\n\n\n\n<p>Este programa tiene como objetivo mejorar las condiciones de infraestructura y equipamiento de las cl\u00ednicas del Estado, as\u00ed como promover la creaci\u00f3n de comit\u00e9s integrados por miembros de la comunidad, para fortalecer la participaci\u00f3n ciudadana en la gesti\u00f3n de la salud.<\/p>\n\n\n\n<p>Los beneficios de este modelo de salud digno que a partir de este a\u00f1o 2024 operar\u00e1 de manera satisfactoria para las y los tamaulipecos son:<\/p>\n\n\n\n<ul class=\"wp-block-list\">\n<li>El fortalecimiento de medicina preventiva<\/li>\n\n\n\n<li>Promoci\u00f3n de educaci\u00f3n para la salud<\/li>\n\n\n\n<li>Y diagn\u00f3stico y tratamiento oportuno de enfermedades.<\/li>\n<\/ul>\n\n\n\n<p>Cabe destacar que la cl\u00ednica es nuestra operar\u00e1 en Tamaulipas, con 389 unidades de salud, esto equivalen a un 94.88 por ciento de cl\u00ednicas programadas para el Estado.<\/p>\n\n\n\n<p>Rodr\u00edguez detall\u00f3 que el Programa denominado &#8220;La Cl\u00ednica es Nuestra&#8221; contara con una dispersi\u00f3n econ\u00f3mica en zonas rurales que cuenten con 1 consultorio, con un aproximado de 400 mil pesos, las cl\u00ednicas con 2 consultorios recibir\u00e1n 600 mil pesos, los centros de salud que tengan entre 3 y 5 consultorios tendr\u00e1n un apoyo de 800 mil pesos y si se tiene 6 consultorios o m\u00e1s, la cifra podra llegar al mill\u00f3n de pesos.<\/p>\n\n\n\n<p>En tanto que las unidades de salud de primer nivel con servicios ampliados en zonas urbanas, el subsidio llegar\u00e1 al mill\u00f3n 200 mil pesos.<\/p>\n\n\n\n<p>Esto equivaldr\u00eda a una derrama econ\u00f3mica en el estado de 178 millones 666 mil 831 pesos, de las tarjetas de la Cl\u00ednica es Nuestra del IMSS BIENESTAR.<\/p>\n\n\n\n<p>Asimismo, Podr\u00e1n sumarse m\u00e9dicos especialistas al programa, quienes podr\u00e1n acceder a una base, sueldos y prestaciones.<\/p>\n\n\n\n<p>Los municipios beneficiados son: Ciudad Madero, El Mante, Matamoros, Nuevo Laredo, Reynosa, R\u00edo Bravo, Soto la Marina y V\u00edctoria, cubriendo as\u00ed las 8 regiones de Tamaulipas.<\/p>\n\n\n\n<p>Este sistema medico representa un paso importante para fortalecer el sistema de salud en M\u00e9xico y garantizar los servicios m\u00e9dicos de calidad a toda la poblaci\u00f3n sin distinci\u00f3n social, a trav\u00e9s de la colaboraci\u00f3n entre el Gobierno de M\u00e9xico y el Gobierno del Estado , que encabeza el Dr. Am\u00e9rico Villarreal Anaya; las comunidades, y los Profesionales de la Salud, que buscan garantizar el acceso a servicios m\u00e9dicos de calidad para todos los habirantes.<\/p>\n\n\n\n<p>Al evento asisti\u00f3 el Gobernador de Tamaulipas, Dr. Am\u00e9rico Villarreal Anaya, La Presidenta del Comit\u00e9 de Salud; Marcela Elizabeth S\u00e1nchez Montesivaid, El Secretar\u00edo de Salud; Dr Vicente Joel Hern\u00e1ndez Navarro, El Coordinador Estatal del IMSS BIENESTAR; Marggid Rodr\u00edguez Avenda\u00f1o, El Director de la Unidad de Salud; Sime\u00f3n Gamboa D\u00edaz y la Tesorera del Comit\u00e9 de Salud de la Col. Enrique C\u00e1rdenas; Josefina Silva Quintero.<\/p>\n","protected":false},"excerpt":{"rendered":"<p>Ciudad Victoria, Tamps- Esta ma\u00f1ana Tamaulipas se enorgullece de ser uno de los 23 Estados de la Rep\u00fablica en sumarse al Programa la &#8220;Cl\u00ednica es Nuestra&#8221;, as\u00ed lo di\u00f3 a &hellip; <a href=\"http:\/\/revistalaneta.com.mx\/?p=12776\" class=\"more-link\">Leer m\u00e1s<\/a><\/p>\n","protected":false},"author":1,"featured_media":12775,"comment_status":"open","ping_status":"open","sticky":false,"template":"","format":"standard","meta":{"footnotes":""},"categories":[7],"tags":[],"class_list":["post-12776","post","type-post","status-publish","format-standard","has-post-thumbnail","hentry","category-ciudad-victoria","entry"],"_links":{"self":[{"href":"http:\/\/revistalaneta.com.mx\/index.php?rest_route=\/wp\/v2\/posts\/12776","targetHints":{"allow":["GET"]}}],"collection":[{"href":"http:\/\/revistalaneta.com.mx\/index.php?rest_route=\/wp\/v2\/posts"}],"about":[{"href":"http:\/\/revistalaneta.com.mx\/index.php?rest_route=\/wp\/v2\/types\/post"}],"author":[{"embeddable":true,"href":"http:\/\/revistalaneta.com.mx\/index.php?rest_route=\/wp\/v2\/users\/1"}],"replies":[{"embeddable":true,"href":"http:\/\/revistalaneta.com.mx\/index.php?rest_route=%2Fwp%2Fv2%2Fcomments&post=12776"}],"version-history":[{"count":1,"href":"http:\/\/revistalaneta.com.mx\/index.php?rest_route=\/wp\/v2\/posts\/12776\/revisions"}],"predecessor-version":[{"id":12777,"href":"http:\/\/revistalaneta.com.mx\/index.php?rest_route=\/wp\/v2\/posts\/12776\/revisions\/12777"}],"wp:featuredmedia":[{"embeddable":true,"href":"http:\/\/revistalaneta.com.mx\/index.php?rest_route=\/wp\/v2\/media\/12775"}],"wp:attachment":[{"href":"http:\/\/revistalaneta.com.mx\/index.php?rest_route=%2Fwp%2Fv2%2Fmedia&parent=12776"}],"wp:term":[{"taxonomy":"category","embeddable":true,"href":"http:\/\/revistalaneta.com.mx\/index.php?rest_route=%2Fwp%2Fv2%2Fcategories&post=12776"},{"taxonomy":"post_tag","embeddable":true,"href":"http:\/\/revistalaneta.com.mx\/index.php?rest_route=%2Fwp%2Fv2%2Ftags&post=12776"}],"curies":[{"name":"wp","href":"https:\/\/api.w.org\/{rel}","templated":true}]}}