{"id":12779,"date":"2024-06-07T05:50:43","date_gmt":"2024-06-07T05:50:43","guid":{"rendered":"http:\/\/revistalaneta.com.mx\/?p=12779"},"modified":"2024-06-07T05:50:43","modified_gmt":"2024-06-07T05:50:43","slug":"participa-personal-educativo-en-congreso-de-educacion-inclusiva","status":"publish","type":"post","link":"http:\/\/revistalaneta.com.mx\/?p=12779","title":{"rendered":"Participa personal educativo en Congreso de Educaci\u00f3n Inclusiva"},"content":{"rendered":"\n<p><\/p>\n\n\n\n<ul class=\"wp-block-list\">\n<li>Alrededor de 250 figuras educativas aprendieron mediante conferencias, conversatorios y la participaci\u00f3n en siete talleres<\/li>\n<\/ul>\n\n\n\n<p>Tampico, Tamps.- Personal directivo y docente en educaci\u00f3n b\u00e1sica del estado participaron en el \u2018Segundo Congreso Educativo: en el marco de una Educaci\u00f3n Inclusiva en la Educaci\u00f3n B\u00e1sica\u2019, que se realiz\u00f3 este mi\u00e9rcoles en el municipio de Tampico.<\/p>\n\n\n\n<p>Alrededor de 250 figuras educativas formaron parte de este congreso, que tuvo como finalidad promover una educaci\u00f3n inclusiva para favorecer el acceso y la permanencia en el sistema educativo de la entidad a las ni\u00f1as, ni\u00f1os y adolescentes que enfrentan barreras para el aprendizaje y la participaci\u00f3n con o sin discapacidad y\/o aptitudes sobresalientes.<\/p>\n\n\n\n<p>En representaci\u00f3n de Luc\u00eda Aim\u00e9 Castillo Pastor, secretaria de Educaci\u00f3n en Tamaulipas, Marcela Ram\u00edrez Jord\u00e1n, subsecretaria de Educaci\u00f3n, inaugur\u00f3 este Congreso, en donde reconoci\u00f3 y felicit\u00f3 a las y los maestros especialistas para atender a esta fundamental poblaci\u00f3n de estudiantes, que representa una de las grandes prioridades que ha establecido la pol\u00edtica humanista del Gobierno del Estado, que dirige Am\u00e9rico Villarreal Anaya.<\/p>\n\n\n\n<p>\u201cUna sociedad inclusiva es nuestro objetivo, aspiramos a que alg\u00fan d\u00eda, ojal\u00e1 pronto, hablar de educaci\u00f3n signifique por s\u00ed mismo hablar de inclusi\u00f3n. Debemos abrirnos a conocer y compartir propuestas pedag\u00f3gicas que nos permitan adquirir herramientas para enfrentar el reto de transitar de la integraci\u00f3n educativa a la inclusi\u00f3n\u201d, precis\u00f3 Ram\u00edrez Jord\u00e1n.<\/p>\n\n\n\n<p>Los asistentes al congreso tuvieron la oportunidad de presenciar tres conferencias y un conversatorio, adem\u00e1s de participar en los siete talleres que se impartieron como parte de esta actividad, en donde se abordaron temas como el liderazgo, las pr\u00e1cticas inclusivas, habilidades socioemocionales y aptitudes sobresalientes, entre otros.<\/p>\n\n\n\n<p>Los talleres que se impartieron fueron: El liderazgo directivo en la educaci\u00f3n inclusiva; el taller Herramientas para el acceso en la atenci\u00f3n de la diversidad; el taller Estrategias para la construcci\u00f3n de las pr\u00e1cticas inclusivas; y el taller Recursos para la internacionalizaci\u00f3n del aprendizaje en la educaci\u00f3n inclusiva.<\/p>\n\n\n\n<p>Adem\u00e1s, se impartieron los talleres Habilidades socioemocionales en los docentes para el fortalecimiento de pr\u00e1cticas inclusivas, el de Aptitudes sobresalientes y La evaluaci\u00f3n inclusiva.<\/p>\n\n\n\n<p>Cabe destacar que durante el pasado mes de marzo, Mes de la Educaci\u00f3n Especial e Inclusiva, se realizaron actividades relacionadas con estos temas en Tula, Victoria y Tampico, culminando la pr\u00f3xima semana en el municipio de Reynosa.<\/p>\n","protected":false},"excerpt":{"rendered":"<p>Tampico, Tamps.- Personal directivo y docente en educaci\u00f3n b\u00e1sica del estado participaron en el \u2018Segundo Congreso Educativo: en el marco de una Educaci\u00f3n Inclusiva en la Educaci\u00f3n B\u00e1sica\u2019, que se &hellip; <a href=\"http:\/\/revistalaneta.com.mx\/?p=12779\" class=\"more-link\">Leer m\u00e1s<\/a><\/p>\n","protected":false},"author":1,"featured_media":12778,"comment_status":"open","ping_status":"open","sticky":false,"template":"","format":"standard","meta":{"footnotes":""},"categories":[7,8],"tags":[],"class_list":["post-12779","post","type-post","status-publish","format-standard","has-post-thumbnail","hentry","category-ciudad-victoria","category-tamaulipas-sur","entry"],"_links":{"self":[{"href":"http:\/\/revistalaneta.com.mx\/index.php?rest_route=\/wp\/v2\/posts\/12779","targetHints":{"allow":["GET"]}}],"collection":[{"href":"http:\/\/revistalaneta.com.mx\/index.php?rest_route=\/wp\/v2\/posts"}],"about":[{"href":"http:\/\/revistalaneta.com.mx\/index.php?rest_route=\/wp\/v2\/types\/post"}],"author":[{"embeddable":true,"href":"http:\/\/revistalaneta.com.mx\/index.php?rest_route=\/wp\/v2\/users\/1"}],"replies":[{"embeddable":true,"href":"http:\/\/revistalaneta.com.mx\/index.php?rest_route=%2Fwp%2Fv2%2Fcomments&post=12779"}],"version-history":[{"count":1,"href":"http:\/\/revistalaneta.com.mx\/index.php?rest_route=\/wp\/v2\/posts\/12779\/revisions"}],"predecessor-version":[{"id":12780,"href":"http:\/\/revistalaneta.com.mx\/index.php?rest_route=\/wp\/v2\/posts\/12779\/revisions\/12780"}],"wp:featuredmedia":[{"embeddable":true,"href":"http:\/\/revistalaneta.com.mx\/index.php?rest_route=\/wp\/v2\/media\/12778"}],"wp:attachment":[{"href":"http:\/\/revistalaneta.com.mx\/index.php?rest_route=%2Fwp%2Fv2%2Fmedia&parent=12779"}],"wp:term":[{"taxonomy":"category","embeddable":true,"href":"http:\/\/revistalaneta.com.mx\/index.php?rest_route=%2Fwp%2Fv2%2Fcategories&post=12779"},{"taxonomy":"post_tag","embeddable":true,"href":"http:\/\/revistalaneta.com.mx\/index.php?rest_route=%2Fwp%2Fv2%2Ftags&post=12779"}],"curies":[{"name":"wp","href":"https:\/\/api.w.org\/{rel}","templated":true}]}}