{"id":12785,"date":"2024-06-07T05:53:40","date_gmt":"2024-06-07T05:53:40","guid":{"rendered":"http:\/\/revistalaneta.com.mx\/?p=12785"},"modified":"2024-06-07T05:53:40","modified_gmt":"2024-06-07T05:53:40","slug":"tamaulipas-aporto-casi-un-millon-de-votos-a-claudia","status":"publish","type":"post","link":"http:\/\/revistalaneta.com.mx\/?p=12785","title":{"rendered":"TAMAULIPAS APORT\u00d3 CASI UN MILL\u00d3N DE VOTOS A CLAUDIA"},"content":{"rendered":"\n<p><\/p>\n\n\n\n<p>-Se cumpli\u00f3 la meta<\/p>\n\n\n\n<p>-Se rompi\u00f3 la tradici\u00f3n de que oposici\u00f3n ganaba<\/p>\n\n\n\n<p>-Inicio recuento de votos<\/p>\n\n\n\n<p>-D\u00eda mundial del Medio Ambiente<\/p>\n\n\n\n<p>Tiempo de opinar<\/p>\n\n\n\n<p>Ra\u00fal Hern\u00e1ndez Moreno<\/p>\n\n\n\n<p>La elecci\u00f3n del domingo 2 de junio deja muchas lecturas que se revisar\u00e1n en los pr\u00f3ximos d\u00edas.<\/p>\n\n\n\n<p>Entre estas lecturas, hay que se\u00f1alar que en Tamaulipas se rompi\u00f3 la tradici\u00f3n de que desde el 2000, el partido opositor siempre obten\u00eda m\u00e1s votos que el partido en el gobierno.<\/p>\n\n\n\n<p>A Am\u00e9rico Villarreal le corresponde el m\u00e9rito de acabar con esa mancha que&nbsp; &nbsp;tuvieron los gobiernos del PRI y el PAN, en las cuatro \u00faltimas elecciones presidenciales. Adem\u00e1s, es casi un hecho que se cumpla la meta del bloque oficialista de darle un mill\u00f3n de votos a Claudia Sheinbaum.<\/p>\n\n\n\n<p>Hasta ahora, en los datos del PREP, la alianza Morena-PT-Verde, suman 905 mil 685 votos, contra 387 mil 878 de X\u00f3chitl G\u00e1lvez.&nbsp; Con las casillas que faltan por sumar, es probable que se supere el mill\u00f3n de votos.<\/p>\n\n\n\n<p>Am\u00e9rico le cumpli\u00f3 a X\u00f3chitl y ya hay quien lo ve como Secretario de Salud en el gabinete de Claudia, aunque creemos que Am\u00e9rico est\u00e1 comprometido a seguir al frente del gobierno de Tamaulipas. Hay muchos pendientes y con el apoyo de Sheinbaum se podr\u00e1 resolverlos.<\/p>\n\n\n\n<p>Por cierto, que la neolaredense Imelda Sanmiguel obtuvo m\u00e1s votos que X\u00f3chitl aqu\u00ed en Tamaulipas, pues al cerrar el PREP suma 412 mil 682. Doblete\u00f3 a Eugenio Hern\u00e1ndez, que qued\u00f3 con 167 mil 347. Eugenio no alcanz\u00f3 la senadur\u00eda de minor\u00eda, pero en cambio s\u00ed entra Maki Ortiz, pues iba en la lista nacional del Verde, en el segundo lugar, como suplente, pero la propietaria, Ruth Gonz\u00e1lez Silva, gan\u00f3 la elecci\u00f3n por mayor\u00eda, en San Luis Potos\u00ed, con lo cual entra Maki. Vivilla dese chiquilla.<\/p>\n\n\n\n<p>Al que le fue muy mal, a nivel estatal y nacional, es al Partido de la Revoluci\u00f3n Democr\u00e1tica. A nivel nacional obtuvo el 1.92 por ciento de la votaci\u00f3n y a nivel estatal el 1.26. con lo que no le alcanza para conservar el registro. Los perredistas tendr\u00e1n que sumarse al PAN o el PRI. Con esta baja votaci\u00f3n, Jes\u00fas Zambrano ya no ser\u00e1 senador plurinominal.<\/p>\n\n\n\n<p>Zambrano iba en el lugar n\u00famero uno de la lista nacional. Junto con Jes\u00fas Ortega, ambos han sido vividores de la pol\u00edtica, pues varias veces han sido senadores y diputados federales, siempre de manera plurinominal, pues nunca se la jugaron de mayor\u00eda.<\/p>\n\n\n\n<p>M\u00e9xico terminar\u00e1 con seis partidos con registro oficial.<\/p>\n\n\n\n<p>Otro dato interesante es que en Tamaulipas el Movimiento Ciudadano desplaz\u00f3 al PRI y se coloc\u00f3 como la tercera fuerza electoral, con 108 mil 763 votos en la elecci\u00f3n de diputados, que es la que utiliza el IETAM para determinar las prerrogativas de los partidos.<\/p>\n\n\n\n<p>El primer lugar lo obtuvo Morena con 687 mil votos; le sigue el PAN con 358 mil 871; el MC en tercer lugar con los citados 108 mil 763; y despu\u00e9s el Verde con 78 mil 262; el PRI con 71 mil 061.<\/p>\n\n\n\n<p>El PRI rebas\u00f3 el 5 por ciento, por lo que conserva su registro y su lideresa estatal, Paloma Guill\u00e9n, ya sali\u00f3 a presumir que se rebas\u00f3 la meta propuesta y adelant\u00f3 que para la pr\u00f3xima elecci\u00f3n el PRI ir\u00e1 solo.<\/p>\n\n\n\n<p>La situaci\u00f3n del PRI es cr\u00edtica. Hoy no es el partidazo de anta\u00f1o y despu\u00e9s de 95 a\u00f1os de existencia ya debe pensar en cambiar de nombre, como lo hizo en 1938 y 1946. Igual le pasa al PAN; con sus 85 a\u00f1os ya dio el viejazo. Quiz\u00e1 a ambos partidos les convenga pensar en fusionarse, junto con el PRD, e iniciar una nueva aventura juntos, con nuevas siglas y colores, pero sobre todo con nuevas ideas.<\/p>\n\n\n\n<p>Por otra parte, esta ma\u00f1ana inicio el recuento voto por voto, en cada una de las 567 casillas que se instalaron en Nuevo Laredo. Este nuevo recuento debe servir para limpiar la elecci\u00f3n y darle certeza.<\/p>\n\n\n\n<p>En este momento Carmen Lilia y Yahleel se proclaman ganadoras, pero el recuento solo favorecer\u00e1 a una de ellas. El viernes por la tarde, o el s\u00e1bado, a \u00b4m\u00e1s tardar, lo sabremos.<\/p>\n\n\n\n<p>En otro tema, el gobierno municipal festej\u00f3 el D\u00eda Mundial del Medio Ambiente, con una serie de conferencias y concursos para motivar el cuidado del ambiente.<\/p>\n\n\n\n<p>Adicionalmente, el gobierno promueve una serie de medidas para el cuidado del ambiente que van desde la plantaci\u00f3n de m\u00e1s de 2 mil 500 \u00b4\u00e1rboles, instalaci\u00f3n de contenedores para la basura, la rehabilitaci\u00f3n de la red de drenaje y de la planta tratadora de aguas residuales, la limpieza de arroyos y cauces naturales, el rescate de El Laguito, entre otras.<\/p>\n\n\n\n<p>El d\u00eda Mundial del Medio Ambiente se instituy\u00f3 por la ONU en 1972, mencion\u00f3 Carlos de Anda, titular de la Secretar\u00eda de Obras P\u00fablicas. En esta tarea de cuidar el medio, nuestra naturaleza, nuestro mundo, todos estamos inmiscuidos, cada uno desde sus responsabilidades&nbsp; y capacidades. Hasta reutilizar el agua que producen los aparatos mini-split, ayuda.<\/p>\n","protected":false},"excerpt":{"rendered":"<p>-Se cumpli\u00f3 la meta -Se rompi\u00f3 la tradici\u00f3n de que oposici\u00f3n ganaba -Inicio recuento de votos -D\u00eda mundial del Medio Ambiente Tiempo de opinar Ra\u00fal Hern\u00e1ndez Moreno La elecci\u00f3n del &hellip; <a href=\"http:\/\/revistalaneta.com.mx\/?p=12785\" class=\"more-link\">Leer m\u00e1s<\/a><\/p>\n","protected":false},"author":1,"featured_media":12784,"comment_status":"open","ping_status":"open","sticky":false,"template":"","format":"standard","meta":{"footnotes":""},"categories":[2],"tags":[],"class_list":["post-12785","post","type-post","status-publish","format-standard","has-post-thumbnail","hentry","category-chismorreo","entry"],"_links":{"self":[{"href":"http:\/\/revistalaneta.com.mx\/index.php?rest_route=\/wp\/v2\/posts\/12785","targetHints":{"allow":["GET"]}}],"collection":[{"href":"http:\/\/revistalaneta.com.mx\/index.php?rest_route=\/wp\/v2\/posts"}],"about":[{"href":"http:\/\/revistalaneta.com.mx\/index.php?rest_route=\/wp\/v2\/types\/post"}],"author":[{"embeddable":true,"href":"http:\/\/revistalaneta.com.mx\/index.php?rest_route=\/wp\/v2\/users\/1"}],"replies":[{"embeddable":true,"href":"http:\/\/revistalaneta.com.mx\/index.php?rest_route=%2Fwp%2Fv2%2Fcomments&post=12785"}],"version-history":[{"count":1,"href":"http:\/\/revistalaneta.com.mx\/index.php?rest_route=\/wp\/v2\/posts\/12785\/revisions"}],"predecessor-version":[{"id":12786,"href":"http:\/\/revistalaneta.com.mx\/index.php?rest_route=\/wp\/v2\/posts\/12785\/revisions\/12786"}],"wp:featuredmedia":[{"embeddable":true,"href":"http:\/\/revistalaneta.com.mx\/index.php?rest_route=\/wp\/v2\/media\/12784"}],"wp:attachment":[{"href":"http:\/\/revistalaneta.com.mx\/index.php?rest_route=%2Fwp%2Fv2%2Fmedia&parent=12785"}],"wp:term":[{"taxonomy":"category","embeddable":true,"href":"http:\/\/revistalaneta.com.mx\/index.php?rest_route=%2Fwp%2Fv2%2Fcategories&post=12785"},{"taxonomy":"post_tag","embeddable":true,"href":"http:\/\/revistalaneta.com.mx\/index.php?rest_route=%2Fwp%2Fv2%2Ftags&post=12785"}],"curies":[{"name":"wp","href":"https:\/\/api.w.org\/{rel}","templated":true}]}}