{"id":12788,"date":"2024-06-07T05:55:05","date_gmt":"2024-06-07T05:55:05","guid":{"rendered":"http:\/\/revistalaneta.com.mx\/?p=12788"},"modified":"2024-06-07T05:55:05","modified_gmt":"2024-06-07T05:55:05","slug":"avanza-obra-de-nueva-carretera-estatal","status":"publish","type":"post","link":"http:\/\/revistalaneta.com.mx\/?p=12788","title":{"rendered":"AVANZA OBRA DE NUEVA CARRETERA ESTATAL"},"content":{"rendered":"\n<p><br>Un avance del 50 por ciento presenta el proyecto de construcci\u00f3n de la nueva carretera estatal Mante-Ocampo-Tula, esto seg\u00fan el reporte del secretario de Obras P\u00fablicas de Tamaulipas (SOP), Pedro Cepeda Anaya. Dicha obra se erige con una inversi\u00f3n de 7 mil millones de pesos y se espera que est\u00e9 terminada a fines del a\u00f1o en curso, para empezar a ponerse en funcionamiento a inicios del 2025. Cabe indicar que con este moderno tramo carretero se ahorrar\u00e1n tiempos de traslado y dinero a los transportistas que vienen desde estados del centro y el baj\u00edo de la Rep\u00fablica Mexicana hasta el sur de Tamaulipas, aunque cabe apuntar que ser\u00e1 de cuota, y a\u00fan no se define cuanto se cobrar\u00e1 por el uso de la misma, pero se espera que no sea muy costosa.<\/p>\n\n\n\n<p>CONMEMORAN EL D\u00cdA MUNDIAL DEL MEDIO AMBIENTE<br \/>En el marco del D\u00eda Mundial del Medio Ambiente se llevaron a cabo diversas acciones conmemorativas a tal d\u00eda tanto por parte de las autoridades estatales, como de los diferentes municipios. A nivel estado trabajadores de diversas dependencias llevaron a cabo limpiezas en diferentes \u00e1reas de la capital tamaulipeca, en tanto que en los respectivos municipios tambi\u00e9n se realizaron acciones de recolecci\u00f3n de basura. Nuevo Laredo no fue la excepci\u00f3n y de hecho se llevaron a cabo tambi\u00e9n una serie de concursos y conferencias de concientizaci\u00f3n de la importancia de nuestro entorno, as\u00ed como exposici\u00f3n de las buenas pr\u00e1cticas por parte de las empresas en pro del medio ambiente dirigidas a alumnos de diversas primarias con la finalidad de crear conciencia sobre el cuidado del agua dado que es un l\u00edquido vital, y que si llega a faltar habr\u00e1 p\u00e9rdida de cultivos, aparici\u00f3n de nuevas enfermedades, hambruna y graves da\u00f1os al medio ambiente.<\/p>\n\n\n\n<p>PIDEN HACER CONCIENCIA ANTE EL CAMBIO CLIM\u00c1TICO<br \/>Un llamado para reflexionar y tomar conciencia de la importancia del cuidado del medio ambiente a fin de evitar circunstancias catastr\u00f3ficas debido al riesgo que implican en la viabilidad del desarrollo sostenible del estado hizo el gobernador Am\u00e9rico Villarreal Anaya, esto al encabezar la primera sesi\u00f3n ordinaria de la Comisi\u00f3n Intersecretarial del Cambio Clim\u00e1tico en Tamaulipas, celebrada este mi\u00e9rcoles en el Sal\u00f3n Independencia de Palacio de Gobierno, en el marco del D\u00eda Mundial del Medio Ambiente. Al respecto el mandatario estatal dijo que hay que hacer conciencia de las condiciones del cambio clim\u00e1tico que suceden a nivel global, a nivel de nuestro pa\u00eds, y que ya lo estamos resintiendo en nuestra entidad. \u201cO\u00edamos del cambio clim\u00e1tico, lo ve\u00edamos a lo mejor en las noticias, lo ve\u00edamos lejos, lo o\u00edamos lejos, pero ahora nos toca estarlo viviendo, estarlo sintiendo como una realidad, y creo que estamos en un momento coyuntural de poder hacer ya condiciones de prevenci\u00f3n secundaria\u201d, dijo el gobernador. Y s\u00ed, tiene raz\u00f3n.<\/p>\n\n\n\n<p>DAN A CONOCER ACCIONES PARA CONTRIBUIR<br \/>En esta misma reuni\u00f3n la secretaria de Desarrollo Urbano y Medio Ambiente, Karina Lizeth Sald\u00edvar Lartigue, dio a conocer la Agenda Clim\u00e1tica del Estado, indicando que se est\u00e1 trabajando en la actualizaci\u00f3n del Programa Estatal de Cambio Clim\u00e1tico 2015-2030, publicado en 2016, y anunci\u00f3 que para el mes de agosto del presente a\u00f1o se publicar\u00e1 la versi\u00f3n actualizada del Inventario de Emisiones de Compuestos y Gases de Efecto Invernadero 2000-2023 y con proyecciones al a\u00f1o 2050, y a finales de este a\u00f1o, se espera publicar la Estrategia Estatal de Cambio Clim\u00e1tico con visi\u00f3n al 2050. A la vez dijo que en la administraci\u00f3n estatal que encabeza Am\u00e9rico Villarreal Anaya se han impulsado acciones como las energ\u00edas renovables, la eficiencia energ\u00e9tica, la reforestaci\u00f3n y conservaci\u00f3n de ecosistemas y la educaci\u00f3n ambiental, para contribuir en el tema. Igualmente explic\u00f3 que el 18 por ciento de las l\u00edneas de acci\u00f3n del Plan Estatal de Desarrollo est\u00e1n vinculadas con el cambio clim\u00e1tico, lo que se traduce en 165 de las 905 l\u00edneas de acci\u00f3n.<\/p>\n\n\n\n<p>APLICAN EVALUACI\u00d3N \u201cTAMAULIPAS APRENDE\u201d<br \/>Desde esta semana se empez\u00f3 a aplicar a un total de 174 mil 276 alumnos de 5 mil 347 escuelas de la entidad, la evaluaci\u00f3n \u201cTamaulipas Aprende\u201d, en su segunda edici\u00f3n, y la cual tiene como finalidad medir el nivel de desarrollo de aprendizajes fundamentales en Lenguaje y Comunicaci\u00f3n, Matem\u00e1ticas y Ciencias, de tercer y sexto grado de primaria, y tercero de secundaria, correspondientes al cierre de bloques curriculares y de los ciclos educativos de la educaci\u00f3n b\u00e1sica. La aplicaci\u00f3n de la evaluaci\u00f3n se lleva a cabo del 4 al 7 de junio del presente a\u00f1o para 59 mil 834 estudiantes de tercer grado de 2 mil 307 escuelas, y para 60 mil 697 estudiantes de sexto grado de primaria, en 2 mil 314 instituciones educativas, as\u00ed como tambi\u00e9n a 53 mil 745 estudiantes de 816 secundarias.<\/p>\n\n\n\n<p>SIGUEN SECTORES SIN LUZ<br \/>Criminal resulta el hecho de que a m\u00e1s de una semana de haberse registrado la intensa tormenta que dej\u00f3 sin luz a muchas colonias de Nuevo Laredo, aun haya sectores que todav\u00eda no cuentan con el suministro el\u00e9ctrico, y prueba de ello son algunas \u00e1reas de los Kil\u00f3metros, cuyos habitantes est\u00e1n desesperados clamando la intervenci\u00f3n del personal de la Comisi\u00f3n Federal de Electricidad (CFE) para solucionarse su problema. Y digo que es criminal la situaci\u00f3n, considerando el intenso calor que hace en la ciudad, lo cual hace indispensable el uso de aparatos de aires acondicionados o cuando menos abanicos, y ni que decir de los refrigeradores, pue en este caso a mucha gente ya se les ech\u00f3 a perder la comida. Urge que la CFE atienda dichos casos, que si bien es cierto son pocos, afectan a una buena parte de ciudadanos.<\/p>\n\n\n\n<p>APARTE HAY APAGONES CONSTANTES<br \/>Por cierto que siguen los apagones de luz de manera constante en varios sectores de Nuevo Laredo, lo que tambi\u00e9n pone en riesgo la descompostura de refrigeradores, aires acondicionados y dem\u00e1s aparatos de enfriamiento, e incluso de otros como hornos de microondas, televisores y dem\u00e1s. Y en este sentido ninguna autoridad de la CFE da la cara para avisar el porqu\u00e9 de esta situaci\u00f3n, que si bien es cierto se sabe que es consecuencia de que no se ha generado suficiente energ\u00eda en el pa\u00eds, como quiera la gente quiere que haya un parte oficial sobre lo que sucede, pero como siempre los representantes de la CFE ni p\u00edo dicen. Es m\u00e1s, ni contestan el tel\u00e9fono cuando la gente les habla para avisarles que se les fue la luz, as\u00ed de gachos son.<\/p>\n\n\n\n<p>MUERE PRIMER NEOLAREDENSE POR GOLPE DE CALOR<br \/>Y justamente el intenso calor que sigue azotando a la regi\u00f3n ya cobr\u00f3 su primera v\u00edctima en Nuevo Laredo, siendo este un hombre de 58 a\u00f1os que trabajaba en el puente internacional n\u00famero dos y que estaba muy expuesto a los intensos rayos del sol, por lo que falleci\u00f3 por golpe de calor. Se dice que el hombre se desmay\u00f3 y lo llevaron al hospital del Seguro Social, donde ya no pudieron reanimarlo, y lamentablemente muri\u00f3. Y bueno con esto ya suman 15 las personas muertas por golpe de calor en Tamaulipas, por lo que la recomendaci\u00f3n de las autoridades sanitarias es que se protejan de los rayos del sol y se mantenga bien hidratados.<\/p>\n\n\n\n<p>CELEBRA LA UAT REUNI\u00d3N DE SEGURIDAD<br \/>La Universidad Aut\u00f3noma de Tamaulipas (UAT) llev\u00f3 a cabo una conferencia donde se habl\u00f3 sobre las funciones y el desempe\u00f1o de la Secretar\u00eda de la Defensa Nacional (SEDENA), esto en el marco de una Reuni\u00f3n de Seguridad celebrada en la Unidad Acad\u00e9mica Multidisciplinaria Mante. Dicha reuni\u00f3n fue encabezada por el rector de la UAT, MVZ D\u00e1maso Leonardo Anaya Alvarado, quien dio la bienvenida al General de Brigada Diplomado de Estado Mayor, Julio C\u00e9sar Islas S\u00e1nchez, comandante de la 48ava Zona Militar, quien dict\u00f3 una pl\u00e1tica en materia de seguridad y sobre las funciones y responsabilidades del Ej\u00e9rcito Mexicano. Al evento asistieron estudiantes de las dependencias de la UAT de esta localidad, padres de familia, representantes empresariales y organismos de la sociedad civil de Ciudad Mante y la regi\u00f3n.<\/p>\n\n\n\n<p>LO \u00daLTIMO<br \/>Inicio el recuento de votos por la elecci\u00f3n por la alcald\u00eda de Nuevo Laredo, esto en el Consejo Municipal Electoral. Por lo mismo simpatizantes de los dos bloques pol\u00edticos est\u00e1n apostados afuera de las oficinas, en respaldo a sus respectivas candidatas\u2026 Y situaci\u00f3n similar pasa en el Consejo Distrital Electoral 2, donde tambi\u00e9n hay recuento de votos\u2026 Ya est\u00e1 confirmado que ser\u00e1n el grupo Pesado y la banda Los Recoditos los que amenizar\u00e1n el evento del 176 Aniversario de la Fundaci\u00f3n de Nuevo Laredo que el Gobierno Municipal llevar\u00e1 a cabo el pr\u00f3ximo s\u00e1bado 15 de junio a partir de las ocho de la noche en la rotonda del monumento a Benito Ju\u00e1rez\u2026. Un notable avance lleva la obra de construcci\u00f3n de la nueva Preparatoria Municipal que se erige al sur de la ciudad, y que se espera est\u00e9 lista para el inicio del pr\u00f3ximo ciclo escolar\u2026 Las tortiller\u00edas de Nuevo Laredo van a subir un peso el precio del kilo de su producto. Lo har\u00e1n en pr\u00f3ximos d\u00edas\u2026 Una nueva opci\u00f3n para almorzar y tomar caf\u00e9 es la Churrer\u00eda Don Porfirio que se ubica en Reforma casi esquina con Fidel Vel\u00e1squez. Y es que mucha gente piensa que solo venden churros, pero en realidad tienen m\u00e1s variedad de productos, que bien vale la pena ir a probar.<\/p>\n","protected":false},"excerpt":{"rendered":"<p>Un avance del 50 por ciento presenta el proyecto de construcci\u00f3n de la nueva carretera estatal Mante-Ocampo-Tula, esto seg\u00fan el reporte del secretario de Obras P\u00fablicas de Tamaulipas (SOP), Pedro &hellip; <a href=\"http:\/\/revistalaneta.com.mx\/?p=12788\" class=\"more-link\">Leer m\u00e1s<\/a><\/p>\n","protected":false},"author":1,"featured_media":12787,"comment_status":"open","ping_status":"open","sticky":false,"template":"","format":"standard","meta":{"footnotes":""},"categories":[2,3],"tags":[],"class_list":["post-12788","post","type-post","status-publish","format-standard","has-post-thumbnail","hentry","category-chismorreo","category-opinion","entry"],"_links":{"self":[{"href":"http:\/\/revistalaneta.com.mx\/index.php?rest_route=\/wp\/v2\/posts\/12788","targetHints":{"allow":["GET"]}}],"collection":[{"href":"http:\/\/revistalaneta.com.mx\/index.php?rest_route=\/wp\/v2\/posts"}],"about":[{"href":"http:\/\/revistalaneta.com.mx\/index.php?rest_route=\/wp\/v2\/types\/post"}],"author":[{"embeddable":true,"href":"http:\/\/revistalaneta.com.mx\/index.php?rest_route=\/wp\/v2\/users\/1"}],"replies":[{"embeddable":true,"href":"http:\/\/revistalaneta.com.mx\/index.php?rest_route=%2Fwp%2Fv2%2Fcomments&post=12788"}],"version-history":[{"count":1,"href":"http:\/\/revistalaneta.com.mx\/index.php?rest_route=\/wp\/v2\/posts\/12788\/revisions"}],"predecessor-version":[{"id":12789,"href":"http:\/\/revistalaneta.com.mx\/index.php?rest_route=\/wp\/v2\/posts\/12788\/revisions\/12789"}],"wp:featuredmedia":[{"embeddable":true,"href":"http:\/\/revistalaneta.com.mx\/index.php?rest_route=\/wp\/v2\/media\/12787"}],"wp:attachment":[{"href":"http:\/\/revistalaneta.com.mx\/index.php?rest_route=%2Fwp%2Fv2%2Fmedia&parent=12788"}],"wp:term":[{"taxonomy":"category","embeddable":true,"href":"http:\/\/revistalaneta.com.mx\/index.php?rest_route=%2Fwp%2Fv2%2Fcategories&post=12788"},{"taxonomy":"post_tag","embeddable":true,"href":"http:\/\/revistalaneta.com.mx\/index.php?rest_route=%2Fwp%2Fv2%2Ftags&post=12788"}],"curies":[{"name":"wp","href":"https:\/\/api.w.org\/{rel}","templated":true}]}}