{"id":12797,"date":"2024-06-07T11:38:54","date_gmt":"2024-06-07T11:38:54","guid":{"rendered":"http:\/\/revistalaneta.com.mx\/?p=12797"},"modified":"2024-06-07T11:38:54","modified_gmt":"2024-06-07T11:38:54","slug":"invita-gobierno-municipal-a-talleres-para-fortalecer-educacion-integral-de-ninas-y-ninos","status":"publish","type":"post","link":"http:\/\/revistalaneta.com.mx\/?p=12797","title":{"rendered":"Invita Gobierno Municipal a talleres para fortalecer educaci\u00f3n integral de ni\u00f1as y ni\u00f1os"},"content":{"rendered":"\n<p><\/p>\n\n\n\n<p>Nuevo Laredo, Tamps.- El Gobierno municipal, a trav\u00e9s de la Direcci\u00f3n de Educaci\u00f3n y Cultura, invita a los maestros frente a grupos, a los talleres para reforzar la educaci\u00f3n integral de sus alumnos.<\/p>\n\n\n\n<p><\/p>\n\n\n\n<p>Estos talleres se ofrecer\u00e1n en el Centro Cultural , en el sal\u00f3n de servicios educativos, siendo el viernes 7 de junio con el tema \u201cEstrategias de intervenci\u00f3n en el Desarrollo del ni\u00f1o\u201d y el s\u00e1bado 8, \u201cEstrategias de intervenci\u00f3n en casa II: Integraci\u00f3n sensorial\u201d.<\/p>\n","protected":false},"excerpt":{"rendered":"<p>Nuevo Laredo, Tamps.- El Gobierno municipal, a trav\u00e9s de la Direcci\u00f3n de Educaci\u00f3n y Cultura, invita a los maestros frente a grupos, a los talleres para reforzar la educaci\u00f3n integral &hellip; <a href=\"http:\/\/revistalaneta.com.mx\/?p=12797\" class=\"more-link\">Leer m\u00e1s<\/a><\/p>\n","protected":false},"author":1,"featured_media":12796,"comment_status":"open","ping_status":"open","sticky":false,"template":"","format":"standard","meta":{"footnotes":""},"categories":[4],"tags":[],"class_list":["post-12797","post","type-post","status-publish","format-standard","has-post-thumbnail","hentry","category-nuevo-laredo","entry"],"_links":{"self":[{"href":"http:\/\/revistalaneta.com.mx\/index.php?rest_route=\/wp\/v2\/posts\/12797","targetHints":{"allow":["GET"]}}],"collection":[{"href":"http:\/\/revistalaneta.com.mx\/index.php?rest_route=\/wp\/v2\/posts"}],"about":[{"href":"http:\/\/revistalaneta.com.mx\/index.php?rest_route=\/wp\/v2\/types\/post"}],"author":[{"embeddable":true,"href":"http:\/\/revistalaneta.com.mx\/index.php?rest_route=\/wp\/v2\/users\/1"}],"replies":[{"embeddable":true,"href":"http:\/\/revistalaneta.com.mx\/index.php?rest_route=%2Fwp%2Fv2%2Fcomments&post=12797"}],"version-history":[{"count":1,"href":"http:\/\/revistalaneta.com.mx\/index.php?rest_route=\/wp\/v2\/posts\/12797\/revisions"}],"predecessor-version":[{"id":12798,"href":"http:\/\/revistalaneta.com.mx\/index.php?rest_route=\/wp\/v2\/posts\/12797\/revisions\/12798"}],"wp:featuredmedia":[{"embeddable":true,"href":"http:\/\/revistalaneta.com.mx\/index.php?rest_route=\/wp\/v2\/media\/12796"}],"wp:attachment":[{"href":"http:\/\/revistalaneta.com.mx\/index.php?rest_route=%2Fwp%2Fv2%2Fmedia&parent=12797"}],"wp:term":[{"taxonomy":"category","embeddable":true,"href":"http:\/\/revistalaneta.com.mx\/index.php?rest_route=%2Fwp%2Fv2%2Fcategories&post=12797"},{"taxonomy":"post_tag","embeddable":true,"href":"http:\/\/revistalaneta.com.mx\/index.php?rest_route=%2Fwp%2Fv2%2Ftags&post=12797"}],"curies":[{"name":"wp","href":"https:\/\/api.w.org\/{rel}","templated":true}]}}