{"id":12812,"date":"2024-06-07T13:15:09","date_gmt":"2024-06-07T13:15:09","guid":{"rendered":"http:\/\/revistalaneta.com.mx\/?p=12812"},"modified":"2024-06-07T13:15:09","modified_gmt":"2024-06-07T13:15:09","slug":"invita-dif-tamaulipas-a-participar-en-la-consulta-me-escuchas-2024","status":"publish","type":"post","link":"http:\/\/revistalaneta.com.mx\/?p=12812","title":{"rendered":"Invita DIF Tamaulipas a participar en la consulta \u00bfMe escuchas? 2024"},"content":{"rendered":"\n<p><\/p>\n\n\n\n<ul class=\"wp-block-list\">\n<li>En esta iniciativa del Sistema Nacional DIF pueden participar ni\u00f1as, ni\u00f1os y adolescentes de todo el estado<\/li>\n<\/ul>\n\n\n\n<p>Ciudad Victoria, Tamps. &#8211; Con el lema \u201cNuestra opini\u00f3n suma a la acci\u00f3n\u201d, el Sistema para el Desarrollo Integral de la Familia de Tamaulipas, que preside la doctora Mar\u00eda de Villarreal, est\u00e1 invitando a las ni\u00f1as, ni\u00f1os y adolescentes que tengan entre 3 y 17 a\u00f1os de edad para que participen en la consulta nacional \u00bfMe escuchas? 2024.<\/p>\n\n\n\n<p>Dicha consulta estar\u00e1 vigente a partir del 8 de junio al 14 de julio del a\u00f1o en curso, y los interesados podr\u00e1n ingresar a trav\u00e9s de la p\u00e1gina https:\/\/meescuchas.dif.gob.mx en donde encontrar\u00e1n temas acordes a su edad y adem\u00e1s podr\u00e1n manifestar sus ideas por medio de dibujos y contestando con sus propias palabras a preguntas como: \u00bfQu\u00e9 te hace feliz? \u00bfQu\u00e9 haces para navegar por internet? \u00bfQu\u00e9 significa la paz para ti? Entre otras m\u00e1s.<\/p>\n\n\n\n<p>Con esta actividad se promueve adem\u00e1s la Ley General de los Derechos de las Ni\u00f1as, Ni\u00f1os y Adolescentes, as\u00ed como su difusi\u00f3n que permita aplicarlos en la vida cotidiana con responsabilidad, compromiso y humanismo en Tamaulipas y en todo el pa\u00eds.<code> * * *<\/code><\/p>\n","protected":false},"excerpt":{"rendered":"<p>Ciudad Victoria, Tamps. &#8211; Con el lema \u201cNuestra opini\u00f3n suma a la acci\u00f3n\u201d, el Sistema para el Desarrollo Integral de la Familia de Tamaulipas, que preside la doctora Mar\u00eda de &hellip; <a href=\"http:\/\/revistalaneta.com.mx\/?p=12812\" class=\"more-link\">Leer m\u00e1s<\/a><\/p>\n","protected":false},"author":1,"featured_media":12811,"comment_status":"open","ping_status":"open","sticky":false,"template":"","format":"standard","meta":{"footnotes":""},"categories":[7],"tags":[],"class_list":["post-12812","post","type-post","status-publish","format-standard","has-post-thumbnail","hentry","category-ciudad-victoria","entry"],"_links":{"self":[{"href":"http:\/\/revistalaneta.com.mx\/index.php?rest_route=\/wp\/v2\/posts\/12812","targetHints":{"allow":["GET"]}}],"collection":[{"href":"http:\/\/revistalaneta.com.mx\/index.php?rest_route=\/wp\/v2\/posts"}],"about":[{"href":"http:\/\/revistalaneta.com.mx\/index.php?rest_route=\/wp\/v2\/types\/post"}],"author":[{"embeddable":true,"href":"http:\/\/revistalaneta.com.mx\/index.php?rest_route=\/wp\/v2\/users\/1"}],"replies":[{"embeddable":true,"href":"http:\/\/revistalaneta.com.mx\/index.php?rest_route=%2Fwp%2Fv2%2Fcomments&post=12812"}],"version-history":[{"count":1,"href":"http:\/\/revistalaneta.com.mx\/index.php?rest_route=\/wp\/v2\/posts\/12812\/revisions"}],"predecessor-version":[{"id":12813,"href":"http:\/\/revistalaneta.com.mx\/index.php?rest_route=\/wp\/v2\/posts\/12812\/revisions\/12813"}],"wp:featuredmedia":[{"embeddable":true,"href":"http:\/\/revistalaneta.com.mx\/index.php?rest_route=\/wp\/v2\/media\/12811"}],"wp:attachment":[{"href":"http:\/\/revistalaneta.com.mx\/index.php?rest_route=%2Fwp%2Fv2%2Fmedia&parent=12812"}],"wp:term":[{"taxonomy":"category","embeddable":true,"href":"http:\/\/revistalaneta.com.mx\/index.php?rest_route=%2Fwp%2Fv2%2Fcategories&post=12812"},{"taxonomy":"post_tag","embeddable":true,"href":"http:\/\/revistalaneta.com.mx\/index.php?rest_route=%2Fwp%2Fv2%2Ftags&post=12812"}],"curies":[{"name":"wp","href":"https:\/\/api.w.org\/{rel}","templated":true}]}}