{"id":12826,"date":"2024-06-07T13:22:20","date_gmt":"2024-06-07T13:22:20","guid":{"rendered":"http:\/\/revistalaneta.com.mx\/?p=12826"},"modified":"2024-06-07T13:22:20","modified_gmt":"2024-06-07T13:22:20","slug":"a-proposito-de-la-libertad-de-prensa","status":"publish","type":"post","link":"http:\/\/revistalaneta.com.mx\/?p=12826","title":{"rendered":"A PROP\u00d3SITO DE LA LIBERTAD DE PRENSA"},"content":{"rendered":"\n<p class=\"MsoNormal\"><\/p>\n\n\n\n<p>&#8211; \u00bfC\u00f3mo naci\u00f3 el festejo?<\/p>\n\n\n\n<p>&#8211; El gobierno contra los adversarios<\/p>\n\n\n\n<p>&#8211; Los santones del periodismo<\/p>\n\n\n\n<p class=\"MsoNormal\">&nbsp;<\/p>\n\n\n\n<p>Tiempo de opinar<\/p>\n\n\n\n<p>Ra\u00fal Hern\u00e1ndez Moreno<\/p>\n\n\n\n<p>Es el 7 de junio de 1951.&nbsp; Los empresarios de la prensa nacional le ofrecen un homenaje al presidente Miguel Alem\u00e1n, en el restaurante Grill\u00f3n, de la Ciudad de M\u00e9xico. La comida, en la que participan 128 directores y gerentes de diarios y revistas de la capital y de todo el pa\u00eds, tiene como prop\u00f3sito festejar al presidente por posibilitar el ejercicio de la libertad de prensa.<\/p>\n\n\n\n<p>El men\u00fa que se sirve es exquisito:<\/p>\n\n\n\n<p>-H\u00edgados de ganso con jalea de champa\u00f1a<\/p>\n\n\n\n<p>-Huevos rellenos de caviar ruso<\/p>\n\n\n\n<p>-Langosta a la americana<\/p>\n\n\n\n<p>-Arroz a la criolla<\/p>\n\n\n\n<p>-Timba de jam\u00f3n de York a la florentina<\/p>\n\n\n\n<p>-Pato en salsa de Curazao<\/p>\n\n\n\n<p>-Crepas de cajeta de almendras<\/p>\n\n\n\n<p>-Vinos Chabilis 1946, champa\u00f1a Charles Heidesek<\/p>\n\n\n\n<p>La reuni\u00f3n, promovida por el coronel Jos\u00e9 Garc\u00eda Valseca due\u00f1o de la Cadena de los Soles y el escritor Martin Luis Guzm\u00e1n, director de la revista Tiempo, gusto tanto que al siguiente a\u00f1o se repiti\u00f3 y el gobierno instituy\u00f3 el d\u00eda de la Libertad de Expresi\u00f3n, tambi\u00e9n con puro general de los medios, due\u00f1os, pues.<\/p>\n\n\n\n<p>El ejercicio de la libertad de expresi\u00f3n en M\u00e9xico siempre ha estado en manos de los due\u00f1os de los medios de comunicaci\u00f3n. Eran y son los due\u00f1os, los que determinan que se publica y se da a conocer, en funci\u00f3n de sus intereses con el gobierno y con las empresas comerciales.<\/p>\n\n\n\n<p>Que nadie se espante. As\u00ed era y as\u00ed es la libertad de expresi\u00f3n. Hab\u00eda en Nuevo Laredo un editor, Ruperto Villarreal, que cuando un periodista escrib\u00eda en contra de sus amigos, lo reprend\u00eda y le dec\u00eda: \u201cCuando quieras atacar a mis amigos, pon t\u00fa propio peri\u00f3dico\u201d.<\/p>\n\n\n\n<p>Con la llegada de las redes sociales se acab\u00f3 el monopolio de la libertad de expresi\u00f3n que ejerc\u00edan los due\u00f1os de peri\u00f3dicos, revistas, radio y televisi\u00f3n.&nbsp; Las redes fueron un nicho de oportunidades, pero tambi\u00e9n degener\u00f3 en libertinaje, pues de firmar los art\u00edculos se pas\u00f3 al anonimato y en lugar de la cr\u00edtica sustentada, generalmente se recurre a la denostaci\u00f3n y a la descalificaci\u00f3n.<\/p>\n\n\n\n<p>Aliados y c\u00f3mplices del gobierno, no todo siempre fue miel sobre hojuelas para los due\u00f1os de los medios.&nbsp; El menor descuido, los llev\u00f3 al enfrentamiento directo con el gobierno y el fin de su suerte.<\/p>\n\n\n\n<p>As\u00ed, el 23 de junio de 1966, el peri\u00f3dico El Heraldo de M\u00e9xico se equivoc\u00f3 en los pies de grabado de dos fotos. En una aparec\u00eda el rostro del presidente Gustavo D\u00edaz Ordaz y en el otro, dos changos reci\u00e9n llegados al zool\u00f3gico de Chapultepec. La leyenda sobre los changos apareci\u00f3 bajo la foto del presidente y la de D\u00edaz Ordaz abajo de la de los changos.<\/p>\n\n\n\n<p>D\u00edaz Ordaz se indign\u00f3 y orden\u00f3 retirar la propaganda a El Heraldo y el 3 de agosto el rotativo anunci\u00f3 su cierre y denunci\u00f3 que el presidente no perdon\u00f3 un error de imprenta.<\/p>\n\n\n\n<p>Si bien es cierto que el coronel Garc\u00eda Valseca fue el promotor de la primera comida que dio lugar a la creaci\u00f3n del D\u00eda de la Libertad de Prensa, en la d\u00e9cada de los setentas tuvo que enfrentar el enojo y la furia del presidente Luis Echeverr\u00eda, molesto contra la cadena Garc\u00eda Valseca, que publicaba los Soles, en 37 ciudades, porque se cargaba a la derecha.<\/p>\n\n\n\n<p>Con el pretexto de una deuda millonaria con el gobierno, Echeverr\u00eda orden\u00f3 incautar los 37 peri\u00f3dicos y se neg\u00f3 a ampliar el plazo para el pago de la deuda u otorgar un nuevo cr\u00e9dito.<\/p>\n\n\n\n<p>Garc\u00eda Valseca recurri\u00f3 al empresario regiomontano Eugenio Garza Sada, fundador del Instituto Tecnol\u00f3gico de Estudios Superiores de Monterrey, que estuvo de acuerdo en cubrir la deuda, a cambio de que los Soles fueran cr\u00edticos con el gobierno populista de Echeverr\u00eda. Para su mala suerte, un comando guerrillero, en el que participaron varios neolaredenses, -entre ellos el ferrocarrilero Javier Rodr\u00edguez, que falleci\u00f3 durante el atentado y Heladio Ju\u00e1rez Garc\u00eda que desapareci\u00f3 para siempre. Tambi\u00e9n se involucr\u00f3 y encarcel\u00f3 al maestro Crescencio Gloria Mart\u00ednez-&nbsp; &nbsp;lo asesin\u00f3 en septiembre de 1973, una semana antes de que se concretara el pago de la deuda y la Cadena de los Soles pas\u00f3 a ser propiedad del gobierno que luego se la vendi\u00f3 al empresario Mario V\u00e1zquez Ra\u00f1a y siempre se especul\u00f3 que el verdadero due\u00f1o era Echeverr\u00eda.<\/p>\n\n\n\n<p>Tres a\u00f1os m\u00e1s tarde, Echeverr\u00eda enfoc\u00f3 sus bater\u00edas para aniquilar al periodista y director de Exc\u00e9lsior, Julio Scherer Garc\u00eda, molesto porque desde las p\u00e1ginas del diario se cuestionaba la actuaci\u00f3n del presidente.&nbsp; Un grupo de agitadores invadi\u00f3 terrenos de la cooperativa, en una acci\u00f3n orquestada por el gobierno, y surgi\u00f3 un grupo de cooperativistas adversario al de Scherer. Adicionalmente, se cancel\u00f3 la propaganda al rotativo y el 8 de julio, Scherer, escritores y periodistas abandonaron las instalaciones y en el mes de noviembre fundaron la revista Proceso.<\/p>\n\n\n\n<p>Proceso naci\u00f3 como una revista intensamente cr\u00edtica con el gobierno en turno.&nbsp; En 1982, el presidente Jos\u00e9 L\u00f3pez Portillo promovi\u00f3 un boicot publicitario contra la revista, en la que particip\u00f3 el gobierno y el sector privado.&nbsp; Jolopo estaba indignado porque Proceso exhibi\u00f3 los excesos de Jorge D\u00edaz Serrano en Pemex; la corrupci\u00f3n de Arturo El Negro Durazo en la polic\u00eda capitalina, a quien L\u00f3pez Portillo hizo general, sin ser militar; exhibi\u00f3 el regalo de Colina del Perro; los amor\u00edos del presidente y Rosa Luz Alegr\u00eda, a quien el presidente hizo Secretaria de Turismo.<\/p>\n\n\n\n<p>En junio de 1982, el periodista Francisco Mart\u00ednez de la Vega, alz\u00f3 la voz, en pleno festejo de la Libertad de Expresi\u00f3n, por el acoso al semanario y Jolopo respondi\u00f3 que \u201cno pago para que me pegues\u201d y mantuvo el boicot a la revista. El sexenio de L\u00f3pez Portillo termin\u00f3 y Proceso sigui\u00f3 vivo.<\/p>\n\n\n\n<p>En septiembre de 1974, el gobierno Echeverrista acab\u00f3 con la revista \u00bfPor qu\u00e9?, propiedad de Mario Men\u00e9ndez Rodr\u00edguez, amigo de guerrilleros en M\u00e9xico y en Latinoam\u00e9rica, incluyendo a Fidel Castro, lo que le permiti\u00f3 conseguir entrevistas exclusivas, entre ellas una con Genaro V\u00e1zquez y otras con Lucio Caba\u00f1as. El gobierno tomaba estas entrevistas con mucho enojo. Estaba convencido que la guerrilla financiaba a la revista, pues el resto de la prensa presentaba a los guerrilleros como asesinos y ladrones, para demeritar el movimiento armado. Obviamente lo&nbsp; hac\u00eda a cambio de&nbsp; la contrataci\u00f3n de espacios&nbsp; publicitarios muy bien cotizados.<\/p>\n\n\n\n<p>En septiembre del 74, sicarios del gobierno asaltaron las instalaciones de la revista y la destruyeron. Adicionalmente, las fuerzas policiacas detuvieron a directivos, colaboradores y prensistas y se los llevaron al Campo Militar N\u00famero Uno, donde fueron torturados y liberados despu\u00e9s. \u00bfPor qu\u00e9?, estaba liquidada.<\/p>\n\n\n\n<p>La complicidad de los due\u00f1os de los medios de comunicaci\u00f3n con los gobiernos en turno, provoc\u00f3 que, durante las grandes manifestaciones de estudiantes universitarios en 1968, surgiera el grito de \u201cPrensa vendida\u201d. Los j\u00f3venes corearon esa frase una y otra vez, cada vez que pasaban frente al edificio de alguna casa editorial. Y como desconfiaban de casi todos los medios, recurrieron a las pintas en bardas y camiones &nbsp;y a mensajes reproducidos en mime\u00f3grafos para dar a conocer sus demandas. El movimiento estudiantil no necesito a la prensa que estaba aliada al gobierno, en su mayor\u00eda.<\/p>\n\n\n\n<p>Cuando el gobierno decidi\u00f3 acribillar y asesinar a los j\u00f3venes, el 2 de octubre de 1968, fue la prensa internacional la que ofreci\u00f3 las mejores cr\u00f3nicas sobre la matanza. Una de las narradoras fue la periodista italiana Oriana Fallaci, que result\u00f3 lesionada, mientras cubr\u00eda la informaci\u00f3n.<\/p>\n\n\n\n<p>El periodista Jacobo Zabludovsky apareci\u00f3 en su noticiero 24 Horas, vistiendo traje y corbata negra, lo que le vali\u00f3 una llamada de atenci\u00f3n del gobierno federal y \u00e9l tuvo que explicar que no estaba vistiendo de luto por la matanza: as\u00ed aparec\u00eda en el noticiero toda la vida, solo que D\u00edaz Ordaz se \u201cconfundi\u00f3\u201d, en su enojo.<\/p>\n\n\n\n<p>LOS SANTONES DEL PERIODISMO<\/p>\n\n\n\n<p>Si bien es cierto que a Carlos Denegri se le ha calificado como el mejor periodista de M\u00e9xico en el siglo 20, en la d\u00e9cada de los a\u00f1os cuarenta tuvo su mejor competencia con Luis Spota. En esos a\u00f1os, Spota era reportero en Exc\u00e9lsior y durante 43 d\u00edas continuos obtuvo la nota de ocho columnas. Adem\u00e1s, en un solo d\u00eda, public\u00f3 10 notas suyas en la portada.<\/p>\n\n\n\n<p>Spota era tenaz, acucioso, iba al fondo de los temas que le ocupaban. Fue \u00e9l quien en 1948 descubri\u00f3 la identidad del escritor Bruno Traven, quien viv\u00eda temporadas en la Ciudad de M\u00e9xico, Acapulco y Chiapas. Era un an\u00f3nimo ultra famoso, autor de novelas como Macario, El Tesoro de la Sierra Madre, La Rebeli\u00f3n de los Colgados, Canasta de Cuentos Mexicanos, entre otros. Algunos de estos libros fueron llevados al cine mexicano y al de Estados Unidos, con gran \u00e9xito.<\/p>\n\n\n\n<p>Traven era reservado y en su vida diaria usaba diversos nombres para mantenerse oculto. En 1948, Spota descubri\u00f3 su identidad, con foto de por medio, en un art\u00edculo para el semanario Ma\u00f1ana. Por supuesto, Traven sali\u00f3 a desmentir y no fue sino hasta su muerte, en 1969, cuando se supo su identidad. Su traductora al espa\u00f1ol era Esperanza L\u00f3pez Mateos, hermana del presidente Adolfo L\u00f3pez Mateos y durante alg\u00fan tiempo hubo quien manej\u00f3 la versi\u00f3n de que Esperanza era Bruno Traven.<\/p>\n\n\n\n<p>Spota abandon\u00f3 el periodismo y se convirti\u00f3 en escritor. Es autor de casi 30 libros, entre los que se encuentra La Plaza, novela en la que justifica la actuaci\u00f3n del gobierno en la matanza del dos de octubre. Ya era exitoso, pero cobraba una iguala de seis mil pesos mensuales del gobierno federal, durante el sexenio de D\u00edaz Ordaz.<\/p>\n\n\n\n<p>En la d\u00e9cada de los sesentas, Manuel Buend\u00eda era el director del peri\u00f3dico La Prensa, que en esos d\u00edas era de los que m\u00e1s se vend\u00edan en la capital del pa\u00eds.&nbsp; Un d\u00eda mand\u00f3 llamar a Eduardo del R\u00edo, un monero que con el paso de los a\u00f1os se har\u00eda archi famoso y conocido por el sobrenombre de Rius.<\/p>\n\n\n\n<p>Rius se present\u00f3 ante Buend\u00eda que seco le notific\u00f3 que estaba despedido y deb\u00eda pasar a la caja para recibir su liquidaci\u00f3n, \u00e9l quiso saber por qu\u00e9, Buend\u00eda le contest\u00f3 que pasara por su liquidaci\u00f3n y no le hiciera perder el tiempo. Rius sigui\u00f3 con su curiosidad, Buend\u00eda sac\u00f3 una pistola de un caj\u00f3n de su escritorio y la puso encima.<\/p>\n\n\n\n<p>Rius respondi\u00f3: \u201cYa entend\u00ed\u201d, se dio media vuelta y se retir\u00f3.<\/p>\n\n\n\n<p>En 1969, mientras esperaba el cami\u00f3n para ir a su casa, un veh\u00edculo se detuvo frente al monero Rius. Varios hombres descendieron y pistola en mano lo obligaron a subir a la unidad. Enfilaron afuera de la ciudad, pararon en un paraje, lo bajaron y luego le dieron una pala orden\u00e1ndole que abriera una zanja porque lo iban a matar y esa ser\u00eda su tumba.<\/p>\n\n\n\n<p>\u00c9l suplic\u00f3 por su vida y le dijeron que su muerte era una orden del presidente Diaz Ordaz por criticarlo con sus dibujos. Pero sus ruegos dieron resultado. Le ordenaron subir al veh\u00edculo y lo regresaron a la ciudad, no sin que antes uno de los sicarios le pidiera un aut\u00f3grafo.<\/p>\n\n\n\n<p>A\u00f1os despu\u00e9s, el 30 de mayo de 1984, Manuel Buend\u00eda fue ejecutado en calles de la Ciudad de M\u00e9xico. Muri\u00f3 en aires de santidad y en su cuerpo llevaba una pistola -no se sabe si fue la misma con la que amedrent\u00f3 a Rius- que no alcanz\u00f3 a sacar para hacer frente a su asesino.<\/p>\n\n\n\n<p>Por esos d\u00edas, Buend\u00eda publicaba su columna \u201cRed Privada\u201d, en la parte baja, del lado izquierdo, de la portada de Exc\u00e9lsior y junto con la de \u201cLos intocables\u201d, de Jos\u00e9 Luis Mej\u00eda, que se publicaba en la parte baja, lado derecho, en la misma portada y eran los columnistas m\u00e1s le\u00eddos en el pa\u00eds.<\/p>\n\n\n\n<p>Buend\u00eda fue de los primeros periodistas en abordar el tema del narcotr\u00e1fico y siempre se ha dicho que pose\u00eda informaci\u00f3n de que funcionarios de primer nivel del gobierno federal estaban coludidos con los narcos, que estaba a punto de publicarlo y eso fue lo que provoc\u00f3 su muerte.<\/p>\n\n\n\n<p>A Jos\u00e9 Luis Mej\u00eda, D\u00edaz Ordaz le regal\u00f3 una gasolinera para que tuviera una vida desahogada y no tuviera necesidad de aceptar d\u00e1divas a cambio de escribir a favor o en contra de alguien.<\/p>\n\n\n\n<p>Tanto Buend\u00eda como Mej\u00eda colaboraron en el Exc\u00e9lsior que dirigi\u00f3 Regino D\u00edaz Redondo, luego del golpe que retir\u00f3 de la direcci\u00f3n a Julio Scherer. D\u00edaz Redondo dirigi\u00f3 el peri\u00f3dico durante dos d\u00e9cadas y aprovech\u00f3 su cercan\u00eda con el gobierno para que le ayudaran a pactar entrevistas con unos 100 presidentes y jefes de estado de cuatro continentes. Fue un trabajo tit\u00e1nico. Hoy estaba con el presidente de Colombia y la entrevista se publicaba al d\u00eda siguiente, en portada, con pase a interiores, en p\u00e1gina completa, y ese mismo d\u00eda estaba con el presidente de Venezuela.<\/p>\n\n\n\n<p>D\u00edaz Redondo, por cierto, trabajo brevemente, en el peri\u00f3dico El Ma\u00f1ana de Nuevo Laredo y de aqu\u00ed viaj\u00f3 a Nueva York.<\/p>\n\n\n\n<p>En estas breves l\u00edneas no podemos dejar de mencionar al m\u00edtico Julio Scherer, director de Excelsior de 1968 a 1976 y despu\u00e9s fundador y director de la revista Proceso.<\/p>\n\n\n\n<p>Durante d\u00e9cadas Proceso se caracteriz\u00f3 por ejercer un periodismo, como ellos mismos dec\u00edan, sin concesiones ante el poder. Lo mismo criticaban a los pol\u00edticos que a los empresarios, al clero, a los deportistas, a los intelectuales, a los artistas. Nadie escap\u00f3 de su mirada cr\u00edtica. A todos los presidentes en turno los exhibi\u00f3 en su momento, incluyendo a Andr\u00e9s Manuel L\u00f3pez Obrador que de ser respetuoso en los tiempos en que se criticaba a sus antecesores, cuando le toc\u00f3 su turno, la llam\u00f3 \u201cpasqu\u00edn\u201d.<\/p>\n\n\n\n<p>La lectura de Proceso fue obligada durante varias d\u00e9cadas. Scherer se convirti\u00f3 en una de las vacas sagradas del periodismo y pocos se atrevieron a cuestionarlo en vida, entre ellos el veracruzano Manuel Mejido y San Juana Mart\u00ednez, sepulturera de la agencia de noticias Notimex.<\/p>\n\n\n\n<p>Scherer realiz\u00f3 entrevistas y escribi\u00f3 una veintena de libros, en ese estilo sobrio, conciso, con juicios contundentes. Ah\u00ed est\u00e1n \u201cEl indio que mat\u00f3 al padre Pro\u201d, sobre el c\u00e9lebre jefe policiaco Roberto Cruz y el cura Agust\u00edn Pro, acusado de estar involucrado en un frustrado atentado al general \u00c1lvaro Obreg\u00f3n. Igual de interesante son sus entrevistas al muralista David Alfaro Siqueiros, en la c\u00e1rcel de Lecumberri.<\/p>\n\n\n\n<p>Junto con Carlos Monsiv\u00e1is, Scherer escribi\u00f3 \u201cParte de Guerra\u201d, en el que abordan pasajes de la guerra sucia en las d\u00e9cadas de&nbsp; &nbsp;Echeverr\u00eda y L\u00f3pez Portillo en donde pint\u00f3 al guerrillero David Jim\u00e9nez Sarmiento, m\u00e1ximo l\u00edder de la Liga Comunista 23 de Septiembre, como un hombre cruel y despiadado, asesino y ladr\u00f3n que asaltaba bancos y negocios para quedarse con el dinero, no para ponerlo a disposici\u00f3n del movimiento.<\/p>\n\n\n\n<p>Un nutrido grupo de ex guerrilleros protest\u00f3, mediante una carta que enviaron a la revista Proceso, pero Scherer se mantuvo en sus dichos y se\u00f1al\u00f3 que sus juicios eran el resultado de los informes oficiales.&nbsp; Y es cierto: Jim\u00e9nez Sarmiento entraba a los restaurantes en los que hab\u00eda polic\u00edas comiendo y los mataba por la espalda.<\/p>\n","protected":false},"excerpt":{"rendered":"<p>&#8211; \u00bfC\u00f3mo naci\u00f3 el festejo? &#8211; El gobierno contra los adversarios &#8211; Los santones del periodismo &nbsp; Tiempo de opinar Ra\u00fal Hern\u00e1ndez Moreno Es el 7 de junio de 1951.&nbsp; &hellip; <a href=\"http:\/\/revistalaneta.com.mx\/?p=12826\" class=\"more-link\">Leer m\u00e1s<\/a><\/p>\n","protected":false},"author":1,"featured_media":12825,"comment_status":"open","ping_status":"open","sticky":false,"template":"","format":"standard","meta":{"footnotes":""},"categories":[2,3],"tags":[],"class_list":["post-12826","post","type-post","status-publish","format-standard","has-post-thumbnail","hentry","category-chismorreo","category-opinion","entry"],"_links":{"self":[{"href":"http:\/\/revistalaneta.com.mx\/index.php?rest_route=\/wp\/v2\/posts\/12826","targetHints":{"allow":["GET"]}}],"collection":[{"href":"http:\/\/revistalaneta.com.mx\/index.php?rest_route=\/wp\/v2\/posts"}],"about":[{"href":"http:\/\/revistalaneta.com.mx\/index.php?rest_route=\/wp\/v2\/types\/post"}],"author":[{"embeddable":true,"href":"http:\/\/revistalaneta.com.mx\/index.php?rest_route=\/wp\/v2\/users\/1"}],"replies":[{"embeddable":true,"href":"http:\/\/revistalaneta.com.mx\/index.php?rest_route=%2Fwp%2Fv2%2Fcomments&post=12826"}],"version-history":[{"count":1,"href":"http:\/\/revistalaneta.com.mx\/index.php?rest_route=\/wp\/v2\/posts\/12826\/revisions"}],"predecessor-version":[{"id":12827,"href":"http:\/\/revistalaneta.com.mx\/index.php?rest_route=\/wp\/v2\/posts\/12826\/revisions\/12827"}],"wp:featuredmedia":[{"embeddable":true,"href":"http:\/\/revistalaneta.com.mx\/index.php?rest_route=\/wp\/v2\/media\/12825"}],"wp:attachment":[{"href":"http:\/\/revistalaneta.com.mx\/index.php?rest_route=%2Fwp%2Fv2%2Fmedia&parent=12826"}],"wp:term":[{"taxonomy":"category","embeddable":true,"href":"http:\/\/revistalaneta.com.mx\/index.php?rest_route=%2Fwp%2Fv2%2Fcategories&post=12826"},{"taxonomy":"post_tag","embeddable":true,"href":"http:\/\/revistalaneta.com.mx\/index.php?rest_route=%2Fwp%2Fv2%2Ftags&post=12826"}],"curies":[{"name":"wp","href":"https:\/\/api.w.org\/{rel}","templated":true}]}}