{"id":12829,"date":"2024-06-07T13:23:04","date_gmt":"2024-06-07T13:23:04","guid":{"rendered":"http:\/\/revistalaneta.com.mx\/?p=12829"},"modified":"2024-06-07T13:23:04","modified_gmt":"2024-06-07T13:23:04","slug":"ponen-en-marcha-la-clinica-es-nuestra-en-tamaulipas","status":"publish","type":"post","link":"http:\/\/revistalaneta.com.mx\/?p=12829","title":{"rendered":"PONEN EN MARCHA \u201cLA CL\u00cdNICA ES NUESTRA\u201d EN TAMAULIPAS"},"content":{"rendered":"\n<p><br>En una significativa ceremonia encabezada por el presidente Andr\u00e9s Manuel L\u00f3pez Obrador, y transmitida a trav\u00e9s de la conferencia \u201cma\u00f1anera\u201d, el gobernador Am\u00e9rico Villarreal Anaya hizo entrega de apoyos econ\u00f3micos destinados a establecer en la entidad el programa \u201cLa Cl\u00ednica es Nuestra\u201d, con lo cual se esperan mejorar los servicios de salud que se brindan a los tamaulipecos. Desde Ciudad Victoria el mandatario estatal tom\u00f3 parte en la conferencia \u201cma\u00f1anera\u201d y anunci\u00f3 que en Tamaulipas 400 centros de salud se han incorporado al referido programa con sus respectivos comit\u00e9s ciudadanos ya conformados, y de los cuales 269 contar\u00e1n con un consultorio, 85 con dos consultorios, 20 de tres a cinco consultorios, 26 con seis o m\u00e1s consultorios y algunos con servicios ampliados. Entre los representantes de esos comit\u00e9s se van a entregar conjuntamente 209 millones de pesos. Al respecto el gobernador agradeci\u00f3 el respaldo del presidente, quien por su parte se dijo satisfecho con los avances del programa en Tamaulipas.<\/p>\n\n\n\n<p>TRAER\u00c1N A TAMAULIPAS PLANTAS DE DESALINIZACI\u00d3N DE AGUA<br \/>Dentro se los compromisos del gobernador Am\u00e9rico Villarreal Anaya por brindar m\u00e1s y mejores servicios a los tamaulipecos, este jueves hubo una importante reuni\u00f3n en la cual el mandatario estatal anunci\u00f3 la instalaci\u00f3n de plantas desalinizadoras para enfrentar la escasez de agua en el sur de Tamaulipas. Al respecto el mandatario estatal garantiz\u00f3 todas las facilidades para la instalaci\u00f3n y puesta en marcha, lo antes posible, de tres plantas desalinizadoras, y de la cual se recibir\u00e1 en esto d\u00edas la primera procedente de Dub\u00e1i, y para lo cual se gestionar\u00e1n ante las autoridades federales los permisos necesarios emergentes para que entre en operaci\u00f3n lo antes posible y contribuir en apoyo a la comunidad. Bien por ello.<\/p>\n\n\n\n<p>SOLO DOS \u201cPLURIS\u201d TENDR\u00cdA MORENA<br \/>De confirmarse el triunfo del Movimiento de Regeneraci\u00f3n Nacional (MORENA) en 20 de los 22 distritos electorales locales de Tamaulipas, dicho partido solo tendr\u00e1 derecho a dos diputaciones de representaci\u00f3n proporcional, que recaer\u00e1n en las personas del actual diputado local Armando Zertuche Zuani y la actual dirigente de ese mismo partido, Yuriria Iturbe V\u00e1zquez. Y es que hasta el momento, y dados los resultados preliminares, MORENA obtuvo 20 de las 22 diputaciones locales disputadas en las urnas el pasado domingo, esto en conjunto con sus aliados del Partido del Trabajo (PT) y el Partido Verde Ecologista de M\u00e9xico (PVEM), pero acreditables de una u otra forma al partido guinda. Y dado a que la ley marca que ning\u00fan partido pol\u00edtico podr\u00e1 tener m\u00e1s de 22 diputados locales por ambos principios, es decir el de mayor\u00eda relativa, y el de representaci\u00f3n proporcional, es entonces que de mantenerse los resultados, MORENA solo alcanzar\u00eda dos diputados de su lista de representaci\u00f3n proporcional. Pero si a esto la sumamos los diputados \u201cpluris\u201d que van a tener el PT y el PVEM, la 4T estar\u00eda consiguiendo la mayor\u00eda calificada en el Congreso del Estado, lo que permitir\u00e1 los anhelados cambios de la administraci\u00f3n estatal. Sea pues.<\/p>\n\n\n\n<p>NO PASAN LOS CAMIONES DE BASURA<br \/>Ya son muchos los reportes ciudadanos en sentido de que no est\u00e1n pasando como es debido los camiones de basura por las calles de Nuevo Laredo, sin que hasta el momento los directivos de la empresa Veolia, que son los que ofrecen este servicio, o bien el propio Gobierno Municipal de Nuevo Laredo, que es quien tiene contratada a la referida compa\u00f1\u00eda, den a conocer las causas de estos. Y no es tanto que se est\u00e9 suspendiendo el servicio, pues el personal de Veolia sigue trabajando, el caso es que se supone que los camiones deben pasar determinados d\u00edas, y eso es lo que no sucede, pues pasan otros d\u00edas, o en ocasiones hasta la siguiente semana, acumul\u00e1ndose la basura, y sobre todo gener\u00e1ndose tiradero de la misma, pues nunca faltan los perros callejeros (que de hecho son muchos los que hay) que tiran los botes en busca de comida, y luego esa basura queda regada por doquier y hasta las redes de drenaje va a dar, con los consabidos problemas cuando llueve. Por eso es importante que el servicio de basura se brinde como es debido.<\/p>\n\n\n\n<p>ENTREGAN CONSTANCIA A SERGIO OJEDA<br \/>Sergio Ojeda Castillo recibi\u00f3 de manos de las autoridades del Consejo Distrital Electoral N\u00famero 3, la constancia de mayor\u00eda que lo acredita como diputado local electo para la Sexag\u00e9sima Legislatura del Congreso del Estado que entrar\u00e1 en funciones a partir del 1 de octubre del a\u00f1o en curso, esto tras oficializarse su triunfo electoral del pasado domingo. El abanderado de MORENA-PT-PVEM se impuso por poco m\u00e1s de nueve mil votos a su m\u00e1s cercano competidor, en este caso H\u00e9ctor Canales Gonz\u00e1lez, candidato del PAN y el PRI.<\/p>\n\n\n\n<p>INVITAN A BAZAR UNE<br \/>Para el pr\u00f3ximo s\u00e1bado 22 de junio se ha programado la edici\u00f3n n\u00famero 34 del Bazar UNE, el cual se realizar\u00e1 en la plaza Zaragoza, frente a la Catedral del Esp\u00edritu Santo, en horario de siete de la tarde a las 11 de la noche. Por lo tanto se convoca a expositores interesados en tomar parte en el mismo, los cuales podr\u00e1n registrarse del 5 al 7 de junio en horario de ocho de la ma\u00f1ana a tres y media de la tarde en el edificio anexo de la Presidencia Municipal. Para tal efecto hay 150 espacios disponibles, que podr\u00e1n ofrecer alimentos, manualidades, ropa, joyer\u00eda, calzado, y dem\u00e1s productos comerciales.<\/p>\n\n\n\n<p>LO \u00daLTIMO<br \/>Este viernes la Asociaci\u00f3n de Periodistas de Nuevo Laredo est\u00e1 celebrando su 54avo aniversario de fundaci\u00f3n, motivo por el cual los miembros de dicho organismo, que preside Jos\u00e9 Luis Vargas Rodr\u00edguez \u201cEl Puma\u201d, llevar\u00e1n a cabo una serie de actividades conmemorativas a tal hecho\u2026 Por cierto que este 7 de junio se conmemora justamente el D\u00eda de la Libertad de Expresi\u00f3n, pero la realidad es que no hay nada que celebrar\u2026 Bajo el objetivo de reforzar la educaci\u00f3n integral de los estudiantes, la Direcci\u00f3n de Educaci\u00f3n y Cultura del Gobierno Municipal de Nuevo Laredo invita a maestros frente a grupos a unos talleres que se llevar\u00e1n a cabo en el Centro Cultural, tanto este viernes 7 de junio, bajo el tema \u201cEstrategias de intervenci\u00f3n en el Desarrollo del ni\u00f1o\u201d y el s\u00e1bado 8, con el tema \u201cEstrategias de intervenci\u00f3n en casa II: Integraci\u00f3n sensorial\u201d. La participaci\u00f3n es gratuita y para mayores informes llamar al 867 711 3505\u2026 Con una producci\u00f3n de 20 mil toneladas anuales en promedio, Tamaulipas ocupa el segundo lugar a nivel nacional en lo que a generaci\u00f3n de carb\u00f3n vegetal se refiere. Digo, un dato que apuntar.<\/p>\n","protected":false},"excerpt":{"rendered":"<p>En una significativa ceremonia encabezada por el presidente Andr\u00e9s Manuel L\u00f3pez Obrador, y transmitida a trav\u00e9s de la conferencia \u201cma\u00f1anera\u201d, el gobernador Am\u00e9rico Villarreal Anaya hizo entrega de apoyos econ\u00f3micos &hellip; <a href=\"http:\/\/revistalaneta.com.mx\/?p=12829\" class=\"more-link\">Leer m\u00e1s<\/a><\/p>\n","protected":false},"author":1,"featured_media":12828,"comment_status":"open","ping_status":"open","sticky":false,"template":"","format":"standard","meta":{"footnotes":""},"categories":[2,3],"tags":[],"class_list":["post-12829","post","type-post","status-publish","format-standard","has-post-thumbnail","hentry","category-chismorreo","category-opinion","entry"],"_links":{"self":[{"href":"http:\/\/revistalaneta.com.mx\/index.php?rest_route=\/wp\/v2\/posts\/12829","targetHints":{"allow":["GET"]}}],"collection":[{"href":"http:\/\/revistalaneta.com.mx\/index.php?rest_route=\/wp\/v2\/posts"}],"about":[{"href":"http:\/\/revistalaneta.com.mx\/index.php?rest_route=\/wp\/v2\/types\/post"}],"author":[{"embeddable":true,"href":"http:\/\/revistalaneta.com.mx\/index.php?rest_route=\/wp\/v2\/users\/1"}],"replies":[{"embeddable":true,"href":"http:\/\/revistalaneta.com.mx\/index.php?rest_route=%2Fwp%2Fv2%2Fcomments&post=12829"}],"version-history":[{"count":1,"href":"http:\/\/revistalaneta.com.mx\/index.php?rest_route=\/wp\/v2\/posts\/12829\/revisions"}],"predecessor-version":[{"id":12830,"href":"http:\/\/revistalaneta.com.mx\/index.php?rest_route=\/wp\/v2\/posts\/12829\/revisions\/12830"}],"wp:featuredmedia":[{"embeddable":true,"href":"http:\/\/revistalaneta.com.mx\/index.php?rest_route=\/wp\/v2\/media\/12828"}],"wp:attachment":[{"href":"http:\/\/revistalaneta.com.mx\/index.php?rest_route=%2Fwp%2Fv2%2Fmedia&parent=12829"}],"wp:term":[{"taxonomy":"category","embeddable":true,"href":"http:\/\/revistalaneta.com.mx\/index.php?rest_route=%2Fwp%2Fv2%2Fcategories&post=12829"},{"taxonomy":"post_tag","embeddable":true,"href":"http:\/\/revistalaneta.com.mx\/index.php?rest_route=%2Fwp%2Fv2%2Ftags&post=12829"}],"curies":[{"name":"wp","href":"https:\/\/api.w.org\/{rel}","templated":true}]}}